{"id":44199568,"date":"2025-03-21T10:27:15","date_gmt":"2025-03-21T09:27:15","guid":{"rendered":"https:\/\/speechi.com\/?p=44199568"},"modified":"2025-05-22T16:15:32","modified_gmt":"2025-05-22T14:15:32","slug":"interaktives-digitales-whiteboard-grundschule-nutzlich-gefahrlich","status":"publish","type":"post","link":"https:\/\/speechi.com\/de\/interaktives-digitales-whiteboard-grundschule-nutzlich-gefahrlich\/","title":{"rendered":"Interaktives digitales Whiteboard in der Grundschule \u2013 n\u00fctzlich oder gef\u00e4hrlich?"},"content":{"rendered":"<p>[et_pb_section fb_built=&#8220;1&#8243; admin_label=&#8220;section&#8220; _builder_version=&#8220;4.16&#8243; custom_padding=&#8220;2px|||||&#8220; global_colors_info=&#8220;{}&#8220; theme_builder_area=&#8220;post_content&#8220;][et_pb_row _builder_version=&#8220;4.27.4&#8243; _module_preset=&#8220;default&#8220; global_colors_info=&#8220;{}&#8220; theme_builder_area=&#8220;post_content&#8220;][et_pb_column type=&#8220;4_4&#8243; _builder_version=&#8220;4.27.4&#8243; _module_preset=&#8220;default&#8220; global_colors_info=&#8220;{}&#8220; theme_builder_area=&#8220;post_content&#8220;][et_pb_text _builder_version=&#8220;4.27.4&#8243; _module_preset=&#8220;default&#8220; global_colors_info=&#8220;{}&#8220; theme_builder_area=&#8220;post_content&#8220;]<\/p>\n<p><b>Es ist eine weitverbreitete Meinung, dass \u201eBildschirme\u201c sch\u00e4dlich f\u00fcr Kinder sind. Angesichts dieser hartn\u00e4ckigen \u00dcberzeugung stehen sowohl Lehrkr\u00e4fte als auch Eltern oft im Zwiespalt zwischen den enormen M\u00f6glichkeiten, die das <\/b><a href=\"https:\/\/speechi.com\/de\/klassenzimmer\/\"><b>interaktive digitale Whiteboard im Unterrich<\/b><\/a><b>t bietet, und dem Wunsch, das Klassenzimmer zu einem heiligen Ort zu machen, der eine digitale Auszeit bietet.<\/b><\/p>\n<p>[\/et_pb_text][et_pb_text _builder_version=&#8220;4.27.4&#8243; _module_preset=&#8220;default&#8220; global_colors_info=&#8220;{}&#8220; theme_builder_area=&#8220;post_content&#8220;]<\/p>\n<p><span style=\"font-weight: 400;\">Aber ist dieser Eindruck von der Gef\u00e4hrlichkeit der<\/span><a href=\"https:\/\/www.reseau-canope.fr\/agence-des-usages\/les-ecrans-un-reel-danger-pour-les-apprentissages-des-eleves.html\"><span style=\"font-weight: 400;\"> \u201eBildschirme\u201c wirklich begr\u00fcndet? Gibt es Studien, die dieses weit verbreitete Gef\u00fchl untermauern?<\/span><\/a><span style=\"font-weight: 400;\"> Wir sind auf den Bericht \u201eBILDSCHIRME: Eine reale Gefahr f\u00fcr das Lernen der Sch\u00fcler?\u201c gesto\u00dfen, ver\u00f6ffentlicht auf der Website von Canop\u00e9 im M\u00e4rz 2024 und verfasst von Dozenten der Universit\u00e4t Franche-Comt\u00e9. Dieser Bericht gibt einen umfassenden \u00dcberblick \u00fcber die Thematik und bringt \u2013 sozusagen \u2013 Klarheit in die Debatte.<\/span><\/p>\n<p>[\/et_pb_text][\/et_pb_column][\/et_pb_row][et_pb_row _builder_version=&#8220;4.27.4&#8243; _module_preset=&#8220;default&#8220; custom_padding=&#8220;0px||0px|||&#8220; global_colors_info=&#8220;{}&#8220; theme_builder_area=&#8220;post_content&#8220;][et_pb_column type=&#8220;4_4&#8243; _builder_version=&#8220;4.27.4&#8243; _module_preset=&#8220;default&#8220; global_colors_info=&#8220;{}&#8220; theme_builder_area=&#8220;post_content&#8220;][et_pb_text _builder_version=&#8220;4.27.4&#8243; _module_preset=&#8220;default&#8220; header_2_font=&#8220;|600|||||||&#8220; global_colors_info=&#8220;{}&#8220; theme_builder_area=&#8220;post_content&#8220;]<\/p>\n<h2>Achtung, ein Bildschirm kann den anderen verdecken\u2026<\/h2>\n<p>[\/et_pb_text][et_pb_text _builder_version=&#8220;4.27.4&#8243; _module_preset=&#8220;default&#8220; global_colors_info=&#8220;{}&#8220; theme_builder_area=&#8220;post_content&#8220;]<\/p>\n<p><span style=\"font-weight: 400;\">Wie auch im erw\u00e4hnten Bericht haben wir bisher bewusst das Wort \u201eBildschirme\u201c in Anf\u00fchrungszeichen gesetzt, denn die oft kritisierten <\/span><b>\u201eBildschirme\u201c verbergen in Wirklichkeit eine gro\u00dfe Vielfalt digitaler Werkzeuge mit sehr unterschiedlichen Einsatzm\u00f6glichkeiten<\/b><span style=\"font-weight: 400;\">. Ist der Einfluss eines Fernsehbildschirms, eines Tablets, eines Smartphones oder einer interaktiven Tafel auf die schulischen Leistungen derselbe? Die Antwort ist h\u00f6chstwahrscheinlich: <\/span><span style=\"font-weight: 400;\">nein<\/span><span style=\"font-weight: 400;\">. <\/span><\/p>\n<p>[\/et_pb_text][et_pb_text _builder_version=&#8220;4.27.4&#8243; _module_preset=&#8220;default&#8220; global_colors_info=&#8220;{}&#8220; theme_builder_area=&#8220;post_content&#8220;]<\/p>\n<p><span style=\"font-weight: 400;\">Die vereinfachte Sprache, mit der man eine Vielzahl digitaler Werkzeuge pauschal unter dem vagen Begriff \u201eBildschirme\u201c zusammenfasst, zeigt letztlich ein Fehlen methodischer und pr\u00e4ziser \u00dcberlegungen. Denn wenn man von \u201eBildschirmen\u201c spricht, ist oft nicht klar, was genau kritisiert wird \u2013 oder warum.<\/span><\/p>\n<p>[\/et_pb_text][et_pb_image src=&#8220;https:\/\/speechi.com\/wp-content\/uploads\/2025\/03\/semaine-deconnexion-eni-speechi-interview-professeur-6.png&#8220; alt=&#8220;Der interaktive digitale Bildschirm im Unterricht&#8220; title_text=&#8220;Der interaktive digitale Bildschirm im Unterricht&#8220; _builder_version=&#8220;4.27.4&#8243; _module_preset=&#8220;default&#8220; global_colors_info=&#8220;{}&#8220; theme_builder_area=&#8220;post_content&#8220;][\/et_pb_image][et_pb_text _builder_version=&#8220;4.27.4&#8243; _module_preset=&#8220;default&#8220; quote_font=&#8220;ABeeZee||||||||&#8220; global_colors_info=&#8220;{}&#8220; theme_builder_area=&#8220;post_content&#8220;]<span style=\"font-weight: 400;\">Deshalb fordert der Bericht mehr methodisches Denken im Umgang mit digitalen Werkzeugen im Bildungsbereich und wirft den Medien vor, rei\u00dferische Studien mit fragw\u00fcrdiger Methodik allzu bereitwillig aufzugreifen.<\/span><\/p>\n<blockquote><p><span style=\"font-weight: 400;\">\u201c<\/span><i><span style=\"font-weight: 400;\">Im Gegensatz zu diesen schockierenden Botschaften betont die wissenschaftliche Literatur die Komplexit\u00e4t des Zusammenhangs zwischen Digitalisierung und Lernen. Es ist notwendig, eine differenzierte und kontextbezogene Analyse der Ergebnisse vorzunehmen \u2013 unter Ber\u00fccksichtigung der Art des Werkzeugs (z.\u202fB. Fernsehen vs. Tablet), der Art der Nutzung (z.\u202fB. aktiv vs. passiv), der Eigenschaften der Kinder (z.\u202fB. soziale Herkunft) und der p\u00e4dagogischen Praxis \u2013 um die tats\u00e4chlichen Vorteile und Grenzen digitaler Werkzeuge im Bildungsbereich zu erkennen.<\/span><\/i><span style=\"font-weight: 400;\">\u201d\u00a0<\/span><\/p><\/blockquote>\n<p>[\/et_pb_text][\/et_pb_column][\/et_pb_row][et_pb_row _builder_version=&#8220;4.27.4&#8243; _module_preset=&#8220;default&#8220; custom_padding=&#8220;0px|||||&#8220; global_colors_info=&#8220;{}&#8220; theme_builder_area=&#8220;post_content&#8220;][et_pb_column type=&#8220;4_4&#8243; _builder_version=&#8220;4.27.4&#8243; _module_preset=&#8220;default&#8220; global_colors_info=&#8220;{}&#8220; theme_builder_area=&#8220;post_content&#8220;][et_pb_text _builder_version=&#8220;4.27.4&#8243; _module_preset=&#8220;default&#8220; header_2_font=&#8220;|600|||||||&#8220; header_2_font_size=&#8220;25px&#8220; global_colors_info=&#8220;{}&#8220; theme_builder_area=&#8220;post_content&#8220;]<\/p>\n<h2 id=\"revue\">Unsere Vorurteile gegen\u00fcber digitalen Werkzeugen und Lernen im Licht wissenschaftlicher Methodik<\/h2>\n<p>[\/et_pb_text][et_pb_text _builder_version=&#8220;4.27.4&#8243; _module_preset=&#8220;default&#8220; global_colors_info=&#8220;{}&#8220; theme_builder_area=&#8220;post_content&#8220;]<\/p>\n<p><span style=\"font-weight: 400;\">Um einem sogenannten \u201eBest\u00e4tigungsfehler\u201c (confirmation bias) vorzubeugen \u2013 der dazu f\u00fchrt, dass wir Studien, deren Ergebnisse unseren \u00dcberzeugungen entsprechen, mehr Vertrauen schenken \u2013 st\u00fctzt sich der Bericht auf sogenannte <\/span><b>systematische \u00dcbersichtsarbeiten<\/b> <a href=\"#notes\">*<\/a> <span style=\"font-weight: 400;\">und <\/span><b>Metaanalysen<\/b> <a href=\"#notes\">**<\/a>.<\/p>\n<p>[\/et_pb_text][et_pb_text _builder_version=&#8220;4.27.4&#8243; _module_preset=&#8220;default&#8220; header_3_font=&#8220;|600|||||||&#8220; header_3_font_size=&#8220;21px&#8220; custom_margin=&#8220;||6px|||&#8220; global_colors_info=&#8220;{}&#8220; theme_builder_area=&#8220;post_content&#8220;]<\/p>\n<h3>Der Sch\u00fcler wieder im Mittelpunkt seines Lernens \u2013 dank digitaler Werkzeuge<\/h3>\n<p>[\/et_pb_text][et_pb_text _builder_version=&#8220;4.27.4&#8243; _module_preset=&#8220;default&#8220; quote_font=&#8220;ABeeZee||||||||&#8220; global_colors_info=&#8220;{}&#8220; theme_builder_area=&#8220;post_content&#8220;]<\/p>\n<p><span style=\"font-weight: 400;\">Die Ergebnisse fallen deutlich positiver aus als von den Pessimisten erwartet. Insgesamt sind sie ermutigend. Insbesondere zeigen Experimente die Vorteile digitaler Werkzeuge f\u00fcr Sch\u00fcler mit besonderem F\u00f6rderbedarf auf:<\/span><\/p>\n<blockquote>\n<p><span style=\"font-weight: 400;\">\u201e<em>Sie erm\u00f6glichen differenziertes Lernen, das dem jeweiligen Niveau der Sch\u00fcler angepasst ist, mit abgestufter Aufgabenstellung, passenden Erkl\u00e4rungen und individualisiertem Feedback.<\/em>\u201c<\/span><\/p>\n<\/blockquote>\n<p>&nbsp;<\/p>\n<p>[\/et_pb_text][et_pb_text _builder_version=&#8220;4.27.4&#8243; _module_preset=&#8220;default&#8220; header_3_font=&#8220;|600|||||||&#8220; header_3_font_size=&#8220;21px&#8220; header_4_font=&#8220;|600|||||||&#8220; custom_padding=&#8220;25px|25px|25px|25px|false|false&#8220; hover_enabled=&#8220;0&#8243; border_width_all=&#8220;3px&#8220; border_color_all=&#8220;#33cccc&#8220; border_style_all=&#8220;dashed&#8220; global_colors_info=&#8220;{}&#8220; theme_builder_area=&#8220;post_content&#8220; sticky_enabled=&#8220;0&#8243;]<\/p>\n<h4><i>Lehrkraft in einem sonderp\u00e4dagogischen Bildungszentrum?\u00a0<\/i><\/h4>\n<p><span style=\"font-weight: 400;\">Wenn Sie ebenfalls mit Sch\u00fclern mit besonderem F\u00f6rderbedarf arbeiten und Ihre Erfahrungen auf unserem Blog teilen m\u00f6chten \u2013 dieses Thema interessiert uns sehr. Wir w\u00fcrden uns freuen, Ihre Geschichte in einem Blogbeitrag zu ver\u00f6ffentlichen! Sie k\u00f6nnen uns kontaktieren unter: marketing@speechi.com<\/span><\/p>\n<p>[\/et_pb_text][et_pb_text _builder_version=&#8220;4.27.4&#8243; _module_preset=&#8220;default&#8220; quote_font=&#8220;ABeeZee||||||||&#8220; global_colors_info=&#8220;{}&#8220; theme_builder_area=&#8220;post_content&#8220;]<\/p>\n<p><b>Ein zweiter Aspekt, der im Bericht hervorgehoben wird \u2013 und besonders wertvoll f\u00fcrs Lernen ist \u2013 ist die Interaktivit\u00e4t digitaler Werkzeuge wie der interaktiven Tafel<\/b><span style=\"font-weight: 400;\">, die den Sch\u00fcler \u201eaktiver in seinem Lernprozess\u201c macht:<\/span><\/p>\n<blockquote>\n<p><em><span style=\"font-weight: 400;\">\u201eDie durch digitale Werkzeuge gebotene Interaktivit\u00e4t f\u00f6rdert die Erkundung und Anwendung von Probleml\u00f6sungsstrategien und letztlich den Erwerb von Kompetenzen.\u201c<\/span><\/em><\/p>\n<\/blockquote>\n<p>[\/et_pb_text][et_pb_text _builder_version=&#8220;4.27.4&#8243; _module_preset=&#8220;default&#8220; text_font_size=&#8220;14px&#8220; global_colors_info=&#8220;{}&#8220; theme_builder_area=&#8220;post_content&#8220;]<\/p>\n<p id=\"notes\"><span style=\"font-weight: 400;\">* <b>Systematische \u00dcbersichtsarbeiten<\/b> \u201e<em>fassen die Ergebnisse aller wissenschaftlichen Artikel zu einer spezifischen Fragestellung zusammen, die aufgrund ihrer methodischen Qualit\u00e4t ausgew\u00e4hlt wurden.<\/em>\u201c<\/span><span style=\"font-weight: 400;\">\u00a0<a href=\"#revue\">(\u2191)<\/a><\/span><\/p>\n<p><span style=\"font-weight: 400;\">** <b>Metaanalysen<\/b> \u201e<em>liefern eine statistische Zusammenfassung aller in der wissenschaftlichen Literatur gefundenen Daten und quantifizieren die St\u00e4rke des Einflusses eines Faktors auf ein Verhalten.<\/em>\u201c<\/span><span style=\"font-weight: 400;\">\u00a0<a href=\"#revue\">(\u2191)<\/a><\/span><\/p>\n<p>[\/et_pb_text][\/et_pb_column][\/et_pb_row][et_pb_row _builder_version=&#8220;4.27.4&#8243; _module_preset=&#8220;default&#8220; custom_padding=&#8220;||4px|||&#8220; global_colors_info=&#8220;{}&#8220; theme_builder_area=&#8220;post_content&#8220;][et_pb_column type=&#8220;4_4&#8243; _builder_version=&#8220;4.27.4&#8243; _module_preset=&#8220;default&#8220; global_colors_info=&#8220;{}&#8220; theme_builder_area=&#8220;post_content&#8220;][et_pb_text ul_item_indent=&#8220;20px&#8220; _builder_version=&#8220;4.27.4&#8243; _module_preset=&#8220;default&#8220; background_color=&#8220;#f5f5f5&#8243; custom_padding=&#8220;25px|25px|25px|25px|false|false&#8220; global_colors_info=&#8220;{}&#8220; theme_builder_area=&#8220;post_content&#8220;]<\/p>\n<h4>\ud83d\udc49 <i>Was wir daraus mitnehmen k\u00f6nnen<\/i><\/h4>\n<p><i><\/i><\/p>\n<p><i><\/i><\/p>\n<ul>\n<li style=\"font-weight: 400;\" aria-level=\"1\"><b>Es gibt noch viel zu erforschen im schulischen Kontext<\/b><span style=\"font-weight: 400;\">, um g\u00e4ngige Vorstellungen \u00fcber \u201eBildschirme\u201c zu hinterfragen und den tats\u00e4chlichen Nutzen sowie die Grenzen digitaler Werkzeuge im Unterricht zu bewerten.<\/span><span style=\"font-weight: 400;\">\n<p><\/span><\/li>\n<li style=\"font-weight: 400;\" aria-level=\"1\"><b>Ein digitales Werkzeug ist weder gut noch schlecht an sich<\/b><span style=\"font-weight: 400;\">. Vielmehr sind der Nutzungskontext und die Einbettung in ein klares p\u00e4dagogisches Konzept entscheidend f\u00fcr seinen Erfolg im Unterricht.<\/span><span style=\"font-weight: 400;\">\n<p><\/span><\/li>\n<li style=\"font-weight: 400;\" aria-level=\"1\"><b>Ein interaktives digitales Whiteboard ist kein Bildschirm wie jeder andere<\/b><span style=\"font-weight: 400;\">. Es handelt sich um ein Werkzeug, das im besonderen Kontext des Klassenzimmers verwendet wird \u2013 seine Nutzung h\u00e4ngt vom p\u00e4dagogischen Projekt, der Sensibilit\u00e4t und der Technikaffinit\u00e4t der Lehrkraft ab.<\/span><span style=\"font-weight: 400;\">\n<p><\/span><\/li>\n<li style=\"font-weight: 400;\" aria-level=\"1\"><span style=\"font-weight: 400;\">Der Nutzen digitaler Werkzeuge wie der interaktiven Tafel f\u00fcr bestimmte Kinder mit F\u00f6rderbedarf ist durch Studien belegt \u2013 ebenso wie durch die Erfahrungsberichte von Lehrkr\u00e4ften aus der Praxis.<\/span><\/li>\n<\/ul>\n<p>[\/et_pb_text][\/et_pb_column][\/et_pb_row][et_pb_row _builder_version=&#8220;4.27.4&#8243; _module_preset=&#8220;default&#8220; custom_padding=&#8220;||1px|||&#8220; global_colors_info=&#8220;{}&#8220; theme_builder_area=&#8220;post_content&#8220;][et_pb_column type=&#8220;4_4&#8243; _builder_version=&#8220;4.27.4&#8243; _module_preset=&#8220;default&#8220; global_colors_info=&#8220;{}&#8220; theme_builder_area=&#8220;post_content&#8220;][et_pb_text _builder_version=&#8220;4.27.4&#8243; _module_preset=&#8220;default&#8220; global_colors_info=&#8220;{}&#8220; theme_builder_area=&#8220;post_content&#8220;]<\/p>\n<h4><em>3 Artikel zur weiteren Vertiefung&#8230;<\/em><\/h4>\n<p>[\/et_pb_text][\/et_pb_column][\/et_pb_row][et_pb_row column_structure=&#8220;1_3,1_3,1_3&#8243; _builder_version=&#8220;4.27.4&#8243; _module_preset=&#8220;default&#8220; custom_padding=&#8220;10px|||||&#8220; global_colors_info=&#8220;{}&#8220; theme_builder_area=&#8220;post_content&#8220;][et_pb_column type=&#8220;1_3&#8243; _builder_version=&#8220;4.27.4&#8243; _module_preset=&#8220;default&#8220; global_colors_info=&#8220;{}&#8220; theme_builder_area=&#8220;post_content&#8220;][et_pb_image src=&#8220;https:\/\/speechi.com\/wp-content\/uploads\/2025\/03\/temoignage-professeur-semaine-deconnexion-eni-speechi-1.png&#8220; alt=&#8220;Die Woche ohne Bildschirm: Unterrichten vor und nach der Digitalisierung&#8220; title_text=&#8220;Die Woche ohne Bildschirm: Unterrichten vor und nach der Digitalisierung&#8220; url=&#8220;https:\/\/speechi.com\/de\/woche-der-enktopplung-unterrichten-vor-nach-digitalisierung\/&#8220; _builder_version=&#8220;4.27.4&#8243; _module_preset=&#8220;default&#8220; custom_margin=&#8220;||0px|||&#8220; custom_padding=&#8220;||14px|||&#8220; global_colors_info=&#8220;{}&#8220; theme_builder_area=&#8220;post_content&#8220;][\/et_pb_image][et_pb_text _builder_version=&#8220;4.27.4&#8243; _module_preset=&#8220;default&#8220; global_colors_info=&#8220;{}&#8220; theme_builder_area=&#8220;post_content&#8220;]<\/p>\n<p><a href=\"https:\/\/speechi.com\/de\/woche-der-enktopplung-unterrichten-vor-nach-digitalisierung\/\">Die Woche ohne Bildschirm: Unterrichten vor und nach der Digitalisierung<\/a><\/p>\n<p>[\/et_pb_text][\/et_pb_column][et_pb_column type=&#8220;1_3&#8243; _builder_version=&#8220;4.27.4&#8243; _module_preset=&#8220;default&#8220; global_colors_info=&#8220;{}&#8220; theme_builder_area=&#8220;post_content&#8220;][et_pb_image src=&#8220;https:\/\/speechi.com\/wp-content\/uploads\/2025\/01\/enseigner-francais-ecole-primaire-ecran-numerique-interactif-speechi.png&#8220; alt=&#8220;Deutsch in der Grundschule mit einem interaktiven Bildschirm unterrichten&#8220; title_text=&#8220;Deutsch in der Grundschule mit einem interaktiven Bildschirm unterrichten&#8220; url=&#8220;https:\/\/speechi.com\/de\/deutsch-grundschule-interaktiven-bildschirm-unterrichten\/&#8220; _builder_version=&#8220;4.27.4&#8243; _module_preset=&#8220;default&#8220; custom_margin=&#8220;||5px|||&#8220; global_colors_info=&#8220;{}&#8220; theme_builder_area=&#8220;post_content&#8220;][\/et_pb_image][et_pb_text _builder_version=&#8220;4.27.4&#8243; _module_preset=&#8220;default&#8220; global_colors_info=&#8220;{}&#8220; theme_builder_area=&#8220;post_content&#8220;]<\/p>\n<p><a href=\"https:\/\/speechi.com\/fr\/enseigner-francais-ecole-primaire-ecran-numerique-interactif-eni\/\"><span style=\"font-weight: 400;\"><a href=\"https:\/\/speechi.com\/de\/deutsch-grundschule-interaktiven-bildschirm-unterrichten\/\">Deutsch in der Grundschule mit einem interaktiven Bildschirm unterrichten: zwei Erfahrungsberichte von Lehrkr\u00e4ften<\/a><\/span><\/a><\/p>\n<p>[\/et_pb_text][\/et_pb_column][et_pb_column type=&#8220;1_3&#8243; _builder_version=&#8220;4.27.4&#8243; _module_preset=&#8220;default&#8220; global_colors_info=&#8220;{}&#8220; theme_builder_area=&#8220;post_content&#8220;][et_pb_image src=&#8220;https:\/\/speechi.com\/wp-content\/uploads\/2024\/10\/reportage-marseille-tne-13-ecran-numerique-interactif-speechi-ecole-olympe-de-gouges.jpg&#8220; alt=&#8220;Reportage aus Marseille: Die Digitalisierung der Schule Olympe de Gouges&#8220; title_text=&#8220;Reportage aus Marseille: Die Digitalisierung der Schule Olympe de Gouges&#8220; url=&#8220;https:\/\/speechi.com\/de\/reportage-marseille-digitalisierung-schule-olympe-gouges\/&#8220; _builder_version=&#8220;4.27.4&#8243; _module_preset=&#8220;default&#8220; custom_margin=&#8220;||0px|||&#8220; global_colors_info=&#8220;{}&#8220; theme_builder_area=&#8220;post_content&#8220;][\/et_pb_image][et_pb_text _builder_version=&#8220;4.27.4&#8243; _module_preset=&#8220;default&#8220; global_colors_info=&#8220;{}&#8220; theme_builder_area=&#8220;post_content&#8220;]<\/p>\n<p><a href=\"https:\/\/speechi.com\/de\/reportage-marseille-digitalisierung-schule-olympe-gouges\/\"><span style=\"font-weight: 400;\">Reportage aus Marseille: Die Digitalisierung der Schule Olympe de Gouges<\/span><\/a><\/p>\n<p>[\/et_pb_text][\/et_pb_column][\/et_pb_row][et_pb_row _builder_version=&#8220;4.27.4&#8243; _module_preset=&#8220;default&#8220; custom_padding=&#8220;0px|||||&#8220; global_colors_info=&#8220;{}&#8220; theme_builder_area=&#8220;post_content&#8220;][et_pb_column type=&#8220;4_4&#8243; _builder_version=&#8220;4.27.4&#8243; _module_preset=&#8220;default&#8220; global_colors_info=&#8220;{}&#8220; theme_builder_area=&#8220;post_content&#8220;][et_pb_text _builder_version=&#8220;4.27.4&#8243; _module_preset=&#8220;default&#8220; text_font_size=&#8220;12px&#8220; global_colors_info=&#8220;{}&#8220; theme_builder_area=&#8220;post_content&#8220;]<\/p>\n<p style=\"text-align: right;\"><em><span style=\"font-weight: 400;\">Ver\u00f6ffentlicht am 21. Mai 2025<\/span><\/em><\/p>\n<p>[\/et_pb_text][\/et_pb_column][\/et_pb_row][\/et_pb_section]<\/p>\n","protected":false},"excerpt":{"rendered":"<p>Es ist eine weitverbreitete Meinung, dass \u201eBildschirme\u201c sch\u00e4dlich f\u00fcr Kinder sind. Angesichts dieser hartn\u00e4ckigen \u00dcberzeugung stehen sowohl Lehrkr\u00e4fte als auch Eltern oft im Zwiespalt zwischen den enormen M\u00f6glichkeiten, die das interaktive digitale Whiteboard im Unterricht bietet, und dem Wunsch, das Klassenzimmer zu einem heiligen Ort zu machen, der eine digitale Auszeit bietet.Aber ist dieser Eindruck [&hellip;]<\/p>\n","protected":false},"author":5,"featured_media":44199548,"comment_status":"open","ping_status":"closed","sticky":false,"template":"","format":"standard","meta":{"_acf_changed":false,"_seopress_robots_primary_cat":"none","_seopress_titles_title":"Interaktives digitales Whiteboard in der Grundschule \u2013 n\u00fctzlich oder gef\u00e4hrlich?","_seopress_titles_desc":"\u201eBildschirme\u201c verbergen in Wirklichkeit eine gro\u00dfe Vielfalt digitaler Werkzeuge mit sehr unterschiedlichen Einsatzm\u00f6glichkeiten.","_seopress_robots_index":"","_et_pb_use_builder":"on","_et_pb_old_content":"<!-- wp:divi\/placeholder \/-->","_et_gb_content_width":"","footnotes":""},"categories":[147],"tags":[],"class_list":["post-44199568","post","type-post","status-publish","format-standard","has-post-thumbnail","hentry","category-nachrichten"],"acf":[],"_links":{"self":[{"href":"https:\/\/speechi.com\/de\/wp-json\/wp\/v2\/posts\/44199568","targetHints":{"allow":["GET"]}}],"collection":[{"href":"https:\/\/speechi.com\/de\/wp-json\/wp\/v2\/posts"}],"about":[{"href":"https:\/\/speechi.com\/de\/wp-json\/wp\/v2\/types\/post"}],"author":[{"embeddable":true,"href":"https:\/\/speechi.com\/de\/wp-json\/wp\/v2\/users\/5"}],"replies":[{"embeddable":true,"href":"https:\/\/speechi.com\/de\/wp-json\/wp\/v2\/comments?post=44199568"}],"version-history":[{"count":7,"href":"https:\/\/speechi.com\/de\/wp-json\/wp\/v2\/posts\/44199568\/revisions"}],"predecessor-version":[{"id":44199595,"href":"https:\/\/speechi.com\/de\/wp-json\/wp\/v2\/posts\/44199568\/revisions\/44199595"}],"wp:featuredmedia":[{"embeddable":true,"href":"https:\/\/speechi.com\/de\/wp-json\/wp\/v2\/media\/44199548"}],"wp:attachment":[{"href":"https:\/\/speechi.com\/de\/wp-json\/wp\/v2\/media?parent=44199568"}],"wp:term":[{"taxonomy":"category","embeddable":true,"href":"https:\/\/speechi.com\/de\/wp-json\/wp\/v2\/categories?post=44199568"},{"taxonomy":"post_tag","embeddable":true,"href":"https:\/\/speechi.com\/de\/wp-json\/wp\/v2\/tags?post=44199568"}],"curies":[{"name":"wp","href":"https:\/\/api.w.org\/{rel}","templated":true}]}}