{"id":123936,"date":"2022-01-10T18:22:23","date_gmt":"2022-01-10T17:22:23","guid":{"rendered":"https:\/\/www.speechi.com\/fr\/?p=123936"},"modified":"2026-04-28T09:30:31","modified_gmt":"2026-04-28T07:30:31","slug":"ecran-salle-reunion-120-cm","status":"publish","type":"post","link":"https:\/\/speechi.com\/fr\/ecran-salle-reunion-120-cm\/","title":{"rendered":"Comment choisir votre \u00e9cran pour salle de r\u00e9union (120) cm ?"},"content":{"rendered":"<p><img loading=\"lazy\" decoding=\"async\" class=\"size-medium wp-image-110580 alignright\" src=\"https:\/\/www.speechi.com\/wp-content\/uploads\/2021\/04\/ecran-interactif-tactile-capacitif-android-speechitouch-uhd-43-300x200px-300x200.jpg\" alt=\"\u00e9cran 43 pouces\" width=\"300\" height=\"200\" \/>Avant tout, pr\u00e9cisons que ces \u00e9crans pr\u00e9sentent une diagonale de 47 pouces. Autrement dit, ils conviendront pour de petites salles de r\u00e9union, avec un public de quelques personnes. D\u00e9couvrez les principales fonctionnalit\u00e9s de ces appareils multim\u00e9dias et les divers \u00e9l\u00e9ments \u00e0 consid\u00e9rer pour bien acheter !<\/p>\n<h2>Description de l&rsquo;\u00e9cran tactile de 120 cm pour votre salle de r\u00e9union<\/h2>\n<p>Comparer ces appareils \u00e0 une tablette tactile g\u00e9ante est une bonne fa\u00e7on de comprendre leur fonctionnement. Cependant, plus lourds que ces p\u00e9riph\u00e9riques nomades, ces \u00e9crans devront \u00eatre fix\u00e9s au mur, dans une salle de r\u00e9union. La surface tactile permet l&rsquo;intervention de tous les collaborateurs. Ainsi, pendant une formation ou une s\u00e9ance de travail, chacun pourra intervenir pour annoter, modifier ou \u00e9crire sur un dessin technique, un tableur ou un fichier texte.<\/p>\n<p>Pour ce type d&rsquo;\u00e9cran, vous aurez le choix entre des mod\u00e8les de 43 ou de 55 pouces. Sur notre boutique en ligne, de nombreuses gammes sont propos\u00e9es pour les entreprises de toutes tailles. Vous pourrez ainsi commander un <a href=\"https:\/\/shop.speechi.com\/products\/superglass-plus-s-speechitouch-75\">S\u00e9rie Plus<\/a> ou un <a href=\"https:\/\/shop.speechi.com\/fr\/11-ecrans-interactifs-tactiles-android-speechitouch\">SpeechiTouch<\/a>, en fonction de vos attentes et de votre budget. Pr\u00e9cisons que tous les mod\u00e8les sont dot\u00e9s d&rsquo;un syst\u00e8me d&rsquo;exploitation Andro\u00efd, qui en rend l&rsquo;utilisation tr\u00e8s intuitive, m\u00eame par des personnes peu familiaris\u00e9es avec l&rsquo;outil informatique.<\/p>\n<p>Ainsi, cet appareil trouvera facilement sa place dans n&rsquo;importe quelle salle de r\u00e9union. Cependant, vous pouvez aussi opter pour un <a href=\"https:\/\/www.speechi.com\/fr\/ecran-salle-reunion\/\">\u00e9cran interactif beaucoup plus grand pour votre entreprise<\/a>.<\/p>\n<p>Vous d\u00e9couvrez d&rsquo;ailleurs, avec cette vid\u00e9o, une utilisation tr\u00e8s concr\u00e8te d&rsquo;une utilisation dans un cabinet d&rsquo;avocats.<\/p>\n<p><iframe loading=\"lazy\" title=\"YouTube video player\" src=\"https:\/\/www.youtube.com\/embed\/DBDsx0NOd_k\" width=\"560\" height=\"315\" frameborder=\"0\" allowfullscreen=\"allowfullscreen\"><\/iframe><\/p>\n<h2>Quelles fonctionnalit\u00e9s avec ces appareils tactiles et interactifs ?<\/h2>\n<p><img loading=\"lazy\" decoding=\"async\" class=\"size-medium wp-image-110586 alignright\" src=\"https:\/\/www.speechi.com\/wp-content\/uploads\/2021\/04\/ecran-tactile-android-speechitouch-hd-55-300x200px-300x200.jpg\" alt=\"un \u00e9cran 55 pouces\" width=\"300\" height=\"200\" \/>Avec des \u00e9crans de 47, de 43 ou de 55 pouces, il est possible de r\u00e9aliser de nombreuses actions. Avec le bout des doigts ou avec un stylet, il est possible d&rsquo;intervenir directement sur des fichiers num\u00e9riques. Ces appareils favorisent donc les interactions et la participation de tous les collaborateurs.<\/p>\n<p>Il est \u00e9galement possible de r\u00e9aliser des visioconf\u00e9rences, en affichant les visages de tous les t\u00e9l\u00e9travailleurs mais aussi de faire un partage d&rsquo;\u00e9cran et de nombreuses autres interactions, notamment gr\u00e2ce \u00e0 des logiciels d\u00e9di\u00e9s au travail collaboratif comme <a href=\"https:\/\/speechi.com\/fr\/partage-ecran-teletravail\/\">Sofa<\/a>.<\/p>\n<p>Enfin, pour des conf\u00e9rences ou des cours donn\u00e9s en primaire ou au coll\u00e8ge, il est possible de brancher divers appareils comme des <a href=\"https:\/\/shop.speechi.com\/fr\/30-visualiseurs-de-bureau\">visualiseurs de bureau<\/a>.<\/p>\n<h2>Quels sont les crit\u00e8res \u00e0 consid\u00e9rer ?<\/h2>\n<p>Si votre salle de r\u00e9union pr\u00e9sente le bon volume, la taille de votre \u00e9cran (de 43 \u00e0 55 pouces) pourra suffire. Cependant, n&rsquo;h\u00e9sitez pas \u00e0 d\u00e9couvrir les mod\u00e8les plus importants, en particulier ceux de la <a href=\"https:\/\/shop.speechi.com\/products\/superglass-plus-s-speechitouch-75\">Gamme Impact Plus<\/a>.<\/p>\n<p><img loading=\"lazy\" decoding=\"async\" class=\"alignleft wp-image-117355\" src=\"https:\/\/www.speechi.com\/wp-content\/uploads\/2021\/08\/visualiseur-elmo-sans-fil-simu-3d-play-300x300.jpg\" alt=\"visualiseur de bureau\" width=\"185\" height=\"104\" \/>Nous vous aidons \u00e0 choisir la bonne r\u00e9f\u00e9rence, en affichant toutes les caract\u00e9ristiques. En ayant toutes les informations en mains, il sera plus facile de trouver les \u00e9crans de sale de r\u00e9union de 120 cm correspondant \u00e0 vos attentes. Nous affichons toutes les caract\u00e9ristiques techniques : angle de vue, radio de contraste et d&rsquo;affichage mais aussi luminosit\u00e9 et r\u00e9solution d&rsquo;\u00e9cran. Vous connaitrez toutes les capacit\u00e9s informatique comme la version Andro\u00efd, le type de processeur et la capacit\u00e9 de la RAM. La connectivit\u00e9, les logiciels inclus et toutes les connectiques n&rsquo;auront aucun secret pour vous. Enfin, nous mentionnons toutes les dimensions, les normes VESA et le poids. Vous utiliserez ces diverses informations pour savoir quel sera le meilleur support, fixe ou mobile, adapt\u00e9 pour une installation dans vos salles de r\u00e9union.<\/p>\n<p>Besoin d&rsquo;en savoir plus au sujet d&rsquo;un \u00e9cran de 120 centim\u00e8tres pour votre salle de r\u00e9union ? Vous avez besoin de renseignements compl\u00e9mentaires avant de commander chez Speechi ? N&rsquo;h\u00e9sitez pas \u00e0 contacter notre service-client par email ou \u00e0 nous t\u00e9l\u00e9phoner !<\/p>\n<p>Enfin, d\u00e9couvrez les nombreux services disponibles sur notre boutique en ligne : paiement s\u00e9curis\u00e9, garanties suppl\u00e9mentaires &#8230; valables pour la commande d&rsquo;un \u00e9cran pour salle de r\u00e9union !<\/p>\n","protected":false},"excerpt":{"rendered":"<p>Avant tout, pr\u00e9cisons que ces \u00e9crans pr\u00e9sentent une diagonale de 47 pouces. Autrement dit, ils conviendront pour de petites salles de r\u00e9union, avec un public de quelques personnes. D\u00e9couvrez les principales fonctionnalit\u00e9s de ces appareils multim\u00e9dias et les divers \u00e9l\u00e9ments \u00e0 consid\u00e9rer pour bien acheter ! Description de l&rsquo;\u00e9cran tactile de 120 cm pour votre [&hellip;]<\/p>\n","protected":false},"author":20,"featured_media":44155280,"comment_status":"open","ping_status":"closed","sticky":false,"template":"","format":"standard","meta":{"_acf_changed":false,"_seopress_robots_primary_cat":"none","_seopress_titles_title":"Ecran salle de r\u00e9union 120 cm - Ecrans tactiles interactifs Speechi","_seopress_titles_desc":"Besoin d'un large \u00e9cran pour votre salle de r\u00e9union ? D\u00e9couvrez les mod\u00e8les de 120 cm de diagonale. Toutes les infos sur le site Speechi.","_seopress_robots_index":"","_et_pb_use_builder":"","_et_pb_old_content":"","_et_gb_content_width":"","footnotes":""},"categories":[68],"tags":[],"class_list":["post-123936","post","type-post","status-publish","format-standard","has-post-thumbnail","hentry","category-faq-salle-reunion"],"acf":[],"_links":{"self":[{"href":"https:\/\/speechi.com\/fr\/wp-json\/wp\/v2\/posts\/123936","targetHints":{"allow":["GET"]}}],"collection":[{"href":"https:\/\/speechi.com\/fr\/wp-json\/wp\/v2\/posts"}],"about":[{"href":"https:\/\/speechi.com\/fr\/wp-json\/wp\/v2\/types\/post"}],"author":[{"embeddable":true,"href":"https:\/\/speechi.com\/fr\/wp-json\/wp\/v2\/users\/20"}],"replies":[{"embeddable":true,"href":"https:\/\/speechi.com\/fr\/wp-json\/wp\/v2\/comments?post=123936"}],"version-history":[{"count":7,"href":"https:\/\/speechi.com\/fr\/wp-json\/wp\/v2\/posts\/123936\/revisions"}],"predecessor-version":[{"id":44220353,"href":"https:\/\/speechi.com\/fr\/wp-json\/wp\/v2\/posts\/123936\/revisions\/44220353"}],"wp:featuredmedia":[{"embeddable":true,"href":"https:\/\/speechi.com\/fr\/wp-json\/wp\/v2\/media\/44155280"}],"wp:attachment":[{"href":"https:\/\/speechi.com\/fr\/wp-json\/wp\/v2\/media?parent=123936"}],"wp:term":[{"taxonomy":"category","embeddable":true,"href":"https:\/\/speechi.com\/fr\/wp-json\/wp\/v2\/categories?post=123936"},{"taxonomy":"post_tag","embeddable":true,"href":"https:\/\/speechi.com\/fr\/wp-json\/wp\/v2\/tags?post=123936"}],"curies":[{"name":"wp","href":"https:\/\/api.w.org\/{rel}","templated":true}]}}