{"id":124396,"date":"2022-03-15T16:56:37","date_gmt":"2022-03-15T15:56:37","guid":{"rendered":"https:\/\/www.speechi.com\/fr\/?p=124396"},"modified":"2025-04-17T17:28:17","modified_gmt":"2025-04-17T15:28:17","slug":"multi-windows-ecran-interactif-superglass-2","status":"publish","type":"post","link":"https:\/\/speechi.com\/fr\/multi-windows-ecran-interactif-superglass-2\/","title":{"rendered":"L&rsquo;\u00e9cran interactif SuperGlass 2 \u00e9volue : focus sur le multi-windows"},"content":{"rendered":"<p>[et_pb_section fb_built=\u00a0\u00bb1&Prime; admin_label=\u00a0\u00bbsection\u00a0\u00bb _builder_version=\u00a0\u00bb4.16&Prime; custom_padding=\u00a0\u00bb7px|||||\u00a0\u00bb global_colors_info=\u00a0\u00bb{}\u00a0\u00bb theme_builder_area=\u00a0\u00bbpost_content\u00a0\u00bb][et_pb_row admin_label=\u00a0\u00bbrow\u00a0\u00bb _builder_version=\u00a0\u00bb4.27.4&Prime; background_size=\u00a0\u00bbinitial\u00a0\u00bb background_position=\u00a0\u00bbtop_left\u00a0\u00bb background_repeat=\u00a0\u00bbrepeat\u00a0\u00bb global_colors_info=\u00a0\u00bb{}\u00a0\u00bb theme_builder_area=\u00a0\u00bbpost_content\u00a0\u00bb custom_padding=\u00a0\u00bb||3px|||\u00a0\u00bb][et_pb_column type=\u00a0\u00bb4_4&Prime; _builder_version=\u00a0\u00bb4.16&Prime; custom_padding=\u00a0\u00bb|||\u00a0\u00bb global_colors_info=\u00a0\u00bb{}\u00a0\u00bb custom_padding__hover=\u00a0\u00bb|||\u00a0\u00bb theme_builder_area=\u00a0\u00bbpost_content\u00a0\u00bb][et_pb_text admin_label=\u00a0\u00bbText\u00a0\u00bb _builder_version=\u00a0\u00bb4.27.4&Prime; background_size=\u00a0\u00bbinitial\u00a0\u00bb background_position=\u00a0\u00bbtop_left\u00a0\u00bb background_repeat=\u00a0\u00bbrepeat\u00a0\u00bb global_colors_info=\u00a0\u00bb{}\u00a0\u00bb theme_builder_area=\u00a0\u00bbpost_content\u00a0\u00bb]<\/p>\n<p>Qu\u2019on l\u2019appelle <strong>\u00e9cran partag\u00e9 ou multi-windows<\/strong>, voil\u00e0 une fonctionnalit\u00e9 fort utile qui d\u00e9barque sur tous les <a href=\"http:\/\/speechi.com\/fr\/ecran-interactif-tactile-superglass\">\u00e9crans interactifs SpeechiTouch SuperGlass 2<\/a>. Pour b\u00e9n\u00e9ficier de cette nouveaut\u00e9 sur votre \u00e9cran, vous recevrez une notification qui vous proposera de mettre \u00e0 jour son firmware. Dans cet article, on vous explique en quoi consiste l\u2019\u00e9cran partag\u00e9, comment faire et on vous donne, en exemple, quelques mises en situation en vid\u00e9o dans le contexte scolaire et professionnel.<\/p>\n<p>[\/et_pb_text][\/et_pb_column][\/et_pb_row][et_pb_row _builder_version=\u00a0\u00bb4.27.4&Prime; _module_preset=\u00a0\u00bbdefault\u00a0\u00bb global_colors_info=\u00a0\u00bb{}\u00a0\u00bb theme_builder_area=\u00a0\u00bbpost_content\u00a0\u00bb][et_pb_column type=\u00a0\u00bb4_4&Prime; _builder_version=\u00a0\u00bb4.27.4&Prime; _module_preset=\u00a0\u00bbdefault\u00a0\u00bb global_colors_info=\u00a0\u00bb{}\u00a0\u00bb theme_builder_area=\u00a0\u00bbpost_content\u00a0\u00bb][et_pb_image src=\u00a0\u00bbhttps:\/\/speechi.com\/wp-content\/uploads\/2025\/04\/speechi-ecran-interactif-superglass-2-multiwindows-ecran-partage.jpg\u00a0\u00bb title_text=\u00a0\u00bbspeechi-ecran-interactif-superglass-2-multiwindows-ecran-partage\u00a0\u00bb _builder_version=\u00a0\u00bb4.27.4&Prime; _module_preset=\u00a0\u00bbdefault\u00a0\u00bb global_colors_info=\u00a0\u00bb{}\u00a0\u00bb theme_builder_area=\u00a0\u00bbpost_content\u00a0\u00bb][\/et_pb_image][et_pb_text _builder_version=\u00a0\u00bb4.27.4&Prime; _module_preset=\u00a0\u00bbdefault\u00a0\u00bb global_colors_info=\u00a0\u00bb{}\u00a0\u00bb theme_builder_area=\u00a0\u00bbpost_content\u00a0\u00bb]<\/p>\n<p><span>Les autres nouveaut\u00e9s propos\u00e9es par cette mise \u00e0 jour du firmware du SuperGlass 2 :\u00a0<\/span><a href=\"http:\/\/speechi.com\/fr\/note-tbi-ecran-superglass-2\">une nouvelle version de l\u2019application Note<\/a><span>.<\/span><\/p>\n<p>[\/et_pb_text][\/et_pb_column][\/et_pb_row][et_pb_row _builder_version=\u00a0\u00bb4.27.4&Prime; _module_preset=\u00a0\u00bbdefault\u00a0\u00bb global_colors_info=\u00a0\u00bb{}\u00a0\u00bb theme_builder_area=\u00a0\u00bbpost_content\u00a0\u00bb custom_padding=\u00a0\u00bb0px|||||\u00a0\u00bb][et_pb_column type=\u00a0\u00bb4_4&Prime; _builder_version=\u00a0\u00bb4.27.4&Prime; _module_preset=\u00a0\u00bbdefault\u00a0\u00bb global_colors_info=\u00a0\u00bb{}\u00a0\u00bb theme_builder_area=\u00a0\u00bbpost_content\u00a0\u00bb][et_pb_text _builder_version=\u00a0\u00bb4.27.4&Prime; _module_preset=\u00a0\u00bbdefault\u00a0\u00bb header_2_line_height=\u00a0\u00bb1.3em\u00a0\u00bb header_3_line_height=\u00a0\u00bb1.3em\u00a0\u00bb global_colors_info=\u00a0\u00bb{}\u00a0\u00bb theme_builder_area=\u00a0\u00bbpost_content\u00a0\u00bb]<\/p>\n<h2>Le Multi-windows : afficher plusieurs applications sur son \u00e9cran interactif<\/h2>\n<p><strong>Le Multi-windows consiste \u00e0 partager son \u00e9cran interactif en 2, en 3 ou bien en 4 fen\u00eatres pour afficher plusieurs applications en m\u00eame temps<\/strong>. Cette fonctionnalit\u00e9 s\u2019av\u00e8re tr\u00e8s pratique et utile, aussi bien \u00e0 l\u2019\u00e9cole qu\u2019en entreprise, pour comparer 2 documents, mettre en regard plusieurs sources d\u2019informations et bien d\u2019autres choses encore.<\/p>\n<h3>Le Multi-windows en contexte scolaire : un fort int\u00e9r\u00eat p\u00e9dagogique<\/h3>\n<p>Ouvrir et afficher plusieurs applications en m\u00eame temps sur l\u2019ENI est une possibilit\u00e9 qui facilite la t\u00e2che de l\u2019enseignant, voire enrichit sa pratique.<\/p>\n<p>[\/et_pb_text][et_pb_image src=\u00a0\u00bbhttps:\/\/speechi.com\/wp-content\/uploads\/2025\/04\/speechi-ecran-interactif-superglass-2-multiwindows-ecran-partage-ecole-video.jpg\u00a0\u00bb title_text=\u00a0\u00bbspeechi-ecran-interactif-superglass-2-multiwindows-ecran-partage-ecole-video\u00a0\u00bb url=\u00a0\u00bbhttps:\/\/www.youtube.com\/watch?v=4dmOFYT1j_0&Prime; url_new_window=\u00a0\u00bbon\u00a0\u00bb _builder_version=\u00a0\u00bb4.27.4&Prime; _module_preset=\u00a0\u00bbdefault\u00a0\u00bb global_colors_info=\u00a0\u00bb{}\u00a0\u00bb theme_builder_area=\u00a0\u00bbpost_content\u00a0\u00bb][\/et_pb_image][et_pb_text _builder_version=\u00a0\u00bb4.27.4&Prime; _module_preset=\u00a0\u00bbdefault\u00a0\u00bb global_colors_info=\u00a0\u00bb{}\u00a0\u00bb theme_builder_area=\u00a0\u00bbpost_content\u00a0\u00bb]<\/p>\n<p>Visionner la<span>\u00a0<\/span><a href=\"https:\/\/www.youtube.com\/watch?v=4dmOFYT1j_0\" target=\"_blank\" rel=\"noopener noreferrer\">vid\u00e9o de d\u00e9monstration du multi-windows ou \u00e9cran partag\u00e9 sur l\u2019\u00e9cran num\u00e9rique interactif SuperGlass 2 en contexte scolaire<\/a>.<\/p>\n<p>Voici quelques exemples de pratiques reposant sur l\u2019utilisation de l\u2019\u00e9cran partag\u00e9 pour illustrer ces propos :<\/p>\n<ul>\n<li>Projeter les pages d\u2019un manuel, une feuille d\u2019exercice ou bien encore un contr\u00f4le \u00e0 l\u2019aide d\u2019un visualiseur sur une partie de l\u2019ENI.<\/li>\n<li>Sur une 2e partie de l\u2019\u00e9cran, ouvrir Note pour faire des corrections ou \u00e9crire la le\u00e7on.<\/li>\n<li>Ouvrir, sur une moiti\u00e9 de l\u2019\u00e9cran, l\u2019application Je L\u00e8ve La Main, pour r\u00e9aliser ou corriger un quiz en classe et, sur l\u2019autre partie, visionner un documentaire vid\u00e9o, une galerie d\u2019images qui illustrent les questions ou bien un PDF.<\/li>\n<\/ul>\n<p>[\/et_pb_text][et_pb_text admin_label=\u00a0\u00bbText\u00a0\u00bb _builder_version=\u00a0\u00bb4.27.4&Prime; header_3_line_height=\u00a0\u00bb1.3em\u00a0\u00bb background_size=\u00a0\u00bbinitial\u00a0\u00bb background_position=\u00a0\u00bbtop_left\u00a0\u00bb background_repeat=\u00a0\u00bbrepeat\u00a0\u00bb global_colors_info=\u00a0\u00bb{}\u00a0\u00bb theme_builder_area=\u00a0\u00bbpost_content\u00a0\u00bb]<\/p>\n<div style=\"border-top: 1px dashed #CCC; border-bottom: 1px dashed #CCC; padding-top: 30px; padding-bottom: 20px; margin-top: 30px; margin-bottom: 30px;\">\n<h3 style=\"text-align: center;\">Pour en savoir plus sur nos \u00e9quipements pour les \u00e9coles,<br \/>visitez notre boutique.<\/h3>\n<p style=\"text-align: center;\"><a style=\"background: #099baa; color: #fff; padding: 10px 25px; border-radius: 10px; font-size: 15px; margin-top: 10px; display: inline-block;\" href=\"http:\/\/shop.speechi.com\" target=\"_blank\" rel=\"noopener noreferrer\">Visiter la boutique<\/a><\/p>\n<\/div>\n<p>[\/et_pb_text][et_pb_text _builder_version=\u00a0\u00bb4.27.4&Prime; _module_preset=\u00a0\u00bbdefault\u00a0\u00bb header_3_line_height=\u00a0\u00bb1.3em\u00a0\u00bb global_colors_info=\u00a0\u00bb{}\u00a0\u00bb theme_builder_area=\u00a0\u00bbpost_content\u00a0\u00bb]<\/p>\n<h3>Le Multi-windows en contexte professionnel : un atout pour le travail en \u00e9quipe<\/h3>\n<p>Il ne suffit pas toujours d\u2019une application de prise de notes pour qu\u2019une s\u00e9ance de r\u00e9flexion soit efficace. On peut vouloir afficher des documents et d\u2019autres supports de r\u00e9flexion, ouvrir ponctuellement une page web, lancer une visio ou bien encore afficher des images inspirantes sans, pour autant, perdre de vue ses notes \u00e9crites.<\/p>\n<p>[\/et_pb_text][et_pb_image src=\u00a0\u00bbhttps:\/\/speechi.com\/wp-content\/uploads\/2025\/04\/speechi-ecran-interactif-superglass-2-multiwindows-ecran-partage-entreprise-video.jpg\u00a0\u00bb title_text=\u00a0\u00bbspeechi-ecran-interactif-superglass-2-multiwindows-ecran-partage-entreprise-video\u00a0\u00bb _builder_version=\u00a0\u00bb4.27.4&Prime; _module_preset=\u00a0\u00bbdefault\u00a0\u00bb global_colors_info=\u00a0\u00bb{}\u00a0\u00bb theme_builder_area=\u00a0\u00bbpost_content\u00a0\u00bb][\/et_pb_image][et_pb_text _builder_version=\u00a0\u00bb4.27.4&Prime; _module_preset=\u00a0\u00bbdefault\u00a0\u00bb global_colors_info=\u00a0\u00bb{}\u00a0\u00bb theme_builder_area=\u00a0\u00bbpost_content\u00a0\u00bb]<\/p>\n<p>Visionner la<span>\u00a0<\/span><a href=\"https:\/\/www.youtube.com\/watch?v=cZlb4sJ08S8\" target=\"_blank\" rel=\"noopener noreferrer\">vid\u00e9o de d\u00e9monstration du multi-windows ou \u00e9cran partag\u00e9 sur l\u2019\u00e9cran tactile interactif SuperGlass 2 en r\u00e9union visio<\/a>.<\/p>\n<p>En cela, le multi-windows peut s\u2019av\u00e9rer \u00eatre un v\u00e9ritable atout pour mener des s\u00e9ances de travail en \u00e9quipe avec un \u00e9cran interactif. Voici quelques mises en situation professionnelles :<\/p>\n<\/p>\n<ul>\n<li>Lancer une visio zoom avec un collaborateur \u00e9loign\u00e9.<\/li>\n<li>Afficher des documents PDF qu\u2019on peut annoter\/surligner, etc.<\/li>\n<li>Faire des recherches internet.<\/li>\n<li>Prendre des notes de r\u00e9union avec Note.<\/li>\n<\/ul>\n<p>[\/et_pb_text][et_pb_text admin_label=\u00a0\u00bbText\u00a0\u00bb _builder_version=\u00a0\u00bb4.27.4&Prime; header_3_line_height=\u00a0\u00bb1.3em\u00a0\u00bb background_size=\u00a0\u00bbinitial\u00a0\u00bb background_position=\u00a0\u00bbtop_left\u00a0\u00bb background_repeat=\u00a0\u00bbrepeat\u00a0\u00bb global_colors_info=\u00a0\u00bb{}\u00a0\u00bb theme_builder_area=\u00a0\u00bbpost_content\u00a0\u00bb]<\/p>\n<div style=\"border-top: 1px dashed #CCC; border-bottom: 1px dashed #CCC; padding-top: 30px; padding-bottom: 20px; margin-top: 30px; margin-bottom: 30px;\">\n<h3 style=\"text-align: center;\">Pour en savoir plus sur nos \u00e9quipements pour les entreprises, visitez notre boutique.<\/h3>\n<p style=\"text-align: center;\"><a style=\"background: #099baa; color: #fff; padding: 10px 25px; border-radius: 10px; font-size: 15px; margin-top: 10px; display: inline-block;\" href=\"http:\/\/shop.speechi.com\" target=\"_blank\" rel=\"noopener noreferrer\">Visiter la boutique<\/a><\/p>\n<\/div>\n<p>[\/et_pb_text][et_pb_text _builder_version=\u00a0\u00bb4.27.4&Prime; _module_preset=\u00a0\u00bbdefault\u00a0\u00bb header_2_line_height=\u00a0\u00bb1.3em\u00a0\u00bb global_colors_info=\u00a0\u00bb{}\u00a0\u00bb theme_builder_area=\u00a0\u00bbpost_content\u00a0\u00bb]<\/p>\n<h2>Tuto : comment partager l\u2019\u00e9cran de son \u00e9cran interactif en plusieurs fen\u00eatres ?<\/h2>\n<p><strong>1) Positionner vos fen\u00eatres<\/strong>. Ouvrez une 1\u00e8re application, puis \u00e0 l\u2019aide du stylet (ou de votre doigt), glissez-la vers l\u2019extr\u00eame bord droit ou gauche de l\u2019\u00e9cran. Un cadre bleu vous indique l\u2019endroit o\u00f9 sera positionn\u00e9e l\u2019appli. Selon que vous souhaitiez que l\u2019appli se positionne sur la moiti\u00e9 haute, sur la moiti\u00e9 basse ou bien sur toute la longueur, glissez votre stylet le long du bord jusqu\u2019\u00e0 ce que le cadre bleu corresponde \u00e0 l\u2019emplacement souhait\u00e9, puis l\u00e2chez la fen\u00eatre de l\u2019appli.<\/p>\n<p>[\/et_pb_text][et_pb_image src=\u00a0\u00bbhttps:\/\/speechi.com\/wp-content\/uploads\/2025\/04\/speechi-ecran-interactif-superglass-2-multiwindows-ecran-partage-tuto.jpg\u00a0\u00bb title_text=\u00a0\u00bbspeechi-ecran-interactif-superglass-2-multiwindows-ecran-partage-tuto\u00a0\u00bb _builder_version=\u00a0\u00bb4.27.4&Prime; _module_preset=\u00a0\u00bbdefault\u00a0\u00bb global_colors_info=\u00a0\u00bb{}\u00a0\u00bb theme_builder_area=\u00a0\u00bbpost_content\u00a0\u00bb][\/et_pb_image][et_pb_text _builder_version=\u00a0\u00bb4.27.4&Prime; _module_preset=\u00a0\u00bbdefault\u00a0\u00bb global_colors_info=\u00a0\u00bb{}\u00a0\u00bb theme_builder_area=\u00a0\u00bbpost_content\u00a0\u00bb]<\/p>\n<p><strong>2) R\u00e9gler la largeur des fen\u00eatres<\/strong><span>. Vous pouvez \u00e9galement r\u00e9gler la largeur de la fen\u00eatre pour qu\u2019elle prenne plus ou moins de la moiti\u00e9 de l\u2019\u00e9cran (comme montr\u00e9 dans la vid\u00e9o en contexte professionnel). Pour cela, posez votre stylet sur le bord de la fen\u00eatre que vous souhaitez \u00e9tirer. Une ic\u00f4ne repr\u00e9sentant 2 fl\u00e8ches appara\u00eet, il ne vous reste plus qu\u2019\u00e0 \u00e9tirer la fen\u00eatre \u00e0 la largeur souhait\u00e9e.<\/span><\/p>\n<p>[\/et_pb_text][et_pb_image src=\u00a0\u00bbhttps:\/\/speechi.com\/wp-content\/uploads\/2025\/04\/speechi-ecran-interactif-superglass-2-multiwindows-ecran-partage-tuto2.jpg\u00a0\u00bb title_text=\u00a0\u00bbspeechi-ecran-interactif-superglass-2-multiwindows-ecran-partage-tuto2&Prime; _builder_version=\u00a0\u00bb4.27.4&Prime; _module_preset=\u00a0\u00bbdefault\u00a0\u00bb global_colors_info=\u00a0\u00bb{}\u00a0\u00bb theme_builder_area=\u00a0\u00bbpost_content\u00a0\u00bb][\/et_pb_image][\/et_pb_column][\/et_pb_row][\/et_pb_section]<\/p>\n","protected":false},"excerpt":{"rendered":"<p>Qu\u2019on l\u2019appelle \u00e9cran partag\u00e9 ou multi-windows, voil\u00e0 une fonctionnalit\u00e9 fort utile qui d\u00e9barque sur tous les \u00e9crans interactifs SpeechiTouch SuperGlass 2. Pour b\u00e9n\u00e9ficier de cette nouveaut\u00e9 sur votre \u00e9cran, vous recevrez une notification qui vous proposera de mettre \u00e0 jour son firmware. Dans cet article, on vous explique en quoi consiste l\u2019\u00e9cran partag\u00e9, comment faire [&hellip;]<\/p>\n","protected":false},"author":21,"featured_media":44154962,"comment_status":"open","ping_status":"closed","sticky":false,"template":"","format":"standard","meta":{"_acf_changed":false,"_seopress_robots_primary_cat":"none","_seopress_titles_title":"Focus sur le Multi-windows de l'\u00e9cran interactif SuperGlass 2 - Speechi","_seopress_titles_desc":"Qu\u2019on l\u2019appelle \u00e9cran partag\u00e9 ou multi-windows, voil\u00e0 une fonctionnalit\u00e9 fort utile qui d\u00e9barque sur tous les \u00e9crans interactifs SpeechiTouch SuperGlass 2.","_seopress_robots_index":"","_et_pb_use_builder":"on","_et_pb_old_content":"Qu\u2019on l\u2019appelle <strong>\u00e9cran partag\u00e9 ou multi-windows<\/strong>, voil\u00e0 une fonctionnalit\u00e9 fort utile qui d\u00e9barque sur tous les <a href=\"http:\/\/speechi.com\/fr\/ecran-interactif-tactile-superglass\">\u00e9crans interactifs SpeechiTouch SuperGlass 2<\/a>. Pour b\u00e9n\u00e9ficier de cette nouveaut\u00e9 sur votre \u00e9cran, vous recevrez une notification qui vous proposera de mettre \u00e0 jour son firmware. Dans cet article, on vous explique en quoi consiste l\u2019\u00e9cran partag\u00e9, comment faire et on vous donne, en exemple, quelques mises en situation en vid\u00e9o dans le contexte scolaire et professionnel.\n\n<img class=\"alignleft size-full wp-image-124437\" style=\"width: 100%;\" src=\"https:\/\/www.speechi.com\/wp-content\/uploads\/2022\/01\/speechi-ecran-interactif-superglass-2-multiwindows-ecran-partage.jpg\" alt=\"multi-windows ou \u00e9cran partag\u00e9 sur \u00e9cran interactif SpeechiTouch SuperGlass 2\" \/>\n\nLes autres nouveaut\u00e9s propos\u00e9es par cette mise \u00e0 jour du firmware du SuperGlass 2 : <a href=\"http:\/\/speechi.com\/fr\/note-tbi-ecran-superglass-2\">une nouvelle version de l\u2019application Note<\/a>.\n<h2>Le Multi-windows : afficher plusieurs applications sur son \u00e9cran interactif<\/h2>\n<strong>Le Multi-windows consiste \u00e0 partager son \u00e9cran interactif en 2, en 3 ou bien en 4 fen\u00eatres pour afficher plusieurs applications en m\u00eame temps<\/strong>. Cette fonctionnalit\u00e9 s\u2019av\u00e8re tr\u00e8s pratique et utile, aussi bien \u00e0 l\u2019\u00e9cole qu\u2019en entreprise, pour comparer 2 documents, mettre en regard plusieurs sources d\u2019informations et bien d\u2019autres choses encore.\n<h3>Le Multi-windows en contexte scolaire : un fort int\u00e9r\u00eat p\u00e9dagogique<\/h3>\nOuvrir et afficher plusieurs applications en m\u00eame temps sur l\u2019ENI est une possibilit\u00e9 qui facilite la t\u00e2che de l\u2019enseignant, voire enrichit sa pratique.\n\n<a href=\"https:\/\/www.youtube.com\/watch?v=4dmOFYT1j_0\" target=\"_blank\" rel=\"noopener noreferrer\"><img class=\"alignleft size-full wp-image-124403\" style=\"width: 100%;\" src=\"https:\/\/www.speechi.com\/wp-content\/uploads\/2022\/01\/speechi-ecran-interactif-superglass-2-multiwindows-ecran-partage-ecole-video.jpg\" alt=\"vid\u00e9o de d\u00e9monstration du multi-windows sur l'\u00e9cran interactif SuperGlass 2 en classe\" \/><\/a>\nVisionner la <a href=\"https:\/\/www.youtube.com\/watch?v=4dmOFYT1j_0\" target=\"_blank\" rel=\"noopener noreferrer\">vid\u00e9o de d\u00e9monstration du multi-windows ou \u00e9cran partag\u00e9 sur l\u2019\u00e9cran num\u00e9rique interactif SuperGlass 2 en contexte scolaire<\/a>.\n\nVoici quelques exemples de pratiques reposant sur l\u2019utilisation de l\u2019\u00e9cran partag\u00e9 pour illustrer ces propos :\n<ul>\n \t<li>Projeter les pages d\u2019un manuel, une feuille d\u2019exercice ou bien encore un contr\u00f4le \u00e0 l\u2019aide d\u2019un visualiseur sur une partie de l\u2019ENI.<\/li>\n \t<li>Sur une 2e partie de l\u2019\u00e9cran, ouvrir Note pour faire des corrections ou \u00e9crire la le\u00e7on.<\/li>\n \t<li>Ouvrir, sur une moiti\u00e9 de l\u2019\u00e9cran, l\u2019application Je L\u00e8ve La Main, pour r\u00e9aliser ou corriger un quiz en classe et, sur l\u2019autre partie, visionner un documentaire vid\u00e9o, une galerie d\u2019images qui illustrent les questions ou bien un PDF.<\/li>\n<\/ul>\n<div style=\"border-top: 1px dashed #CCC; border-bottom: 1px dashed #CCC; padding-top: 30px; padding-bottom: 20px; margin-top: 30px; margin-bottom: 30px;\">\n<h3 style=\"text-align: center;\">Pour en savoir plus sur nos \u00e9quipements pour les \u00e9coles,\nvisitez notre boutique.<\/h3>\n<p style=\"text-align: center;\"><a style=\"background: #099baa; color: #fff; padding: 10px 25px; border-radius: 10px; font-size: 15px; margin-top: 10px; display: inline-block;\" href=\"http:\/\/shop.speechi.com\" target=\"_blank\" rel=\"noopener noreferrer\">Visiter la boutique<\/a><\/p>\n\n<\/div>\n<h3>Le Multi-windows en contexte professionnel : un atout pour le travail en \u00e9quipe<\/h3>\nIl ne suffit pas toujours d\u2019une application de prise de notes pour qu\u2019une s\u00e9ance de r\u00e9flexion soit efficace. On peut vouloir afficher des documents et d\u2019autres supports de r\u00e9flexion, ouvrir ponctuellement une page web, lancer une visio ou bien encore afficher des images inspirantes sans, pour autant, perdre de vue ses notes \u00e9crites.\n\n<a href=\"https:\/\/www.youtube.com\/watch?v=cZlb4sJ08S8\" target=\"_blank\" rel=\"noopener noreferrer\"><img class=\"alignleft size-full wp-image-124409\" style=\"width: 100%;\" src=\"https:\/\/www.speechi.com\/wp-content\/uploads\/2022\/01\/speechi-ecran-interactif-superglass-2-multiwindows-ecran-partage-entreprise-video.jpg\" alt=\"vid\u00e9o de d\u00e9monstration du multi-windows sur l'\u00e9cran tactile SuperGlass 2 en r\u00e9union\" \/><\/a>\nVisionner la <a href=\"https:\/\/www.youtube.com\/watch?v=cZlb4sJ08S8\" target=\"_blank\" rel=\"noopener noreferrer\">vid\u00e9o de d\u00e9monstration du multi-windows ou \u00e9cran partag\u00e9 sur l\u2019\u00e9cran tactile interactif SuperGlass 2 en r\u00e9union visio<\/a>.\n\nEn cela, le multi-windows peut s\u2019av\u00e9rer \u00eatre un v\u00e9ritable atout pour mener des s\u00e9ances de travail en \u00e9quipe avec un \u00e9cran interactif. Voici quelques mises en situation professionnelles :\n<ul>\n \t<li>Lancer une visio zoom avec un collaborateur \u00e9loign\u00e9.<\/li>\n \t<li>Afficher des documents PDF qu\u2019on peut annoter\/surligner, etc.<\/li>\n \t<li>Faire des recherches internet.<\/li>\n \t<li>Prendre des notes de r\u00e9union avec Note.<\/li>\n<\/ul>\n<div style=\"border-top: 1px dashed #CCC; border-bottom: 1px dashed #CCC; padding-top: 30px; padding-bottom: 20px; margin-top: 30px; margin-bottom: 30px;\">\n<h3 style=\"text-align: center;\">Pour en savoir plus sur nos \u00e9quipements pour les entreprises,\nvisitez notre boutique.<\/h3>\n<p style=\"text-align: center;\"><a style=\"background: #099baa; color: #fff; padding: 10px 25px; border-radius: 10px; font-size: 15px; margin-top: 10px; display: inline-block;\" href=\"http:\/\/shop.speechi.com\" target=\"_blank\" rel=\"noopener noreferrer\">Visiter la boutique<\/a><\/p>\n\n<\/div>\n<h2>Tuto : comment partager l\u2019\u00e9cran de son \u00e9cran interactif en plusieurs fen\u00eatres ?<\/h2>\n<strong>1) Positionner vos fen\u00eatres<\/strong>. Ouvrez une 1\u00e8re application, puis \u00e0 l\u2019aide du stylet (ou de votre doigt), glissez-la vers l\u2019extr\u00eame bord droit ou gauche de l\u2019\u00e9cran. Un cadre bleu vous indique l\u2019endroit o\u00f9 sera positionn\u00e9e l\u2019appli. Selon que vous souhaitiez que l\u2019appli se positionne sur la moiti\u00e9 haute, sur la moiti\u00e9 basse ou bien sur toute la longueur, glissez votre stylet le long du bord jusqu\u2019\u00e0 ce que le cadre bleu corresponde \u00e0 l\u2019emplacement souhait\u00e9, puis l\u00e2chez la fen\u00eatre de l\u2019appli.\n\n<img class=\"alignleft size-full wp-image-124418\" style=\"width: 100%;\" src=\"https:\/\/www.speechi.com\/wp-content\/uploads\/2022\/01\/speechi-ecran-interactif-superglass-2-multiwindows-ecran-partage-tuto.jpg\" alt=\"tuto pour afficher plusieurs applis en m\u00eame temps sur l'\u00e9cran tactile SuperGlass 2\" \/>\n\n<strong>2) R\u00e9gler la largeur des fen\u00eatres<\/strong>. Vous pouvez \u00e9galement r\u00e9gler la largeur de la fen\u00eatre pour qu\u2019elle prenne plus ou moins de la moiti\u00e9 de l\u2019\u00e9cran (comme montr\u00e9 dans la vid\u00e9o en contexte professionnel). Pour cela, posez votre stylet sur le bord de la fen\u00eatre que vous souhaitez \u00e9tirer. Une ic\u00f4ne repr\u00e9sentant 2 fl\u00e8ches appara\u00eet, il ne vous reste plus qu\u2019\u00e0 \u00e9tirer la fen\u00eatre \u00e0 la largeur souhait\u00e9e.\n\n<img class=\"alignleft size-full wp-image-124425\" style=\"width: 100%;\" src=\"https:\/\/www.speechi.com\/wp-content\/uploads\/2022\/01\/speechi-ecran-interactif-superglass-2-multiwindows-ecran-partage-tuto2.jpg\" alt=\"tuto multi-windows pour r\u00e9gler la largeur des fen\u00eatres\" \/>","_et_gb_content_width":"","footnotes":""},"categories":[70],"tags":[],"class_list":["post-124396","post","type-post","status-publish","format-standard","has-post-thumbnail","hentry","category-faq-ecran-interactif"],"acf":[],"_links":{"self":[{"href":"https:\/\/speechi.com\/fr\/wp-json\/wp\/v2\/posts\/124396","targetHints":{"allow":["GET"]}}],"collection":[{"href":"https:\/\/speechi.com\/fr\/wp-json\/wp\/v2\/posts"}],"about":[{"href":"https:\/\/speechi.com\/fr\/wp-json\/wp\/v2\/types\/post"}],"author":[{"embeddable":true,"href":"https:\/\/speechi.com\/fr\/wp-json\/wp\/v2\/users\/21"}],"replies":[{"embeddable":true,"href":"https:\/\/speechi.com\/fr\/wp-json\/wp\/v2\/comments?post=124396"}],"version-history":[{"count":7,"href":"https:\/\/speechi.com\/fr\/wp-json\/wp\/v2\/posts\/124396\/revisions"}],"predecessor-version":[{"id":44197975,"href":"https:\/\/speechi.com\/fr\/wp-json\/wp\/v2\/posts\/124396\/revisions\/44197975"}],"wp:featuredmedia":[{"embeddable":true,"href":"https:\/\/speechi.com\/fr\/wp-json\/wp\/v2\/media\/44154962"}],"wp:attachment":[{"href":"https:\/\/speechi.com\/fr\/wp-json\/wp\/v2\/media?parent=124396"}],"wp:term":[{"taxonomy":"category","embeddable":true,"href":"https:\/\/speechi.com\/fr\/wp-json\/wp\/v2\/categories?post=124396"},{"taxonomy":"post_tag","embeddable":true,"href":"https:\/\/speechi.com\/fr\/wp-json\/wp\/v2\/tags?post=124396"}],"curies":[{"name":"wp","href":"https:\/\/api.w.org\/{rel}","templated":true}]}}