{"id":124735,"date":"2022-02-15T09:36:53","date_gmt":"2022-02-15T08:36:53","guid":{"rendered":"https:\/\/www.speechi.com\/fr\/?p=124735"},"modified":"2024-10-14T13:56:33","modified_gmt":"2024-10-14T11:56:33","slug":"ecrans-tactiles-superglass-2-note-video-recording-multiwindows-support-teams","status":"publish","type":"post","link":"https:\/\/speechi.com\/fr\/ecrans-tactiles-superglass-2-note-video-recording-multiwindows-support-teams\/","title":{"rendered":"Les nouveaut\u00e9s 2022 de l&rsquo;\u00e9cran tactile SuperGlass 2 : Note 2.0, enregistrement vid\u00e9o, multi-windows, support, Teams\u2026"},"content":{"rendered":"<p>On n\u2019arr\u00eate pas le progr\u00e8s et on peut dire qu\u2019il va vite chez Speechi. Que vous ayez d\u00e9j\u00e0 acquis un <a href=\"http:\/\/speechi.com\/fr\/ecran-interactif-tactile-superglass\">\u00e9cran interactif SpeechiTouch SuperGlass 2<\/a> ou que vous comptiez en acqu\u00e9rir un, on vous fait profiter des derni\u00e8res am\u00e9liorations gr\u00e2ce \u00e0 une mise \u00e0 jour en ligne du firmware de votre \u00e9cran que vous serez libre d\u2019accepter ou non. Cet article vous donne un aper\u00e7u de ces nouveaut\u00e9s qui feront, pour la plupart, l\u2019objet d\u2019un billet de blog ind\u00e9pendant et seront d\u00e9montr\u00e9es en vid\u00e9o.<\/p>\n<hr \/>\n<h2>Ces 5 nouveaut\u00e9s qui d\u00e9barquent sur votre \u00e9cran tactile SuperGlass 2<\/h2>\n<table>\n<tbody>\n<tr>\n<td style=\"background-color: #fff;\" width=\"50%\"><img decoding=\"async\" class=\"alignleft size-full wp-image-124739\" style=\"width: 100%;\" src=\"https:\/\/www.speechi.com\/wp-content\/uploads\/2022\/01\/note-logiciel-tableau-blanc-ecran-numerique-interactif-regle.jpg\" alt=\"Logiciel tableau blanc sur \u00e9cran tactile Speechi\" \/><\/td>\n<td style=\"background-color: #fff;\" width=\"50%\"><img decoding=\"async\" class=\"alignleft size-full wp-image-124418\" style=\"width: 100%;\" src=\"https:\/\/www.speechi.com\/wp-content\/uploads\/2022\/01\/speechi-ecran-interactif-superglass-2-multiwindows-ecran-partage-tuto.jpg\" alt=\"multi-windows ou \u00e9cran partag\u00e9 sur \u00e9cran interactif SuperGlass Speechi\" \/><\/td>\n<\/tr>\n<tr>\n<td>\n<h3><a href=\"http:\/\/speechi.com\/fr\/logiciel-tableau-blanc\">Note 2.0 : une version enrichie de votre tableau blanc<\/a><\/h3>\n<p>Note est l\u2019application de r\u00e9f\u00e9rence pour vos pr\u00e9sentations, vos cours ou encore vos r\u00e9unions. Sa nouvelle version vous fait profiter d\u2019<strong>un tas de nouvelles fonctionnalit\u00e9s<\/strong> qu\u2019on attendait et qui font faire un v\u00e9ritable bond qualitatif \u00e0 l\u2019appli. Elle devient bien plus qu\u2019une simple appli d\u2019annotation en prenant un tournant r\u00e9solument interactif !<\/td>\n<td>\n<h3><a href=\"https:\/\/www.speechi.com\/fr\/multi-windows-ecran-interactif-superglass-2\/\">Multi-windows : partager l&rsquo;espace de l&rsquo;\u00e9cran avec 2 applis ou plus<\/a><\/h3>\n<p>Plut\u00f4t que de naviguer entre plusieurs fen\u00eatres, <strong>affichez plusieurs applications simultan\u00e9ment<\/strong> gr\u00e2ce au multi-windows.<\/p>\n<p>Voil\u00e0 une nouvelle fonctionnalit\u00e9 hyper pratique qu\u2019on vous montrera en vid\u00e9o pour comprendre quelles manipulations faire pour r\u00e9aliser le partage d&rsquo;\u00e9cran.<\/td>\n<\/tr>\n<\/tbody>\n<\/table>\n<table>\n<tbody>\n<tr>\n<td style=\"background-color: #fff;\" width=\"50%\"><img decoding=\"async\" class=\"alignleft size-full wp-image-124425\" style=\"width: 100%;\" src=\"https:\/\/www.speechi.com\/wp-content\/uploads\/2022\/01\/speechi-ecran-interactif-superglass-2-multiwindows-ecran-partage-tuto2.jpg\" alt=\"enregistrement vid\u00e9o et son sur \u00e9cran interactif superglass 2 Speechi\" \/><\/td>\n<td style=\"background-color: #fff;\" width=\"50%\"><img decoding=\"async\" class=\"alignleft size-full wp-image-125106\" style=\"width: 100%;\" src=\"https:\/\/www.speechi.com\/wp-content\/uploads\/2022\/01\/appli-support-speechi-ecran-superglass2.jpg\" alt=\"\" \/><\/td>\n<\/tr>\n<tr>\n<td>\n<h3><a href=\"https:\/\/www.speechi.com\/fr\/enregistrement-video-cours-formation-ecran-tactile-superglass-2\/\">L&rsquo;enregistrement vid\u00e9o et son de vos formations<\/a><\/h3>\n<p>La barre d\u2019outils lat\u00e9rale s\u2019\u00e9toffe de nouvelles fonctionnalit\u00e9s comme l\u2019enregistrement vid\u00e9o (ou video recording). Gr\u00e2ce \u00e0 elle, <strong>filmez vos formations et vos cours<\/strong>.<\/p>\n<p>L&rsquo;appli enregistre tout ce qui se passe sur l&rsquo;\u00e9cran (vos manipulations et les ressources vid\u00e9o ou audio), mais \u00e9galement le son du micro que vous aurez branch\u00e9 sur l&rsquo;\u00e9cran (que ce soit celui de la cam\u00e9ra de visio install\u00e9e sur l&rsquo;\u00e9cran ou un micro ind\u00e9pendant).<\/td>\n<td>\n<h3>Une appli pour contacter le support depuis l&rsquo;\u00e9cran<\/h3>\n<p>On facilite votre contact avec le support de Speechi en cas de probl\u00e8me. D\u00e9sormais un bouton Support se trouvera parmi les applis par d\u00e9faut. Cliquez dessus pour \u00e9crire un message qui sera directement adress\u00e9 au support.<\/p>\n<p>L&rsquo;avantage ? L\u2019ensemble des caract\u00e9ristiques techniques de l\u2019\u00e9cran seront automatiquement envoy\u00e9es \u00e0 l&rsquo;\u00e9quipe ! Un petit plus qui fait toute la diff\u00e9rence pour am\u00e9liorer et acc\u00e9l\u00e9rer la prise en charge.<\/td>\n<\/tr>\n<\/tbody>\n<\/table>\n<h3>Teams et toutes les applis du Google store compatibles avec l&rsquo;\u00e9cran tactile SuperGlass 2<\/h3>\n<p>D\u00e9sormais, l&rsquo;\u00e9cran tactile SuperGlass 2 prend en charge les GMS (Google Mobile Services) qui sont utilis\u00e9s par certaines applis et sans lesquels ces derni\u00e8res ne peuvent fonctionner correctement, comme le Google Play Store ou encore <strong>Teams, la solution de visioconf\u00e9rence de Microsoft<\/strong>. Cette nouveaut\u00e9, qui nous a demand\u00e9 un gros travail de d\u00e9veloppement, rend, pour de bon, l&rsquo;\u00e9cran tactile SpeechiTouch compatible avec toutes les applis.<\/p>\n<p><a href=\"https:\/\/speechi.com\/fr\/ecran-interactif-speechitouch\/\">En savoir plus sur notre gamme d&rsquo;\u00e9crans interactifs SpeechiTouch.<\/a><\/p>\n","protected":false},"excerpt":{"rendered":"<p>On n\u2019arr\u00eate pas le progr\u00e8s et on peut dire qu\u2019il va vite chez Speechi. Que vous ayez d\u00e9j\u00e0 acquis un \u00e9cran interactif SpeechiTouch SuperGlass 2 ou que vous comptiez en acqu\u00e9rir un, on vous fait profiter des derni\u00e8res am\u00e9liorations gr\u00e2ce \u00e0 une mise \u00e0 jour en ligne du firmware de votre \u00e9cran que vous serez [&hellip;]<\/p>\n","protected":false},"author":21,"featured_media":44150611,"comment_status":"open","ping_status":"closed","sticky":false,"template":"","format":"standard","meta":{"_acf_changed":false,"_seopress_robots_primary_cat":"none","_seopress_titles_title":"Les nouveaut\u00e9s 2022 de l'\u00e9cran interactif SuperGlass 2 - Speechi","_seopress_titles_desc":"D\u00e9couvrez toutes les nouveaut\u00e9s 2022 de l'\u00e9cran tactile SuperGlass 2 : notes, enregistrement vid\u00e9o, multi-windows, prise en charge des GMS et support.","_seopress_robots_index":"","_et_pb_use_builder":"","_et_pb_old_content":"","_et_gb_content_width":"","footnotes":""},"categories":[70],"tags":[],"class_list":["post-124735","post","type-post","status-publish","format-standard","has-post-thumbnail","hentry","category-faq-ecran-interactif"],"acf":[],"_links":{"self":[{"href":"https:\/\/speechi.com\/fr\/wp-json\/wp\/v2\/posts\/124735","targetHints":{"allow":["GET"]}}],"collection":[{"href":"https:\/\/speechi.com\/fr\/wp-json\/wp\/v2\/posts"}],"about":[{"href":"https:\/\/speechi.com\/fr\/wp-json\/wp\/v2\/types\/post"}],"author":[{"embeddable":true,"href":"https:\/\/speechi.com\/fr\/wp-json\/wp\/v2\/users\/21"}],"replies":[{"embeddable":true,"href":"https:\/\/speechi.com\/fr\/wp-json\/wp\/v2\/comments?post=124735"}],"version-history":[{"count":3,"href":"https:\/\/speechi.com\/fr\/wp-json\/wp\/v2\/posts\/124735\/revisions"}],"predecessor-version":[{"id":44175242,"href":"https:\/\/speechi.com\/fr\/wp-json\/wp\/v2\/posts\/124735\/revisions\/44175242"}],"wp:featuredmedia":[{"embeddable":true,"href":"https:\/\/speechi.com\/fr\/wp-json\/wp\/v2\/media\/44150611"}],"wp:attachment":[{"href":"https:\/\/speechi.com\/fr\/wp-json\/wp\/v2\/media?parent=124735"}],"wp:term":[{"taxonomy":"category","embeddable":true,"href":"https:\/\/speechi.com\/fr\/wp-json\/wp\/v2\/categories?post=124735"},{"taxonomy":"post_tag","embeddable":true,"href":"https:\/\/speechi.com\/fr\/wp-json\/wp\/v2\/tags?post=124735"}],"curies":[{"name":"wp","href":"https:\/\/api.w.org\/{rel}","templated":true}]}}