{"id":126396,"date":"2022-03-20T17:56:07","date_gmt":"2022-03-20T16:56:07","guid":{"rendered":"https:\/\/www.speechi.com\/fr\/?p=126396"},"modified":"2026-04-21T16:58:54","modified_gmt":"2026-04-21T14:58:54","slug":"temoignage-ecran-interactif-terra-computer","status":"publish","type":"post","link":"https:\/\/speechi.com\/fr\/temoignage-ecran-interactif-terra-computer\/","title":{"rendered":"T\u00e9moignage : l\u2019\u00e9cran interactif chez Terra Computer"},"content":{"rendered":"<p><strong>Nos t\u00e9moignages sur l\u2019utilisation de l\u2019\u00e9cran interactif continuent ! Cette fois notre \u00e9quipe artistique est all\u00e9e \u00e0 la rencontre de Renaud Valin, en charge du d\u00e9veloppement commercial pour la soci\u00e9t\u00e9 Terra Computer France, sp\u00e9cialiste informatique et revendeur de solutions interactives, dont les \u00e9crans interactifs Speechi.<\/strong><\/p>\n<p><a href=\"https:\/\/youtu.be\/zlBHeFjJAN4\" target=\"_blank\" rel=\"noopener noreferrer\"><img decoding=\"async\" class=\"alignnone size-full wp-image-126398\" style=\"width: 100%;\" src=\"https:\/\/www.speechi.com\/wp-content\/uploads\/2022\/02\/speechi-interview-ecran-interactif-wortman-min-play.jpg\" alt=\"interview vid\u00e9o de Renaud Valin, Terra Computer France sur l'\u00e9cran interactif Speechi\" \/><\/a><br \/>\n<a href=\"https:\/\/youtu.be\/zlBHeFjJAN4\" target=\"_blank\" rel=\"noopener noreferrer\">Interview vid\u00e9o de Renaud Valin sur l&rsquo;utilisation de l&rsquo;\u00e9cran interactif dans le cadre de son activit\u00e9.<\/a><\/p>\n<h2>Terra Computer : des solutions interactives pour les professionnels<\/h2>\n<p>Terra Computeur est un fabricant et grossiste informatique allemand et poss\u00e8de sa propre marque Terra d\u2019outils num\u00e9riques, tels que des PC, tablettes, serveurs, etc., dont la construction est made in Europe.<\/p>\n<p>Merci \u00e0 Renaud de nous avoir re\u00e7u dans son magasin de solutions interactives et num\u00e9riques pour nous pr\u00e9senter son m\u00e9tier et les avantages de l\u2019\u00e9cran interactif. Revendeur pour le groupe France, Renaud Valin est responsable de l\u2019animation commerciale sur la r\u00e9gion parisienne, install\u00e9 \u00e0 Paris m\u00eame.<\/p>\n<p>En ayant pignon sur rue, Renaud profite d\u2019une visibilit\u00e9 pour exposer et faire tester les diff\u00e9rentes solutions interactives en direct. Son activit\u00e9 s\u2019adresse \u00e0 une client\u00e8le professionnelle, des entreprises de toutes tailles qui recherchent des outils num\u00e9riques performants et innovants.<\/p>\n<h2>L\u2019\u00e9cran interactif SpeechiTouch, un outil qui a de la gueule<\/h2>\n<blockquote><p>Le produit a de la gueule, il est sympa, en plus il est vendu par des fran\u00e7ais !<\/p><\/blockquote>\n<p>Un grand \u00e9cran interactif Speechi a pris place dans le magasin parisien et attire autant les regards de l\u2019int\u00e9rieur que de l\u2019ext\u00e9rieur. En effet, difficile de louper cette tablette g\u00e9ante Android, qui fait son effet visuellement !<\/p>\n<p>D\u2019ailleurs dans le magasin, qui fait office de showroom pour les clients, l\u2019\u00e9cran interactif est utilis\u00e9 comme support de diffusion pour faire d\u00e9filer tous les produits en image et en vid\u00e9o par exemple.<\/p>\n<p>Mais ce n\u2019est pas tout, l\u2019\u00e9cran interactif n\u2019est pas un simple \u00e9cran ! Celui-ci est dynamique et tactile, comme une tablette mais en taille g\u00e9ante et en tr\u00e8s performante, que vous pouvez aussi transformer en PC g\u00e9ant. Au rang des solutions interactives, il s\u2019agit d\u2019un outil collaboratif professionnel tr\u00e8s appr\u00e9ci\u00e9 et simple \u00e0 utiliser.<\/p>\n<h2 class=\"seo\">Que faire avec l\u2019\u00e9cran interactif Speechi ?<\/h2>\n<p>Bien s\u00fbr les usages de l\u2019\u00e9cran interactif sont multiples et comme vous avez pu le voir \u00e0 travers nos t\u00e9moignages tr\u00e8s diff\u00e9rents d\u2019une entreprise \u00e0 une autre.<\/p>\n<p>Renaud Valin profite \u00e9galement lui-m\u00eame des avantages de l\u2019\u00e9cran interactif pour diff\u00e9rents usages qu\u2019il nous d\u00e9crit ici.<\/p>\n<h3>Le mirroring sur \u00e9cran interactif<\/h3>\n<p>Son outil de travail principal est un notebook, transportable, maniable c\u2019est tr\u00e8s pratique. Le seul hic, c\u2019est que c\u2019est petit. <strong>Pourquoi ne pas alors retransmettre le contenu de son notebook en taille augment\u00e9e sur \u00e9cran interactif ?<\/strong><\/p>\n<table>\n<tbody>\n<tr style=\"background-color: #fff;\">\n<td width=\"50%\"><img decoding=\"async\" class=\"alignnone size-full wp-image-126421\" style=\"width: 100%;\" src=\"https:\/\/www.speechi.com\/wp-content\/uploads\/2022\/02\/speechi-interview-ecran-interactif-wortman-21-11-10-0-01-04-11-452px.jpg\" alt=\"mirroring avec screenshare sur \u00e9cran interactif\" \/><\/td>\n<td width=\"50%\">C\u2019est exactement ce que fait Renaud en utilisant <a href=\"http:\/\/speechi.com\/fr\/logiciel-partage-ecran-mirroring\">l\u2019application native Screenshare<\/a> de mirroring qui permet de partager son \u00e9cran de PC et le diffuser sur \u00e9cran interactif. Un confort pour les yeux non n\u00e9gligeable et bien plus pratique pour pr\u00e9senter du contenu \u00e0 d\u2019autres personnes.Le plus avec le mirroring sur \u00e9cran interactif, c\u2019est que le partage se fait instantan\u00e9ment et on r\u00e9cup\u00e8re le tactile. C\u2019est-\u00e0-dire que vous n\u2019avez plus \u00e0 piloter de votre \u00e9cran d\u2019ordinateur, mais pouvez interagir directement depuis l\u2019\u00e9cran interactif et ce \u00e0 plusieurs en m\u00eame temps. En effet, l\u2019\u00e9cran interactif Speechi est multitouch et accepte jusqu\u2019\u00e0 20 points de contact simultan\u00e9s.<\/td>\n<\/tr>\n<\/tbody>\n<\/table>\n<h3>La palette d\u2019outils de l\u2019\u00e9cran interactif Speechi<\/h3>\n<table>\n<tbody>\n<tr style=\"background-color: #fff;\">\n<td width=\"50%\"><img decoding=\"async\" class=\"alignnone size-full wp-image-126415\" style=\"width: 100%;\" src=\"https:\/\/www.speechi.com\/wp-content\/uploads\/2022\/02\/speechi-interview-ecran-interactif-wortman-21-11-10-0-01-50-19-452px.jpg\" alt=\"annoter capturer enregistrer du contenu sur \u00e9cran interactif tactile\" \/><\/td>\n<td width=\"50%\">Sur <a href=\"http:\/\/speechi.com\/fr\/ecran-interactif-tactile-superglass\">les \u00e9crans interactifs SpeechiTouch<\/a> vous pouvez retrouver une petite patte de chien, situ\u00e9e de chaque c\u00f4t\u00e9 de l\u2019\u00e9cran. En appuyant sur cette ic\u00f4ne, se d\u00e9roule un menu d\u2019acc\u00e8s rapide aux fonctionnalit\u00e9s les plus courantes et une palette d\u2019outils sign\u00e9e Speechi.Cette palette est accessible tout le temps, que vous naviguiez sur le web ou pr\u00e9sentiez un document. Celle-ci vous permet d\u2019annoter, \u00ab fluoter \u00bb un texte, une fonctionnalit\u00e9 souvent mise en avant par les diff\u00e9rents utilisateurs. La palette d&rsquo;outils s&rsquo;est enrichie sur notre tout dernier <a href=\"https:\/\/www.speechi.com\/fr\/ecrans-tactiles-superglass-2-note-video-recording-multiwindows-support-teams\/\">\u00e9cran interactif tactile SuperGlass 2<\/a>.<\/td>\n<\/tr>\n<\/tbody>\n<\/table>\n<h3>L&rsquo;\u00e9cran tactile interactif comme un PC g\u00e9ant<\/h3>\n<table>\n<tbody>\n<tr style=\"background-color: #fff;\">\n<td width=\"50%\"><img decoding=\"async\" class=\"alignnone size-full wp-image-126409\" style=\"width: 100%;\" src=\"https:\/\/www.speechi.com\/wp-content\/uploads\/2022\/02\/speechi-interview-ecran-interactif-wortman-21-11-10-0-01-16-12-452px.jpg\" alt=\"ops ou pc embarqu\u00e9 sur \u00e9cran interactif Speechi\" \/><\/td>\n<td width=\"50%\">L&rsquo;\u00e9cran tactile interactif fonctionne avec Android et ressemble fortement aux interfaces de nos \u00e9crans du quotidien, de nos smartphones et tablettes, ce qui en fait un outil intuitif.Si les fonctions d&rsquo;une tablette ne sont pas suffisantes pour votre usage, l&rsquo;\u00e9cran interactif tactile peut \u00e9galement se transformer en PC g\u00e9ant.Sur l&rsquo;ar\u00eate de l&rsquo;\u00e9cran, il est possible d&rsquo;int\u00e9grer un PC dit embarqu\u00e9 dans l&rsquo;\u00e9cran, aussi appel\u00e9 OPS, sur lequel vous pouvez installer tous vos logiciels professionnels.<\/td>\n<\/tr>\n<\/tbody>\n<\/table>\n<p>Encore merci \u00e0 Renaud Valin pour son accueil !<\/p>\n<p><a href=\"https:\/\/speechi.com\/fr\/ecran-interactif-tactile-android\/\">En savoir plus sur les \u00e9crans interactifs SpeechiTouch. <\/a><\/p>\n","protected":false},"excerpt":{"rendered":"<p>Nos t\u00e9moignages sur l\u2019utilisation de l\u2019\u00e9cran interactif continuent ! Cette fois notre \u00e9quipe artistique est all\u00e9e \u00e0 la rencontre de Renaud Valin, en charge du d\u00e9veloppement commercial pour la soci\u00e9t\u00e9 Terra Computer France, sp\u00e9cialiste informatique et revendeur de solutions interactives, dont les \u00e9crans interactifs Speechi. Interview vid\u00e9o de Renaud Valin sur l&rsquo;utilisation de l&rsquo;\u00e9cran interactif [&hellip;]<\/p>\n","protected":false},"author":56,"featured_media":44159392,"comment_status":"open","ping_status":"closed","sticky":false,"template":"","format":"standard","meta":{"_acf_changed":false,"_seopress_robots_primary_cat":"none","_seopress_titles_title":"T\u00e9moignage : l\u2019\u00e9cran interactif chez Terra Computer - Speechi","_seopress_titles_desc":"Renaud Valin, revendeur pour Terra Computer nous montre l'atout de l'\u00e9cran interactif Speechi dans son magasin parisien d'\u00e9quipements informatiques.","_seopress_robots_index":"","_et_pb_use_builder":"","_et_pb_old_content":"","_et_gb_content_width":"","footnotes":""},"categories":[49],"tags":[],"class_list":["post-126396","post","type-post","status-publish","format-standard","has-post-thumbnail","hentry","category-entreprise"],"acf":[],"_links":{"self":[{"href":"https:\/\/speechi.com\/fr\/wp-json\/wp\/v2\/posts\/126396","targetHints":{"allow":["GET"]}}],"collection":[{"href":"https:\/\/speechi.com\/fr\/wp-json\/wp\/v2\/posts"}],"about":[{"href":"https:\/\/speechi.com\/fr\/wp-json\/wp\/v2\/types\/post"}],"author":[{"embeddable":true,"href":"https:\/\/speechi.com\/fr\/wp-json\/wp\/v2\/users\/56"}],"replies":[{"embeddable":true,"href":"https:\/\/speechi.com\/fr\/wp-json\/wp\/v2\/comments?post=126396"}],"version-history":[{"count":5,"href":"https:\/\/speechi.com\/fr\/wp-json\/wp\/v2\/posts\/126396\/revisions"}],"predecessor-version":[{"id":44220001,"href":"https:\/\/speechi.com\/fr\/wp-json\/wp\/v2\/posts\/126396\/revisions\/44220001"}],"wp:featuredmedia":[{"embeddable":true,"href":"https:\/\/speechi.com\/fr\/wp-json\/wp\/v2\/media\/44159392"}],"wp:attachment":[{"href":"https:\/\/speechi.com\/fr\/wp-json\/wp\/v2\/media?parent=126396"}],"wp:term":[{"taxonomy":"category","embeddable":true,"href":"https:\/\/speechi.com\/fr\/wp-json\/wp\/v2\/categories?post=126396"},{"taxonomy":"post_tag","embeddable":true,"href":"https:\/\/speechi.com\/fr\/wp-json\/wp\/v2\/tags?post=126396"}],"curies":[{"name":"wp","href":"https:\/\/api.w.org\/{rel}","templated":true}]}}