{"id":128656,"date":"2022-04-11T09:15:00","date_gmt":"2022-04-11T07:15:00","guid":{"rendered":"https:\/\/www.speechi.com\/fr\/?p=128656"},"modified":"2025-02-28T14:50:28","modified_gmt":"2025-02-28T13:50:28","slug":"temoignage-ecole-epicc-ecran-interactif","status":"publish","type":"post","link":"https:\/\/speechi.com\/fr\/temoignage-ecole-epicc-ecran-interactif\/","title":{"rendered":"T\u00e9moignage : un \u00e9cran interactif \u00e0 l&rsquo;\u00e9cole de couture de Roubaix"},"content":{"rendered":"<p><strong>Notre \u00e9quipe est partie \u00e0 la rencontre de Pierre Delannoy, le directeur de l&rsquo;Ecole de Production Industrielle de Couture et Confection de Roubaix (EPICC). Le coeur de m\u00e9tier de l&rsquo;EPICC est de former des jeunes de 15 \u00e0 18 ans aux m\u00e9tiers de la confection industrielle textile et pour atteindre cet objectif l&rsquo;\u00e9cole s&rsquo;est \u00e9quip\u00e9e d&rsquo;<a href=\"https:\/\/speechi.com\/fr\/ecran-interactif-speechitouch\/\">un \u00e9cran interactif SpeechiTouch<\/a>.<\/strong><\/p>\n<p><a href=\"https:\/\/www.youtube.com\/watch?v=FWGo4G1DXq4\"><img decoding=\"async\" class=\"alignleft size-full wp-image-128674\" style=\"width: 100%;\" src=\"https:\/\/www.speechi.com\/wp-content\/uploads\/2022\/03\/speechi-interview-ecran-interactif-epicc-22-03-01-0-01-22-18-play-1-1.jpg\" alt=\"t\u00e9moignage vid\u00e9o sur l'usage de l'\u00e9cran interactif \u00e0 l'epicc\" \/><\/a><\/p>\n<p><a href=\"https:\/\/www.youtube.com\/watch?v=FWGo4G1DXq4\">Retrouvez en vid\u00e9o l\u2019interview de l&rsquo;EPICC sur l&rsquo;usage p\u00e9dagogique et professionnel de leur \u00e9cran interactif.<\/a><\/p>\n<hr \/>\n<h2>Un \u00e9cran interactif \u00e0 l&rsquo;EPICC : un outil collaboratif dans une \u00e9cole novatrice<\/h2>\n<p>L&rsquo;<a href=\"http:\/\/epicc59.fr\/\">EPICC<\/a> a une sp\u00e9cificit\u00e9 : il s&rsquo;agit d&rsquo;une \u00e9cole de production qui forme les jeunes en situation r\u00e9elle d&rsquo;entreprise au sein des ateliers de l&rsquo;\u00e9cole. Les \u00e9l\u00e8ves remplissent de v\u00e9ritables commandes pour des vrais clients.<\/p>\n<p>L&rsquo;EPICC se pr\u00e9sente comme une alternative cr\u00e9ative au lyc\u00e9e professionnel et \u00e0 l&rsquo;apprentissage pour des jeunes qui ne souhaitent plus emprunter la voie de l&rsquo;\u00e9cole traditionnelle et vont pr\u00e9f\u00e9rer l&rsquo;apprentissage par la pratique et par le concret. Cette approche favorise \u00e9galement l&rsquo;insertion professionnelle et sociale des \u00e9l\u00e8ves.<\/p>\n<p>Ainsi, 1\/3 du temps des \u00e9l\u00e8ves demeure consacr\u00e9 \u00e0 des enseignements g\u00e9n\u00e9raux dispens\u00e9s sur l&rsquo;<a href=\"https:\/\/speechi.com\/fr\/ecran-interactif-tactile-ecole\/\">\u00e9cran interactif dont l&rsquo;\u00e9cole<\/a> est \u00e9quip\u00e9e.<\/p>\n<table>\n<tbody>\n<tr>\n<td style=\"background-color: #fff;\">\n<h3>Un \u00e9cran interactif au service d&rsquo;une approche p\u00e9dagogique innovante<\/h3>\n<p><img decoding=\"async\" class=\"alignleft size-full wp-image-128694\" style=\"width: 70%;\" src=\"https:\/\/www.speechi.com\/wp-content\/uploads\/2022\/03\/speechi-interview-ecran-interactif-epicc-22-03-01-0-01-09-03-1.jpg\" alt=\"\u00e9cran interactif et visualiseur de documents speechicam\" \/><br \/>\nLes jeunes de l&rsquo;EPICC sont \u00e0 la fois form\u00e9s dans l&rsquo;atelier de production int\u00e9gr\u00e9 \u00e0 l&rsquo;\u00e9cole mais \u00e9galement gr\u00e2ce \u00e0 des enseignements g\u00e9n\u00e9raux.<\/p>\n<p>Ces temps th\u00e9oriques sont voulus plus modernes et con\u00e7us de mani\u00e8re participative afin de s&rsquo;\u00e9loigner au maximum du cours magistral classique : d&rsquo;o\u00f9 l&rsquo;id\u00e9e d&rsquo;acqu\u00e9rir un \u00e9cran num\u00e9rique interactif qui permet de varier les m\u00e9thodes de transmission du savoir (comme ci-contre avec <a href=\"http:\/\/speechi.com\/fr\/visualiseur-mobile\">un visualiseur de documents SpeechiCam<\/a>).<\/td>\n<\/tr>\n<\/tbody>\n<\/table>\n<table>\n<tbody>\n<tr>\n<td style=\"background-color: #fff;\">\n<h3>Les \u00e9tudiants et formateurs de l&rsquo;EPICC exploitent les parties Android et PC de l&rsquo;\u00e9cran<\/h3>\n<p><img decoding=\"async\" class=\"alignleft size-full wp-image-128701\" style=\"width: 70%;\" src=\"https:\/\/www.speechi.com\/wp-content\/uploads\/2022\/03\/speechi-interview-ecran-interactif-epicc-22-03-01-0-01-53-03.jpg\" alt=\"pc sur \u00e9cran interactif windows\" \/><br \/>\nL&rsquo;application Note (partie Android int\u00e9gr\u00e9e \u00e0 l&rsquo;ENI) est largement utilis\u00e9e par l&rsquo;EPICC, sur diff\u00e9rents sujets. Les \u00e9tudiants s&rsquo;en servent notamment pour projeter le patron et l&rsquo;annoter.<\/p>\n<p>Les membres de l&rsquo;\u00e9quipe p\u00e9dagogique de l&rsquo;EPICC appr\u00e9cie \u00e9galement l&rsquo;acc\u00e8s direct \u00e0 internet qui permet d&rsquo;acc\u00e9der \u00e0 de vastes ressources.<\/p>\n<p>L&rsquo;autre point positif de l&rsquo;\u00e9cran interactif c&rsquo;est la communication facile de l&rsquo;\u00e9cran interactif vers le PC de son utilisateur (et vice versa).<\/td>\n<\/tr>\n<\/tbody>\n<\/table>\n<table>\n<tbody>\n<tr>\n<td style=\"background-color: #fff;\">\n<h3>L&rsquo;utilisation du cloud et de google drive en cours facilit\u00e9e par l&rsquo;\u00e9cran interactif<\/h3>\n<blockquote><p>&#8230; que les formateurs puissent pr\u00e9parer des choses chez eux et r\u00e9cup\u00e9rer directement sur l&rsquo;\u00e9cran, sans avoir besoin de venir avec une clef USB, sans avoir besoin de connecter leur PC, etc.<\/p><\/blockquote>\n<p><img decoding=\"async\" class=\"alignleft size-full wp-image-128680\" style=\"width: 70%;\" src=\"https:\/\/www.speechi.com\/wp-content\/uploads\/2022\/03\/speechi-interview-ecran-interactif-epicc-22-03-01-0-02-13-18.jpg\" alt=\"cloud et google drive sur \u00e9cran interactif\" \/><br \/>\nPermettre aux professionnels et aux enseignants de gagner du temps \u00e9tait l&rsquo;id\u00e9e derri\u00e8re le d\u00e9veloppement du Speechi Cloud.<\/p>\n<p>L&rsquo;EPICC l&rsquo;a bien compris puisqu&rsquo;elle propose aux intervenants \/ formateurs dispensant les cours magistraux de pr\u00e9parer les pr\u00e9sentations directement depuis chez eux sans avoir \u00e0 se soucier du mat\u00e9riel qui sera mis \u00e0 leur disposition. Tout ceci de mani\u00e8re compl\u00e8tement s\u00e9curis\u00e9e.<\/td>\n<\/tr>\n<\/tbody>\n<\/table>\n<table>\n<tbody>\n<tr>\n<td style=\"background-color: #fff;\">\n<h2>Et la suite pour l&rsquo;EPICC et son(ses) \u00e9cran(s) interactif(s) ?<\/h2>\n<blockquote><p>J&rsquo;esp\u00e8re bien m&rsquo;\u00e9quiper d&rsquo;un deuxi\u00e8me \u00e9cran Speechi pour \u00e9quiper la deuxi\u00e8me salle de formation.<\/p><\/blockquote>\n<p><img decoding=\"async\" class=\"alignleft size-full wp-image-128687\" style=\"width: 70%;\" src=\"https:\/\/www.speechi.com\/wp-content\/uploads\/2022\/03\/speechi-interview-ecran-interactif-epicc-22-03-01-0-02-44-11.jpg\" alt=\"logiciel tableau interactif sur \u00e9cran num\u00e9rique\" \/><br \/>\nL&rsquo;EPICC s&rsquo;appr\u00eate \u00e0 s&rsquo;agrandir et esp\u00e8re bien acqu\u00e9rir un second \u00e9cran interactif \u00e0 l&rsquo;occasion de l&rsquo;\u00e9largissement de ses surfaces d&rsquo;ateliers et de salles de classe.<\/p>\n<p>Avec un second \u00e9cran, l&rsquo;EPICC pourra conserver son usage double de l&rsquo;\u00e9cran interactif : d&rsquo;un c\u00f4t\u00e9 son usage p\u00e9dagogique moderne, de l&rsquo;autre son utilisation lors des r\u00e9unions avec les partenaires et le conseil d&rsquo;administration en pr\u00e9sentiel comme en visioconf\u00e9rence.<\/td>\n<\/tr>\n<\/tbody>\n<\/table>\n<p><em>Un grand merci \u00e0 Pierre Delannoy et aux \u00e9l\u00e8ves de l&rsquo;EPICC pour leur disponibilit\u00e9 et leur accueil chaleureux ainsi qu&rsquo;\u00e0 notre partenaire Green Connect pour l&rsquo;installation.<\/em><\/p>\n<div style=\"border-top: 1px dashed #CCC; border-bottom: 1px dashed #CCC; padding-top: 30px; padding-bottom: 20px; margin-top: 30px; margin-bottom: 30px;\">\n<h3 style=\"text-align: center;\">Pour en savoir plus sur nos \u00e9quipements pour les \u00e9coles,<br \/>\nvisitez notre boutique.<\/h3>\n<p style=\"text-align: center;\"><a style=\"background: #099baa; color: #fff; padding: 10px 25px; border-radius: 10px; font-size: 15px; margin-top: 10px; display: inline-block;\" href=\"http:\/\/shop.speechi.com\" target=\"_blank\" rel=\"noopener noreferrer\">Visiter la boutique<\/a><\/p>\n<\/div>\n","protected":false},"excerpt":{"rendered":"<p>Notre \u00e9quipe est partie \u00e0 la rencontre de Pierre Delannoy, le directeur de l&rsquo;Ecole de Production Industrielle de Couture et Confection de Roubaix (EPICC). Le coeur de m\u00e9tier de l&rsquo;EPICC est de former des jeunes de 15 \u00e0 18 ans aux m\u00e9tiers de la confection industrielle textile et pour atteindre cet objectif l&rsquo;\u00e9cole s&rsquo;est \u00e9quip\u00e9e [&hellip;]<\/p>\n","protected":false},"author":29,"featured_media":44149768,"comment_status":"open","ping_status":"closed","sticky":false,"template":"","format":"standard","meta":{"_acf_changed":false,"_seopress_robots_primary_cat":"none","_seopress_titles_title":"Un \u00e9cran interactif \u00e0 l'\u00e9cole de couture de Roubaix","_seopress_titles_desc":"D\u00e9couvrez le t\u00e9moignage de Pierre Delannoy, directeur de l'EPICC de Roubaix, sur l'utilisation de l'\u00e9cran interactif SpeechiTouch en p\u00e9dagogie.","_seopress_robots_index":"","_et_pb_use_builder":"","_et_pb_old_content":"","_et_gb_content_width":"","footnotes":""},"categories":[70,125],"tags":[],"class_list":["post-128656","post","type-post","status-publish","format-standard","has-post-thumbnail","hentry","category-faq-ecran-interactif","category-temoignages"],"acf":[],"_links":{"self":[{"href":"https:\/\/speechi.com\/fr\/wp-json\/wp\/v2\/posts\/128656","targetHints":{"allow":["GET"]}}],"collection":[{"href":"https:\/\/speechi.com\/fr\/wp-json\/wp\/v2\/posts"}],"about":[{"href":"https:\/\/speechi.com\/fr\/wp-json\/wp\/v2\/types\/post"}],"author":[{"embeddable":true,"href":"https:\/\/speechi.com\/fr\/wp-json\/wp\/v2\/users\/29"}],"replies":[{"embeddable":true,"href":"https:\/\/speechi.com\/fr\/wp-json\/wp\/v2\/comments?post=128656"}],"version-history":[{"count":4,"href":"https:\/\/speechi.com\/fr\/wp-json\/wp\/v2\/posts\/128656\/revisions"}],"predecessor-version":[{"id":44175244,"href":"https:\/\/speechi.com\/fr\/wp-json\/wp\/v2\/posts\/128656\/revisions\/44175244"}],"wp:featuredmedia":[{"embeddable":true,"href":"https:\/\/speechi.com\/fr\/wp-json\/wp\/v2\/media\/44149768"}],"wp:attachment":[{"href":"https:\/\/speechi.com\/fr\/wp-json\/wp\/v2\/media?parent=128656"}],"wp:term":[{"taxonomy":"category","embeddable":true,"href":"https:\/\/speechi.com\/fr\/wp-json\/wp\/v2\/categories?post=128656"},{"taxonomy":"post_tag","embeddable":true,"href":"https:\/\/speechi.com\/fr\/wp-json\/wp\/v2\/tags?post=128656"}],"curies":[{"name":"wp","href":"https:\/\/api.w.org\/{rel}","templated":true}]}}