{"id":131009,"date":"2022-05-12T08:04:18","date_gmt":"2022-05-12T06:04:18","guid":{"rendered":"https:\/\/www.speechi.com\/fr\/?p=131009"},"modified":"2026-04-21T09:58:17","modified_gmt":"2026-04-21T07:58:17","slug":"salon-ise-barcelone-2022","status":"publish","type":"post","link":"https:\/\/speechi.com\/fr\/salon-ise-barcelone-2022\/","title":{"rendered":"Salon ISE Barcelone : pour la premi\u00e8re fois, Speechi y est"},"content":{"rendered":"<h2>ISE (Integrated Systems Europe) : Speechi sur un salon europ\u00e9en<\/h2>\n<p><em>Integrated Systems Europe<\/em> \u00e7a fait un peu pompeux comme titre et \u00e7a fait tr\u00e8s s\u00e9rieux. Apr\u00e8s avoir encha\u00een\u00e9 les plus grands salons fran\u00e7ais, nos \u00e9quipes emm\u00e8nent nos \u00e9crans interactifs, nos outils collaboratifs et nos visualiseurs de l&rsquo;autre c\u00f4t\u00e9 des Pyr\u00e9n\u00e9es.<\/p>\n<p>Sur le stand 2E510, les visiteurs barcelonais pourront d\u00e9couvrir nos innovations frenchies : le premier \u00e9cran interactif anti-covid, notre tout nouveau syst\u00e8me de reconnaissance faciale, la personnalisation du launcher de nos \u00e9crans SuperGlass 2 mais aussi nos visualiseurs de documents dont la tr\u00e8s appr\u00e9ci\u00e9e <a href=\"http:\/\/speechi.com\/fr\/visualiseur-mobile\">SpeechiCam7<\/a> et nos <a href=\"https:\/\/speechi.com\/fr\/comparatif-cameras-et-micros-visioconference\/\">solutions de visioconf\u00e9rence<\/a> (de nos cam\u00e9ras intelligentes \u00e0 notre haut parleur 360\u00b0 sans fil).<\/p>\n<p>Encore quelques petites r\u00e9visions de l&rsquo;espagnol (l&rsquo;anglais est d\u00e9j\u00e0 au poil) et on sera pr\u00eat pour accueillir les catalans et autres visiteurs du 10 au 13 mai 2022.<\/p>\n","protected":false},"excerpt":{"rendered":"<p>ISE (Integrated Systems Europe) : Speechi sur un salon europ\u00e9en Integrated Systems Europe \u00e7a fait un peu pompeux comme titre et \u00e7a fait tr\u00e8s s\u00e9rieux. Apr\u00e8s avoir encha\u00een\u00e9 les plus grands salons fran\u00e7ais, nos \u00e9quipes emm\u00e8nent nos \u00e9crans interactifs, nos outils collaboratifs et nos visualiseurs de l&rsquo;autre c\u00f4t\u00e9 des Pyr\u00e9n\u00e9es. Sur le stand 2E510, les [&hellip;]<\/p>\n","protected":false},"author":29,"featured_media":44159381,"comment_status":"open","ping_status":"closed","sticky":false,"template":"","format":"standard","meta":{"_acf_changed":false,"_seopress_robots_primary_cat":"none","_seopress_titles_title":"Salon ISE Barcelone : pour la premi\u00e8re fois, Speechi y est","_seopress_titles_desc":"L'entreprise fran\u00e7aise Speechi, experte des solutions interactives et de l'\u00e9cran interactif, sera pr\u00e9sente au salon barcelonais ISE pour la premi\u00e8re fois.","_seopress_robots_index":"","_et_pb_use_builder":"","_et_pb_old_content":"","_et_gb_content_width":"","footnotes":""},"categories":[49],"tags":[],"class_list":["post-131009","post","type-post","status-publish","format-standard","has-post-thumbnail","hentry","category-entreprise"],"acf":[],"_links":{"self":[{"href":"https:\/\/speechi.com\/fr\/wp-json\/wp\/v2\/posts\/131009","targetHints":{"allow":["GET"]}}],"collection":[{"href":"https:\/\/speechi.com\/fr\/wp-json\/wp\/v2\/posts"}],"about":[{"href":"https:\/\/speechi.com\/fr\/wp-json\/wp\/v2\/types\/post"}],"author":[{"embeddable":true,"href":"https:\/\/speechi.com\/fr\/wp-json\/wp\/v2\/users\/29"}],"replies":[{"embeddable":true,"href":"https:\/\/speechi.com\/fr\/wp-json\/wp\/v2\/comments?post=131009"}],"version-history":[{"count":5,"href":"https:\/\/speechi.com\/fr\/wp-json\/wp\/v2\/posts\/131009\/revisions"}],"predecessor-version":[{"id":44219918,"href":"https:\/\/speechi.com\/fr\/wp-json\/wp\/v2\/posts\/131009\/revisions\/44219918"}],"wp:featuredmedia":[{"embeddable":true,"href":"https:\/\/speechi.com\/fr\/wp-json\/wp\/v2\/media\/44159381"}],"wp:attachment":[{"href":"https:\/\/speechi.com\/fr\/wp-json\/wp\/v2\/media?parent=131009"}],"wp:term":[{"taxonomy":"category","embeddable":true,"href":"https:\/\/speechi.com\/fr\/wp-json\/wp\/v2\/categories?post=131009"},{"taxonomy":"post_tag","embeddable":true,"href":"https:\/\/speechi.com\/fr\/wp-json\/wp\/v2\/tags?post=131009"}],"curies":[{"name":"wp","href":"https:\/\/api.w.org\/{rel}","templated":true}]}}