{"id":133226,"date":"2022-06-20T15:02:22","date_gmt":"2022-06-20T13:02:22","guid":{"rendered":"https:\/\/www.speechi.com\/fr\/?p=133226"},"modified":"2024-10-10T17:18:11","modified_gmt":"2024-10-10T15:18:11","slug":"ecran-interactif-serie-invisibles","status":"publish","type":"post","link":"https:\/\/speechi.com\/fr\/ecran-interactif-serie-invisibles\/","title":{"rendered":"Speechi fait son cin\u00e9ma en 98&Prime; dans la s\u00e9rie \u00ab\u00a0Les invisibles\u00a0\u00bb sur France 2"},"content":{"rendered":"<p><span style=\"font-weight: bold;\">Sans m\u00eame avoir eu \u00e0 passer de casting, nos <a href=\"https:\/\/speechi.com\/fr\/ecran-interactif-tactile-android\/\">\u00e9crans interactifs SpeechiTouch SuperGlass<\/a> ont \u00e9t\u00e9 rep\u00e9r\u00e9s par une \u00e9quipe de tournage qui nous a contact\u00e9s pour qu&rsquo;il fasse partie du d\u00e9cor de leur s\u00e9rie. Un pr\u00eat que nous avons bien \u00e9videmment accept\u00e9 en \u00e9change de quelques photos souvenirs que nous vous partageons aujourd&rsquo;hui. <\/span><\/p>\n<p>A d\u00e9faut de celui de 1<sup>er<\/sup> plan, nous avons donc le plaisir de vous annoncer que notre \u00e9cran phare tient d\u00e9sormais un r\u00f4le d&rsquo;arri\u00e8re-plan &#8211; mais permanent ! &#8211; dans la s\u00e9rie fran\u00e7aise <i>Les invisibles<\/i> diffus\u00e9e sur France 2.<\/p>\n<p><img decoding=\"async\" class=\"alignleft size-full wp-image-133235\" style=\"width: 100%;\" src=\"https:\/\/www.speechi.com\/wp-content\/uploads\/2022\/06\/tournage-serie-les-invisibles-fr2-ecran-interactif-geant-speechi-98-pouces.jpg\" alt=\"\" \/><\/p>\n<hr \/>\n<h2>Notre \u00e9cran interactif SuperGlass 98\u00a0\u00bb sur le plateau de tournage des Invisibles<\/h2>\n<p>Le tableau sur lequel sont punais\u00e9s photos, preuves, pistes et indices a tout du TBI des professeurs. Sauf qu&rsquo;ici, il est l\u2019outil de pr\u00e9dilection des enqu\u00eateurs, un incontournable des s\u00e9ries polici\u00e8res tr\u00e8s visuel qui permet au t\u00e9l\u00e9spectateur de suivre la progression de l&rsquo;enqu\u00eate.<\/p>\n<p>Le tableau traditionnel est ici remplac\u00e9 par notre <a href=\"http:\/\/speechi.com\/fr\/ecran-interactif-tactile-superglass\">\u00e9cran interactif tactile SuperGlass<\/a>. Et quitte \u00e0 avoir la folie des grandeurs, c\u2019est un 98\u2019\u2019 qui a pris place sur les plateaux de tournage situ\u00e9s \u00e0 Lille et dans ses environs pour les saisons 1 et 2. Voici quelques unes des photos envoy\u00e9es par l&rsquo;\u00e9quipe des quelques sc\u00e8nes de figuration de notre \u00e9cran 98\u00a0\u00bb.<\/p>\n<p><img decoding=\"async\" class=\"alignleft size-full wp-image-133242\" style=\"width: 100%;\" src=\"https:\/\/www.speechi.com\/wp-content\/uploads\/2022\/06\/tournage-serie-policiere-france2-ecran-tactile-geant-speechi-98.jpg\" alt=\"\" \/><\/p>\n<p><img decoding=\"async\" class=\"alignleft size-full wp-image-133264\" style=\"width: 100%;\" src=\"https:\/\/www.speechi.com\/wp-content\/uploads\/2022\/06\/ecran-interactif-superglass-98-speechi-plateau-tournage-les-invisibles-france2.jpg\" alt=\"\" \/><\/p>\n","protected":false},"excerpt":{"rendered":"<p>Sans m\u00eame avoir eu \u00e0 passer de casting, nos \u00e9crans interactifs SpeechiTouch SuperGlass ont \u00e9t\u00e9 rep\u00e9r\u00e9s par une \u00e9quipe de tournage qui nous a contact\u00e9s pour qu&rsquo;il fasse partie du d\u00e9cor de leur s\u00e9rie. Un pr\u00eat que nous avons bien \u00e9videmment accept\u00e9 en \u00e9change de quelques photos souvenirs que nous vous partageons aujourd&rsquo;hui. A d\u00e9faut [&hellip;]<\/p>\n","protected":false},"author":21,"featured_media":44159373,"comment_status":"open","ping_status":"closed","sticky":false,"template":"","format":"standard","meta":{"_acf_changed":false,"_seopress_robots_primary_cat":"none","_seopress_titles_title":"Speechi fait son cin\u00e9ma en 98\" dans la s\u00e9rie Les invisibles (France 2)","_seopress_titles_desc":"Sans avoir eu \u00e0 passer de casting, nos \u00e9crans interactifs SpeechiTouch SuperGlass ont \u00e9t\u00e9 rep\u00e9r\u00e9s par l'\u00e9quipe de tournage de la s\u00e9rie Les Invisibles.","_seopress_robots_index":"","_et_pb_use_builder":"","_et_pb_old_content":"","_et_gb_content_width":"","footnotes":""},"categories":[49],"tags":[],"class_list":["post-133226","post","type-post","status-publish","format-standard","has-post-thumbnail","hentry","category-entreprise"],"acf":[],"_links":{"self":[{"href":"https:\/\/speechi.com\/fr\/wp-json\/wp\/v2\/posts\/133226","targetHints":{"allow":["GET"]}}],"collection":[{"href":"https:\/\/speechi.com\/fr\/wp-json\/wp\/v2\/posts"}],"about":[{"href":"https:\/\/speechi.com\/fr\/wp-json\/wp\/v2\/types\/post"}],"author":[{"embeddable":true,"href":"https:\/\/speechi.com\/fr\/wp-json\/wp\/v2\/users\/21"}],"replies":[{"embeddable":true,"href":"https:\/\/speechi.com\/fr\/wp-json\/wp\/v2\/comments?post=133226"}],"version-history":[{"count":4,"href":"https:\/\/speechi.com\/fr\/wp-json\/wp\/v2\/posts\/133226\/revisions"}],"predecessor-version":[{"id":44175013,"href":"https:\/\/speechi.com\/fr\/wp-json\/wp\/v2\/posts\/133226\/revisions\/44175013"}],"wp:featuredmedia":[{"embeddable":true,"href":"https:\/\/speechi.com\/fr\/wp-json\/wp\/v2\/media\/44159373"}],"wp:attachment":[{"href":"https:\/\/speechi.com\/fr\/wp-json\/wp\/v2\/media?parent=133226"}],"wp:term":[{"taxonomy":"category","embeddable":true,"href":"https:\/\/speechi.com\/fr\/wp-json\/wp\/v2\/categories?post=133226"},{"taxonomy":"post_tag","embeddable":true,"href":"https:\/\/speechi.com\/fr\/wp-json\/wp\/v2\/tags?post=133226"}],"curies":[{"name":"wp","href":"https:\/\/api.w.org\/{rel}","templated":true}]}}