{"id":135626,"date":"2022-09-18T15:09:25","date_gmt":"2022-09-18T13:09:25","guid":{"rendered":"https:\/\/www.speechi.com\/fr\/?p=135626"},"modified":"2024-06-03T14:06:07","modified_gmt":"2024-06-03T12:06:07","slug":"taille-ecran-salle-reunion","status":"publish","type":"post","link":"https:\/\/speechi.com\/fr\/taille-ecran-salle-reunion\/","title":{"rendered":"Quelle est la meilleure taille pour un \u00e9cran de salle de r\u00e9union ?"},"content":{"rendered":"<p><img loading=\"lazy\" decoding=\"async\" class=\"alignright wp-image-133862\" src=\"https:\/\/www.speechi.com\/wp-content\/uploads\/2022\/06\/grande-salle-reunion-ecran-interactif-2-300x300.jpg\" alt=\"salle de r\u00e9union avec \u00e9cran interactif\" width=\"200\" height=\"116\" \/>Gr\u00e2ce \u00e0 nos diff\u00e9rents articles sur le <a href=\"https:\/\/www.speechi.com\/fr\/materiel-webconference\/\">mat\u00e9riel de visioconf\u00e9rence<\/a>, vous en savez plus sur les appareils \u00e0 installer dans une salle de r\u00e9union. Vous \u00eates donc pr\u00eat \u00e0 investir dans un microphone sans fil et, surtout, dans un \u00e9cran interactif ? Mais quelles devront \u00eatre les dimensions de cette large tablette tactile ? Nous vous aidons \u00e0 vous d\u00e9cider et vous pr\u00e9sentons une offre compl\u00e8te, adapt\u00e9e pour des r\u00e9unions \u00e0 distance et \/ ou en pr\u00e9sentiel.<\/p>\n<h2>La taille id\u00e9ale pour votre \u00e9cran de salle de r\u00e9union<\/h2>\n<p><img decoding=\"async\" class=\"size-full wp-image-129879 alignleft\" src=\"https:\/\/www.speechi.com\/wp-content\/uploads\/2022\/04\/grande-salle-de-reunion-ecran-interactif-espace247-400px-2.jpg\" alt=\"grande salle de r\u00e9union avec appareil interactif et tactile\" \/>Pour des r\u00e9unions classiques ou des visioconf\u00e9rences, l&rsquo;usage d&rsquo;un appareil interactif s&rsquo;impose de plus en plus. Cependant, il est important de bien choisir la taille de l&rsquo;\u00e9cran, en pouces.<\/p>\n<p>Afin d&rsquo;assurer le meilleur confort visuel, cette diagonale doit \u00eatre suffisante. La surface de la salle a son r\u00f4le \u00e0 jouer mais aussi le nombre de personnes assises pr\u00e8s de l&rsquo;\u00e9cran. Plus le public sera nombreux, plus la taille d&rsquo;un \u00e9cran interactif devra \u00eatre importante.<\/p>\n<p>Pour parler concr\u00e8tement, les recommandations sont les suivantes. Pour une petite salle, \u00e9troite et peu profonde, un mod\u00e8le de 55 pouces peut convenir. Cependant, si une <a href=\"https:\/\/www.speechi.com\/fr\/ecran-salle-reunion\/\">salle plus large<\/a> peut regrouper une trentaine de personnes, nous vous recommandons plut\u00f4t d&rsquo;opter pour un \u00e9cran interactif de 65 \u00e0 75 pouces. Enfin, si le personnel de votre PME ou de votre collectivit\u00e9 d\u00e9passe la quarantaine de personnes, il est pr\u00e9f\u00e9rable d&rsquo;investir dans un appareil approchant les 100 pouces (entre 86 et 98).<\/p>\n<p>Vous vous demandez \u00e0 quoi correspond un pouce. Cette mesure anglophone correspond \u00e0 2,54 centim\u00e8tres, pour \u00eatre tr\u00e8s pr\u00e9cis. Vous pouvez utiliser le convertisseur Google pour conna\u00eetre la correspondance et donc avoir une id\u00e9e plus pr\u00e9cise de cette diagonale. Ainsi, pour un \u00e9cran de 86 pouces, cette taille sera de 218 centim\u00e8tres. Vous ne connaissez pas pour autant la longueur et la hauteur. Ces mesures figurent sur toutes nos fiches produits. Ainsi, pour un tel appareil interactif, vous profiterez d&rsquo;une large surface rectangulaire de 196 centim\u00e8tres de long et haut de 116 centim\u00e8tres.<\/p>\n<p>Cette vid\u00e9o vous montre les int\u00e9r\u00eats d&rsquo;un large \u00e9cran pour des s\u00e9ances de travail collaboratives et efficaces !<\/p>\n<p><iframe loading=\"lazy\" title=\"YouTube video player\" src=\"https:\/\/www.youtube.com\/embed\/wKxgyNGqz8o\" width=\"560\" height=\"315\" frameborder=\"0\" allowfullscreen=\"allowfullscreen\"><\/iframe><\/p>\n<p>Par ailleurs, la r\u00e9solution joue un r\u00f4le important. Si vous organisez une formation en interne, un s\u00e9minaire, une r\u00e9union de travail ou in s\u00e9minaire, il est pr\u00e9f\u00e9rable de compter sur un appareil dot\u00e9 d&rsquo;une Haute R\u00e9solution, comme la 4K.<\/p>\n<p>Dimensions, r\u00e9solutions et capacit\u00e9s techniques figurent sur toutes nos fiches-produits. Il sera donc facile de comparer entre de nombreux \u00e9crans de type Capacitif, <a href=\"https:\/\/shop.speechi.com\/fr\/119-ecrans-interactifs-speechitouch-android-haute-precision-superglass\">SuperGlass<\/a> ou SpeechiTouch Pro &#8230;<\/p>\n<h2>Un large choix d&rsquo;appareils interactifs pour toutes vos r\u00e9unions !<\/h2>\n<p><img loading=\"lazy\" decoding=\"async\" class=\"size-medium wp-image-95639 alignright\" src=\"https:\/\/www.speechi.com\/wp-content\/uploads\/2021\/01\/ecran-anti-germes-98-v2-tab-456x335px-300x220.jpg\" alt=\"un grand \u00e9cran de 98 pouces\" width=\"300\" height=\"220\" \/>Notre catalogue est en effet vari\u00e9 et permettra \u00e0 toutes les organisations de trouver la meilleure taille d&rsquo;\u00e9cran, en fonction de vos attentes.<br \/>\nVoici une liste non exhaustive de tous nos \u00e9crans : 43, 55, 65, 75, 86 et 98 pouces. Les informations figurant sur notre site, en particulier au sujet des UX Pro vous guideront pour d\u00e9finir les meilleures tailles, pour une ou plusieurs salles de r\u00e9union.<\/p>\n<p>Rappelons que la r\u00e9solution de l&rsquo;\u00e9cran joue un r\u00f4le fondamental pour le confort visuel. Avec un 4K ou Ultra Haute D\u00e9finition (3840 X 2160), l&rsquo;image sera plus nette et de meilleure qualit\u00e9. Vous pouvez aussi consid\u00e9rer d&rsquo;autres \u00e9l\u00e9ments, en particulier l&rsquo;angle de vue, le ratio d&rsquo;affichage et la luminosit\u00e9.<\/p>\n<p>Enfin, ne n\u00e9gligez pas les performances informatiques, en particulier le processeur, la version Andro\u00efd ou la capacit\u00e9 du disque dur. Vous serez \u00e9galement attentif aux connectiques pr\u00e9sentes. Un port USB ou un connecteur HDMI sera toujours pratique pour connecter d&rsquo;autres appareils vid\u00e9os ou informatiques.<\/p>\n<p>Ces informations vous permettent d&rsquo;en savoir plus sur la taille adapt\u00e9e pour votre futur \u00e9cran de salle de r\u00e9union ! Vous saurez donc quelles seront les dimensions de cet appareil. Si vous avez des questions ou besoin de renseignements compl\u00e9mentaires, n&rsquo;h\u00e9sitez pas \u00e0 joindre notre service-client par email ou \u00e0 nous t\u00e9l\u00e9phoner.<\/p>\n","protected":false},"excerpt":{"rendered":"<p>Gr\u00e2ce \u00e0 nos diff\u00e9rents articles sur le mat\u00e9riel de visioconf\u00e9rence, vous en savez plus sur les appareils \u00e0 installer dans une salle de r\u00e9union. Vous \u00eates donc pr\u00eat \u00e0 investir dans un microphone sans fil et, surtout, dans un \u00e9cran interactif ? Mais quelles devront \u00eatre les dimensions de cette large tablette tactile ? Nous [&hellip;]<\/p>\n","protected":false},"author":20,"featured_media":44155350,"comment_status":"open","ping_status":"closed","sticky":false,"template":"","format":"standard","meta":{"_acf_changed":false,"_seopress_robots_primary_cat":"none","_seopress_titles_title":"Taille ecran salle de reunion - Dimensions \u00e9crans interactifs","_seopress_titles_desc":"Quelle doit \u00eatre la dimension de votre \u00e9cran de salle de r\u00e9union ? D\u00e9couvrez des \u00e9l\u00e9ments de r\u00e9ponse sur le Blog Speechi. Et Retrouvez une Offre Vari\u00e9e","_seopress_robots_index":"","_et_pb_use_builder":"","_et_pb_old_content":"","_et_gb_content_width":"","footnotes":""},"categories":[68],"tags":[],"class_list":["post-135626","post","type-post","status-publish","format-standard","has-post-thumbnail","hentry","category-faq-salle-reunion"],"acf":[],"_links":{"self":[{"href":"https:\/\/speechi.com\/fr\/wp-json\/wp\/v2\/posts\/135626","targetHints":{"allow":["GET"]}}],"collection":[{"href":"https:\/\/speechi.com\/fr\/wp-json\/wp\/v2\/posts"}],"about":[{"href":"https:\/\/speechi.com\/fr\/wp-json\/wp\/v2\/types\/post"}],"author":[{"embeddable":true,"href":"https:\/\/speechi.com\/fr\/wp-json\/wp\/v2\/users\/20"}],"replies":[{"embeddable":true,"href":"https:\/\/speechi.com\/fr\/wp-json\/wp\/v2\/comments?post=135626"}],"version-history":[{"count":2,"href":"https:\/\/speechi.com\/fr\/wp-json\/wp\/v2\/posts\/135626\/revisions"}],"predecessor-version":[{"id":44155925,"href":"https:\/\/speechi.com\/fr\/wp-json\/wp\/v2\/posts\/135626\/revisions\/44155925"}],"wp:featuredmedia":[{"embeddable":true,"href":"https:\/\/speechi.com\/fr\/wp-json\/wp\/v2\/media\/44155350"}],"wp:attachment":[{"href":"https:\/\/speechi.com\/fr\/wp-json\/wp\/v2\/media?parent=135626"}],"wp:term":[{"taxonomy":"category","embeddable":true,"href":"https:\/\/speechi.com\/fr\/wp-json\/wp\/v2\/categories?post=135626"},{"taxonomy":"post_tag","embeddable":true,"href":"https:\/\/speechi.com\/fr\/wp-json\/wp\/v2\/tags?post=135626"}],"curies":[{"name":"wp","href":"https:\/\/api.w.org\/{rel}","templated":true}]}}