{"id":135647,"date":"2022-08-25T17:14:32","date_gmt":"2022-08-25T15:14:32","guid":{"rendered":"https:\/\/www.speechi.com\/fr\/?p=135647"},"modified":"2024-10-16T10:13:29","modified_gmt":"2024-10-16T08:13:29","slug":"tarif-ecran-salle-conference","status":"publish","type":"post","link":"https:\/\/speechi.com\/fr\/tarif-ecran-salle-conference\/","title":{"rendered":"Quelques informations sur le tarif d&rsquo;un \u00e9cran de salle de conf\u00e9rence"},"content":{"rendered":"<p><img loading=\"lazy\" decoding=\"async\" class=\"size-medium wp-image-90956 alignright\" src=\"https:\/\/www.speechi.com\/wp-content\/uploads\/2020\/12\/ecran-interactif-tactile-haute-precision-superglass-android-speechitouch-uhd-98-1-300x178.jpg\" alt=\"un \u00e9cran 98 pouces SuperGlass pour conf\u00e9rence\" width=\"300\" height=\"178\" \/>Votre entreprise, votre mairie ou votre organisation dispose d&rsquo;un auditorium ou d&rsquo;une grande salle de conf\u00e9rence ? Vous y organisez des s\u00e9minaires, des formations et bien entendu des conf\u00e9rences. Dans cette optique, nous vous conseillons d&rsquo;investir dans un \u00e9cran interactif ! Mais pas n&rsquo;importe lequel ! Pour ne pas regretter cet investissement, nous vous recommandons une lecture attentive de cet article.<\/p>\n<h2>Quel \u00e9cran interactif pour un auditorium et une grande salle recevant du public ?<\/h2>\n<p>Avec ce type d&rsquo;espace, vous devrez garantir une bonne qualit\u00e9 visuelle pour les participants. Cette salle peut \u00eatre profonde et r\u00e9unir des centaines de personnes. Autrement dit, vous devrez compter sur une large surface de projection associ\u00e9e \u00e0 un <a href=\"https:\/\/www.speechi.com\/fr\/tarif-projecteur-ecran-grande-salle-conference\/\">vid\u00e9oprojecteur interactif<\/a>. Cependant, vous pouvez aussi disposer plusieurs \u00e9crans tactiles \u00e0 l&rsquo;attention des personnes assises dans les premiers rangs.<\/p>\n<p>Ainsi, ce public pourra lire les textes affich\u00e9s \u00e0 une distance de 3-4 m\u00e8tres. Cependant, vous devez aussi tenir compte de la r\u00e9solution de l&rsquo;image, en privil\u00e9giant une Ultra Haute D\u00e9finition (UHD ou 4 K).<\/p>\n<p>Enfin, certaines fonctionnalit\u00e9s peuvent \u00eatre int\u00e9ressantes, en particulier si le public intervient en \u00e9crivant sur la dalle tactile de ces \u00e9crans interactifs. Dans ce cas, soyez vigilant sur le nombre de touchers simultan\u00e9s ou sur la finesse de l&rsquo;\u00e9criture. Pour certains, le mod\u00e8le haut de gamme sera sans doute le SuperGlass de 98 pouces. Cette vid\u00e9o vous permet de d\u00e9couvrir quelques-uns de ses atouts.<\/p>\n<p><iframe loading=\"lazy\" title=\"YouTube video player\" src=\"https:\/\/www.youtube.com\/embed\/YYBmcLQd2b8\" width=\"560\" height=\"315\" frameborder=\"0\" allowfullscreen=\"allowfullscreen\"><\/iframe><\/p>\n<h2>Quel sera le tarif de cet \u00e9cran de salle de conf\u00e9rence ?<\/h2>\n<p><img loading=\"lazy\" decoding=\"async\" class=\"alignleft wp-image-129046 size-thumbnail\" src=\"https:\/\/www.speechi.com\/wp-content\/uploads\/2022\/03\/ecran-interactif-clevertouch-m-series-2-86-blog-300x254.jpg\" alt=\"\u00e9cran interactif de 86 pouces\" width=\"300\" height=\"254\" \/>Si vous avez lu notre article d\u00e9di\u00e9 au <a href=\"https:\/\/www.speechi.com\/fr\/tarif-ecran-salle-reunion\/\">prix des appareils de salle de r\u00e9union<\/a>, vous devez savoir que ceux-ci sont tr\u00e8s variables. Le prix peut en effet \u00e9voluer selon la taille. Ainsi, un \u00e9cran tactile de 43 ou de 55 pouces sera forc\u00e9ment moins cher qu&rsquo;un <a href=\"https:\/\/www.speechi.com\/fr\/ecran-salle-reunion\/\">large \u00e9cran<\/a> utilis\u00e9 dans un auditorium ou une salle de r\u00e9union.<br \/>\nRappelons que les mod\u00e8les qui nous int\u00e9ressent doivent pr\u00e9senter une diagonale minimale de 86 ou 98 pouces. Ainsi, vous aurez \u00e0 chercher une telle dimension en visitant les diff\u00e9rents catalogues d&rsquo;appareils, en particulier les mod\u00e8les \u00e0 <a href=\"https:\/\/shop.speechi.com\/fr\/118-ecrans-interactifs-speechitouch-infrarouge\">technologie infrarouge<\/a> ou les SuperGlass. Vous pouvez ainsi faire l&rsquo;acquisition du premier (taille de 86 pouces) \u00e0 moins de 4000 euros. Mais si vous optez pour un mod\u00e8le plus large (98 pouces) de la Gamme SuperGlass, le tarif d\u00e9passera les 8000 euros.<\/p>\n<p>Par cons\u00e9quent, avant d&rsquo;investir, il est fondamental de comparer entre les divers \u00e9crans en vente sur notre boutique en ligne. Nous proposons des brochures tr\u00e8s d\u00e9taill\u00e9es, disponibles en t\u00e9l\u00e9chargement. Vous pouvez aussi consulter avec attention les divers articles de notre blog.<\/p>\n<p>Vous comprendrez le prix d&rsquo;un large \u00e9cran de salle de r\u00e9union en vous rendant sur la fiche-produit. Cette page mentionne en effet toutes les sp\u00e9cificit\u00e9s de tous ces appareils. Vous connaitrez ainsi les donn\u00e9es relatives \u00e0 l&rsquo;image, comme la r\u00e9solution, le ratio d&rsquo;affichage ou la luminosit\u00e9. Vous appr\u00e9cierez les informations d\u00e9taill\u00e9es relatives aux performances informatiques. Avec un processeur puissant et une importante m\u00e9moire vive, vous pourrez r\u00e9aliser des pr\u00e9sentations \u00e9tonnantes pour le public assistant \u00e0 une conf\u00e9rence. Nous indiquons \u00e9galement tous les renseignements concernant les capacit\u00e9s tactiles : nombre et type de stylets, pr\u00e9cision, nombre de touchers simultan\u00e9s. Vous saurez \u00e9galement comment peuvent se fixer ces \u00e9crans interactifs (normes VESA).<\/p>\n<p>Vous en savez plus au sujet de cet \u00e9cran de salle de conf\u00e9rence et de son prix ! Ainsi, pour commander le meilleur appareil, celui qui r\u00e9pondra \u00e0 toutes vos attentes, suivez les quelques conseils mentionn\u00e9s dans cet article. Vous pouvez aussi visionner les vid\u00e9os, lire avec une grande attention toutes nos fiches-produits et consulter les commentaires de clients ayant command\u00e9 sur notre boutique en ligne ! Enfin, si vous avez besoin d&rsquo;informations compl\u00e9mentaires au sujet d&rsquo;un \u00e9cran interactif pour auditorium, n&rsquo;h\u00e9sitez pas \u00e0 contacter notre service-client, joignable par email ou au t\u00e9l\u00e9phone.<\/p>\n","protected":false},"excerpt":{"rendered":"<p>Votre entreprise, votre mairie ou votre organisation dispose d&rsquo;un auditorium ou d&rsquo;une grande salle de conf\u00e9rence ? Vous y organisez des s\u00e9minaires, des formations et bien entendu des conf\u00e9rences. Dans cette optique, nous vous conseillons d&rsquo;investir dans un \u00e9cran interactif ! Mais pas n&rsquo;importe lequel ! Pour ne pas regretter cet investissement, nous vous recommandons [&hellip;]<\/p>\n","protected":false},"author":20,"featured_media":44155095,"comment_status":"open","ping_status":"closed","sticky":false,"template":"","format":"standard","meta":{"_acf_changed":false,"_seopress_robots_primary_cat":"none","_seopress_titles_title":"Tarif ecran salle de conf\u00e9rence - Prix \u00e9crans interactifs","_seopress_titles_desc":"Explore competitive pricing for Speechi's advanced conference room screens. Find the perfect display technology to enhance your meetings.","_seopress_robots_index":"","_et_pb_use_builder":"","_et_pb_old_content":"","_et_gb_content_width":"","footnotes":""},"categories":[68],"tags":[],"class_list":["post-135647","post","type-post","status-publish","format-standard","has-post-thumbnail","hentry","category-faq-salle-reunion"],"acf":[],"_links":{"self":[{"href":"https:\/\/speechi.com\/fr\/wp-json\/wp\/v2\/posts\/135647","targetHints":{"allow":["GET"]}}],"collection":[{"href":"https:\/\/speechi.com\/fr\/wp-json\/wp\/v2\/posts"}],"about":[{"href":"https:\/\/speechi.com\/fr\/wp-json\/wp\/v2\/types\/post"}],"author":[{"embeddable":true,"href":"https:\/\/speechi.com\/fr\/wp-json\/wp\/v2\/users\/20"}],"replies":[{"embeddable":true,"href":"https:\/\/speechi.com\/fr\/wp-json\/wp\/v2\/comments?post=135647"}],"version-history":[{"count":3,"href":"https:\/\/speechi.com\/fr\/wp-json\/wp\/v2\/posts\/135647\/revisions"}],"predecessor-version":[{"id":44175536,"href":"https:\/\/speechi.com\/fr\/wp-json\/wp\/v2\/posts\/135647\/revisions\/44175536"}],"wp:featuredmedia":[{"embeddable":true,"href":"https:\/\/speechi.com\/fr\/wp-json\/wp\/v2\/media\/44155095"}],"wp:attachment":[{"href":"https:\/\/speechi.com\/fr\/wp-json\/wp\/v2\/media?parent=135647"}],"wp:term":[{"taxonomy":"category","embeddable":true,"href":"https:\/\/speechi.com\/fr\/wp-json\/wp\/v2\/categories?post=135647"},{"taxonomy":"post_tag","embeddable":true,"href":"https:\/\/speechi.com\/fr\/wp-json\/wp\/v2\/tags?post=135647"}],"curies":[{"name":"wp","href":"https:\/\/api.w.org\/{rel}","templated":true}]}}