{"id":141449,"date":"2023-02-22T08:12:48","date_gmt":"2023-02-22T07:12:48","guid":{"rendered":"https:\/\/www.speechi.com\/fr\/?p=141449"},"modified":"2025-11-20T17:39:30","modified_gmt":"2025-11-20T16:39:30","slug":"ecran-interactif-superglass-2","status":"publish","type":"post","link":"https:\/\/speechi.com\/fr\/ecran-interactif-superglass-2\/","title":{"rendered":"L&rsquo;\u00e9cran interactif SuperGlass 2+ : m\u00e9moire, r\u00e9activit\u00e9 et puissance ++"},"content":{"rendered":"<p><span style=\"font-weight: bold;\">Rendez-vous dans notre boutique pour d\u00e9couvrir la nouvelle gamme d\u2019<a href=\"http:\/\/speechi.com\/fr\/ecran-interactif-android-superglass\">\u00e9crans interactifs SuperGlass 2+<\/a>, disponible en 3 tailles (65\u2019\u2019, 75\u2019\u2019 et 86\u2019\u2019)&#8230; Mais peut-\u00eatre vous faut-il un peu plus qu&rsquo;une simple injonction pour jeter votre d\u00e9volu sur ce tout nouvel outil collaboratif. <\/span><\/p>\n<p>Ce billet sera pour vous l&rsquo;occasion de d\u00e9cortiquer le produit et de comprendre en quoi les performances propos\u00e9es sont sup\u00e9rieures au point de se voir affubl\u00e9 d&rsquo;un 2+.<\/p>\n<h2>La gamme SuperGlass 2+ : un \u00e9cran tactile ultra pr\u00e9cis, + rapide et + puissant<\/h2>\n<p>Au-del\u00e0 de son extr\u00eame pr\u00e9cision qu&rsquo;il partage avec la gamme SuperGlass +, la gamme SuperGlass 2+ gagne en puissance, en vitesse et en m\u00e9moire. S&rsquo;il fallait r\u00e9sumer en quelques mots l&rsquo;int\u00e9r\u00eat du SuperGlass 2+, on pourrait le d\u00e9crire comme \u00ab\u00a0une version boost\u00e9e du SuperGlass +\u00a0\u00bb (qui, soit dit en passant, est d\u00e9j\u00e0 un beau sp\u00e9cimen dans le paysage de l&rsquo;\u00e9cran interactif).<\/p>\n<p><img decoding=\"async\" class=\"alignleft size-full wp-image-143179\" style=\"width: 100%;\" src=\"https:\/\/www.speechi.com\/wp-content\/uploads\/2022\/12\/ecran-interactif-superglass2plus-05.jpg\" alt=\"\u00e9cran interactif tactile Speechi SuperGlass 2+\" \/><\/p>\n<hr \/>\n<h3>1\u00b0 Un \u00e9cran interactif ultra pr\u00e9cis (40 points de contact simultan\u00e9s)<\/h3>\n<p>De 20 points de contact simultan\u00e9s d\u00e9tect\u00e9s ind\u00e9pendamment les uns des autres par la plupart de nos \u00e9crans tactiles, l\u2019\u00e9cran interactif SuperGlass 2+ est capable, lui, de d\u00e9tecter 40 points de contact simultan\u00e9s sur sa surface tactile.<\/p>\n<p><img decoding=\"async\" class=\"aligncenter size-full wp-image-143354\" style=\"width: 100%;\" src=\"https:\/\/www.speechi.com\/wp-content\/uploads\/2022\/12\/speechi-ecran-superglass-2-plus-tactile-precision.jpg\" alt=\"Speechi \u00e9cran tactile Superglass2+ pr\u00e9cision tactile\" \/><\/p>\n<p>Cela veut dire que 4 personnes pourraient poser leurs 10 doigts sur l\u2019\u00e9cran, les 40 doigts seraient d\u00e9tect\u00e9s &#8211; si tant est que cela soit amusant ou m\u00eame utile. L\u2019int\u00e9r\u00eat n\u2019est \u00e9videmment pas de pousser la collaboration \u00e0 l\u2019extr\u00eame en proposant \u00e0 une dizaine de collaborateurs d\u2019intervenir en m\u00eame temps. L\u2019int\u00e9r\u00eat est plut\u00f4t de pousser les performances de l\u2019\u00e9cran pour que votre interaction avec lui soit parfaite.<\/p>\n<p>40 points de contact simultan\u00e9s, c\u2019est donc <strong>une pr\u00e9cision et une fluidit\u00e9 accrues dans l\u2019interaction avec l\u2019\u00e9cran tactile<\/strong>, d\u00e9j\u00e0 pouss\u00e9es par le <a href=\"https:\/\/speechi.com\/fr\/ecran-interactif-superglass-zero-bonding\/\">Zero Bonding<\/a>. Pour rappel, le <a href=\"https:\/\/speechi.com\/fr\/zero-bonding-superglass-2\/\">Zero Bonding<\/a> am\u00e9liore la sensation d\u2019\u00e9criture en la faisant se rapprocher d&rsquo;une \u00e9criture naturelle, pour parler plus concr\u00e8tement, il propose une co\u00efncidence parfaite entre la pointe de votre stylet et le point trac\u00e9.<\/p>\n<table>\n<tbody>\n<tr>\n<td style=\"background-color: #fff;\" width=\"50%\"><img decoding=\"async\" class=\"aligncenter size-full wp-image-143477\" style=\"width: 100%;\" src=\"https:\/\/www.speechi.com\/wp-content\/uploads\/2022\/12\/speechi-ecran-superglass-2-plus-processeur-puissant-rapide-1.jpg\" alt=\"Speechi \u00e9cran interactif Superglass2+ r\u00e9actif\" \/><\/td>\n<td style=\"background-color: #fff;\" width=\"50%\"><img decoding=\"async\" class=\"aligncenter size-full wp-image-143463\" style=\"width: 100%;\" src=\"https:\/\/www.speechi.com\/wp-content\/uploads\/2022\/12\/speechi-ecran-superglass-2-plus-memoire-ram-rom-rapide.jpg\" alt=\"Speechi \u00e9cran interactif Superglass2+ m\u00e9moire boost\u00e9e\" \/><\/td>\n<\/tr>\n<tr>\n<td style=\"background-color: #fff;\">\n<h3>2\u00b0 Un \u00e9cran interactif plus r\u00e9actif<br \/>\net plus puissant<\/h3>\n<p>L&rsquo;\u00e9cran tactile SuperGlass 2+ fait mieux que son acolyte, le SuperGlass +, en \u00e9tant pourvu d&rsquo;un double processeur \u00e0 4 c\u0153urs chacun (A53 Quad Core + A73 Quad Core).<\/p>\n<p>Cons\u00e9quence de cette mont\u00e9e en puissance du processeur ? Vos applications et logiciels install\u00e9s sur l\u2019\u00e9cran se lancent encore plus rapidement et tournent sans latence<\/td>\n<td style=\"background-color: #fff;\">\n<h3>3\u00b0 Un (tr\u00e8s) grand espace de travail<br \/>\ngr\u00e2ce \u00e0 une m\u00e9moire boost\u00e9e<\/h3>\n<p>La m\u00e9moire de l\u2019\u00e9cran SuperGlass 2+ double par rapport \u00e0 la gamme SuperGlass + en passant de 4Go (RAM) et 32Go (ROM) \u00e0 8Go (RAM) et 64Go (ROM).<\/p>\n<p>Installez encore plus de logiciels et d\u2019applications gr\u00e2ce \u00e0 l&rsquo;espace cons\u00e9quent de sa m\u00e9moire ROM. Sa plus grande m\u00e9moire vive contribuera, quant \u00e0 elle, \u00e0 la rapidit\u00e9 d\u2019ex\u00e9cution de vos logiciels.<\/td>\n<\/tr>\n<\/tbody>\n<\/table>\n<table>\n<tbody>\n<tr>\n<td>\n<h3>En conclusion<\/h3>\n<p>Toutes ces performances additionn\u00e9es offrent un \u00e9cran interactif tr\u00e8s agr\u00e9able \u00e0 utiliser.<\/p>\n<ul>\n<li>Pas de conflit entre vous et l&rsquo;\u00e9cran interactif : l&rsquo;interaction se passe sans accroc et en toute harmonie gr\u00e2ce \u00e0 ses 40 points de touch.<\/li>\n<li>Un compagnon de travail efficace : il s&rsquo;ex\u00e9cute sans broncher quelle que soit l&rsquo;application que vous lancez gr\u00e2ce son double processeur Quad Core.<\/li>\n<li>Un espace de stockage important : autorisez-vous toutes les applis et logiciels n\u00e9cessaires \u00e0 votre travail, l&rsquo;\u00e9cran a l&rsquo;espace suffisant pour tout encaisser.<\/li>\n<\/ul>\n<\/td>\n<\/tr>\n<\/tbody>\n<\/table>\n<hr \/>\n<h2>O\u00f9 acheter l&rsquo;\u00e9cran tactile SuperGlass 2+ ?<\/h2>\n<table>\n<tbody>\n<tr>\n<td style=\"background-color: #fff;\" width=\"16%\"><\/td>\n<td style=\"background-color: #fff;\" width=\"28%\"><a href=\"https:\/\/shop.speechi.com\/fr\/ecrans-interactifs-speechitouch-android-haute-precision-superglass\/56756-ecran-tactile-superglass-2-plus-speechitouch-android-11-uhd-65.html\"><img decoding=\"async\" class=\"alignleft size-full wp-image-143120\" style=\"width: 100%;\" src=\"https:\/\/www.speechi.com\/wp-content\/uploads\/2022\/12\/gamme-superglass-2-plus-65.jpg\" alt=\"achat \u00e9cran interactif Speechi 65''\" \/><\/a><\/td>\n<td style=\"background-color: #fff;\" width=\"28%\"><a href=\"https:\/\/shop.speechi.com\/fr\/ecrans-interactifs-speechitouch-android-haute-precision-superglass\/56757-ecran-tactile-superglass-2-plus-speechitouch-android-11-uhd-75.html\"><img decoding=\"async\" class=\"alignleft size-full wp-image-143126\" style=\"width: 100%;\" src=\"https:\/\/www.speechi.com\/wp-content\/uploads\/2022\/12\/gamme-superglass-2-plus-75.jpg\" alt=\"acheter \u00e9cran tactile Speechi\" \/><\/a><\/td>\n<td style=\"background-color: #fff;\" width=\"28%\"><a href=\"https:\/\/shop.speechi.com\/fr\/ecrans-interactifs-speechitouch-android-haute-precision-superglass\/56758-ecran-tactile-superglass-2-speechitouch-android-11-uhd-86.html\"><img decoding=\"async\" class=\"alignleft size-full wp-image-143132\" style=\"width: 100%;\" src=\"https:\/\/www.speechi.com\/wp-content\/uploads\/2022\/12\/gamme-superglass-2-plus-86.jpg\" alt=\"shop \u00e9cran tactile Speechi\" \/><\/a><\/td>\n<\/tr>\n<tr>\n<td style=\"background-color: #fff;\"><strong>Mod\u00e8le<\/strong><\/td>\n<td style=\"background-color: #fff;\">Ecran tactile 65\u00a0\u00bb SuperGlass 2+<\/td>\n<td style=\"background-color: #fff;\">Ecran tactile 75\u00a0\u00bb SuperGlass 2+<\/td>\n<td style=\"background-color: #fff;\">Ecran tactile 86\u00a0\u00bb SuperGlass 2+<\/td>\n<\/tr>\n<tr>\n<td style=\"background-color: #fff;\"><strong>R\u00e9f\u00e9rence<\/strong><\/td>\n<td style=\"background-color: #fff;\">ST-65-AND-UHD-HP2-PLUS<\/td>\n<td style=\"background-color: #fff;\">ST-75-AND-UHD-HP2-PLUS<\/td>\n<td style=\"background-color: #fff;\">ST-86-AND-UHD-HP2-PLUS<\/td>\n<\/tr>\n<tr>\n<td style=\"background-color: #fff;\"><\/td>\n<td style=\"background-color: #fff;\"><\/td>\n<td style=\"background-color: #fff;\"><\/td>\n<td style=\"background-color: #fff;\"><\/td>\n<\/tr>\n<tr>\n<td style=\"background-color: #fff;\"><\/td>\n<td style=\"background-color: #fff;\"><\/td>\n<td style=\"background-color: #fff;\"><\/td>\n<td style=\"background-color: #fff;\"><\/td>\n<\/tr>\n<\/tbody>\n<\/table>\n<hr \/>\n<h2>Rappel des + : Une collaboration avec option \u00ab\u00a0tout confort\u00a0\u00bb<\/h2>\n<p>Comme on ne change pas une \u00e9quipe qui gagne, la gamme SuperGlass 2+ a gard\u00e9 le meilleur de la gamme SuperGlass +. Voici un petit rappel de ce qui fait de nos SuperGlass des \u00e9crans interactifs \u00e0 technologie infrarouge exceptionnels.<\/p>\n<p><img decoding=\"async\" class=\"alignleft size-full wp-image-143186\" style=\"width: 100%;\" src=\"https:\/\/www.speechi.com\/wp-content\/uploads\/2022\/12\/ecran-interactif-superglass2plus-02.jpg\" alt=\"\u00e9cran professionnel tactile et interactif speechi\" \/><\/p>\n<h3>Le meilleur du hardware int\u00e9gr\u00e9 au SuperGlass 2+ pour un confort d&rsquo;utilisation ++<\/h3>\n<p>Parlons ici du hardware qui impacte directement le confort d&rsquo;utilisation de l&rsquo;utilisateur sur l&rsquo;\u00e9cran interactif, de celui qui contente notamment les sens qu&rsquo;il sollicite chez lui.<\/p>\n<ul>\n<li><strong>Une interaction harmonieuse avec sa surface tactile<\/strong>. Comme pour le SuperGlass +, sa surface d&rsquo;interaction &#8211; dont la rugosit\u00e9 a \u00e9t\u00e9 diminu\u00e9e de 20% &#8211; fait que votre doigt ou stylet glisse sans cette sensation qui peut \u00eatre d\u00e9sagr\u00e9able au bout d&rsquo;une interaction prolong\u00e9e. Evoquons \u00e9galement ses stylets aux mines feutr\u00e9es qui amortissent leur impact sur l&rsquo;\u00e9cran et donnent un son sourd qui n&rsquo;agresse pas l&rsquo;oreille.<\/li>\n<li><strong>Une extr\u00eame pr\u00e9cision de l&rsquo;image sans sur-sollicitation de l&rsquo;\u0153il<\/strong>. La r\u00e9solution UHD 4K et la belle luminosit\u00e9 de l&rsquo;\u00e9cran tactile SuperGlass 2+ sont compl\u00e9t\u00e9es par un syst\u00e8me Eye care qui, quand il est activ\u00e9, att\u00e9nue la lumi\u00e8re bleue et prot\u00e8ge vos yeux de la fatigue oculaire.<\/li>\n<li><strong>Une puissance de son qui invite \u00e0 l&rsquo;immersion<\/strong>. Ses haut-parleurs de 2x20W seront tr\u00e8s appr\u00e9ci\u00e9s pour vos visioconf\u00e9rences ou bien pour la lecture de vos m\u00e9dias vid\u00e9os &amp; audio.<\/li>\n<li><strong>Une connectique adapt\u00e9e \u00e0 vos appareils de travail.<\/strong> Partagez, par exemple, l&rsquo;\u00e9cran de vos appareils sur l&rsquo;\u00e9cran interactif SuperGlass 2+ sans encombre. Le petit plus ? Son port USB-C en fa\u00e7ade qui retransmet l&rsquo;image, r\u00e9cup\u00e8re le tactile et charge votre appareil (65W).<\/li>\n<\/ul>\n<h3>Le meilleur du firmware sur le SuperGlass 2+ pour une collaboration lib\u00e9r\u00e9e<\/h3>\n<ul>\n<li><strong>Un tableau blanc num\u00e9rique aux multiples fonctionnalit\u00e9s<\/strong>. Besoin d&rsquo;un espace o\u00f9 griffonner, jeter des images, \u00e9laborer des tableaux, multiplier les stickers afin que vos id\u00e9es prennent forme ? Rien de mieux que l&rsquo;application Note \u00e0 port\u00e9e de clic en page d&rsquo;accueil de l&rsquo;\u00e9cran.<\/li>\n<li><strong>Affichez plusieurs applications avec le Multiwindows.<\/strong> Ouvrir un document, une galerie d&rsquo;images, une page web et une application par-dessus le march\u00e9 ? C&rsquo;est possible avec l&rsquo;\u00e9cran partag\u00e9 ! Pour savoir comment faire, on vous renvoie vers <a href=\"https:\/\/www.youtube.com\/watch?v=4dmOFYT1j_0\" target=\"_blank\" rel=\"noopener noreferrer\">cette vid\u00e9o<\/a>.<\/li>\n<li><strong>R\u00e9cup\u00e9rez et partagez vos documents Cloud sur le grand \u00e9cran.<\/strong> Le Cloud fait parti de ces concepts g\u00e9niaux qui ont r\u00e9volutionn\u00e9 en profondeur notre fa\u00e7on de travailler. Comme Speechi ne pouvait pas passer \u00e0 c\u00f4t\u00e9, notre \u00e9quipe tech&rsquo; a travaill\u00e9 pour int\u00e9grer un acc\u00e8s au Cloud \u00e9galement sur nos \u00e9crans interactifs.<\/li>\n<li><strong>Un partage de ses documents Cloud rapide et s\u00e9curis\u00e9 gr\u00e2ce \u00e0 la reconnaissance faciale<\/strong>. Voil\u00e0 une autre innovation qui s&rsquo;est invit\u00e9e d&rsquo;abord sur nos smartphones avant d&rsquo;\u00eatre propos\u00e9e sur les <a href=\"https:\/\/speechi.com\/fr\/ecran-interactif-tactile-android\/\">\u00e9crans SpeechiTouch<\/a> une fois encore gr\u00e2ce \u00e0 notre \u00e9quipe tech&rsquo;. Apr\u00e8s une 1\u00e8re connexion dans les formes et l&rsquo;enregistrement de captures de votre visage, pointez-vous devant la cam\u00e9ra de l&rsquo;\u00e9cran pour acc\u00e9der \u00e0 votre Cloud sans entrer ni votre mail, ni votre mot de passe.<\/li>\n<\/ul>\n","protected":false},"excerpt":{"rendered":"<p>Rendez-vous dans notre boutique pour d\u00e9couvrir la nouvelle gamme d\u2019\u00e9crans interactifs SuperGlass 2+, disponible en 3 tailles (65\u2019\u2019, 75\u2019\u2019 et 86\u2019\u2019)&#8230; Mais peut-\u00eatre vous faut-il un peu plus qu&rsquo;une simple injonction pour jeter votre d\u00e9volu sur ce tout nouvel outil collaboratif. Ce billet sera pour vous l&rsquo;occasion de d\u00e9cortiquer le produit et de comprendre en [&hellip;]<\/p>\n","protected":false},"author":5,"featured_media":44148828,"comment_status":"open","ping_status":"closed","sticky":false,"template":"","format":"standard","meta":{"_acf_changed":false,"_seopress_robots_primary_cat":"none","_seopress_titles_title":"L'\u00e9cran interactif SuperGlass 2+ : m\u00e9moire, r\u00e9activit\u00e9 et puissance ++","_seopress_titles_desc":"D\u00e9couvrez notre 2e gamme d'\u00e9crans tactiles \u00e0 technologie infrarouge Haute Pr\u00e9cision pour ceux voulant un \u00e9cran aux performances sup\u00e9rieures au SuperGlass +.","_seopress_robots_index":"","_et_pb_use_builder":"","_et_pb_old_content":"","_et_gb_content_width":"","footnotes":""},"categories":[70],"tags":[],"class_list":["post-141449","post","type-post","status-publish","format-standard","has-post-thumbnail","hentry","category-faq-ecran-interactif"],"acf":[],"_links":{"self":[{"href":"https:\/\/speechi.com\/fr\/wp-json\/wp\/v2\/posts\/141449","targetHints":{"allow":["GET"]}}],"collection":[{"href":"https:\/\/speechi.com\/fr\/wp-json\/wp\/v2\/posts"}],"about":[{"href":"https:\/\/speechi.com\/fr\/wp-json\/wp\/v2\/types\/post"}],"author":[{"embeddable":true,"href":"https:\/\/speechi.com\/fr\/wp-json\/wp\/v2\/users\/5"}],"replies":[{"embeddable":true,"href":"https:\/\/speechi.com\/fr\/wp-json\/wp\/v2\/comments?post=141449"}],"version-history":[{"count":6,"href":"https:\/\/speechi.com\/fr\/wp-json\/wp\/v2\/posts\/141449\/revisions"}],"predecessor-version":[{"id":44212617,"href":"https:\/\/speechi.com\/fr\/wp-json\/wp\/v2\/posts\/141449\/revisions\/44212617"}],"wp:featuredmedia":[{"embeddable":true,"href":"https:\/\/speechi.com\/fr\/wp-json\/wp\/v2\/media\/44148828"}],"wp:attachment":[{"href":"https:\/\/speechi.com\/fr\/wp-json\/wp\/v2\/media?parent=141449"}],"wp:term":[{"taxonomy":"category","embeddable":true,"href":"https:\/\/speechi.com\/fr\/wp-json\/wp\/v2\/categories?post=141449"},{"taxonomy":"post_tag","embeddable":true,"href":"https:\/\/speechi.com\/fr\/wp-json\/wp\/v2\/tags?post=141449"}],"curies":[{"name":"wp","href":"https:\/\/api.w.org\/{rel}","templated":true}]}}