{"id":142878,"date":"2023-01-31T11:34:05","date_gmt":"2023-01-31T10:34:05","guid":{"rendered":"https:\/\/www.speechi.com\/fr\/?p=142878"},"modified":"2024-05-29T12:01:53","modified_gmt":"2024-05-29T10:01:53","slug":"voeux-2023","status":"publish","type":"post","link":"https:\/\/speechi.com\/fr\/voeux-2023\/","title":{"rendered":"Les derniers v\u0153ux que vous recevrez en 2023"},"content":{"rendered":"<p><b>Comme chaque ann\u00e9e, et parce que nous sommes toujours occup\u00e9s en janvier \u00e0 pr\u00e9parer la roadmap de l&rsquo;ann\u00e9e qui arrive, notre \u00e9quipe remplit sa promesse : nous vous envoyons les derniers v\u0153ux que vous recevrez cette ann\u00e9e.<\/b><\/p>\n<p><a href=\"https:\/\/www.youtube.com\/watch?v=oBu4VsmOYa0\" data-wplink-edit=\"true\"><img decoding=\"async\" class=\"alignleft size-full wp-image-142968\" style=\"width: 100%;\" src=\"https:\/\/www.speechi.com\/wp-content\/uploads\/2023\/01\/speechi-voeux-2023-vignette-play.jpg\" alt=\"\" \/><\/a><\/p>\n<p>Pour Speechi, notre \u00e9quipe et nos clients, 2022 a \u00e9t\u00e9 une ann\u00e9e riche en \u00e9motions. Ce sont 12 mois dont nous nous souviendrons car ils marqueront probablement un tournant dans l&rsquo;histoire de Speechi.<\/p>\n<h2>Des innovations majeures sur nos \u00e9crans interactifs<\/h2>\n<p><img decoding=\"async\" class=\"alignleft size-full wp-image-142982\" style=\"width: 100%;\" src=\"https:\/\/www.speechi.com\/wp-content\/uploads\/2023\/01\/produit-speechi.png\" alt=\"les nouveaut\u00e9s produits de speechi\" \/><\/p>\n<p><strong>Nos produits ont \u00e9volu\u00e9<\/strong>, nous avons innov\u00e9. Nous avons pens\u00e9 pour nos \u00e9crans interactifs, les SpeechiTouch au coeur de notre savoir-faire, de nouvelles fonctionnalit\u00e9s et des am\u00e9liorations haut de gamme : une \u00e9volution impressionnante de la haute pr\u00e9cision de nos SuperGlass, une m\u00e9tamorphose des possibilit\u00e9s de nos \u00e9crans capacitifs et la cr\u00e9ation d\u2019une gamme d\u00e9di\u00e9e \u00e0 l\u2019enseignement \u00e0 distance et \u00e0 la visioconf\u00e9rence. Nous avons d\u00e9velopp\u00e9 en interne de nouvelles solutions logicielles (logiciels de tableau blanc, launcher personnalisable, Cloud et reconnaissance faciale, etc.) gr\u00e2ce \u00e0 notre \u00e9quipe tech lilloise et avons travaill\u00e9 avec des partenaires tech fran\u00e7ais (Draft, Excense, Touchify, entre autres) pour proposer des \u00e9crans uniques.<\/p>\n<h3>Plus de 15 000 \u00e9crans vendus<\/h3>\n<p>Les Watts ont grimp\u00e9, les niveaux de pression ont augment\u00e9, les tailles d&rsquo;\u00e9crans ont pouss\u00e9. Mais surtout, nous sommes fiers de pouvoir dire que nos \u00e9crans SpeechiTouch ont \u00e9quip\u00e9 un peu plus de 15 000 salles de r\u00e9union et salles de classe suppl\u00e9mentaires en 2022.<\/p>\n<p>Autour de nos \u00e9crans, nous avons aussi renforc\u00e9 notre offre avec des produits 100% Speechi comme une impressionnante s\u00e9lection de cam\u00e9ras de visioconf\u00e9rence ou des outils de partage s\u00e9curis\u00e9s.<\/p>\n<h2>Le cap des 50 employ\u00e9s est franchi<\/h2>\n<p><img decoding=\"async\" class=\"alignleft size-full wp-image-142975\" style=\"width: 100%;\" src=\"https:\/\/www.speechi.com\/wp-content\/uploads\/2023\/01\/team-speechi.png\" alt=\"l'\u00e9quipe Speechi\" \/><\/p>\n<p><strong>Notre \u00e9quipe s&rsquo;est agrandie<\/strong>, de nouveaux collaborateurs nous ont rejoint et d&rsquo;autres sont partis vers de nouvelles aventures personnelles. D\u00e9sormais, ce sont 55 \u00ab\u00a0Speechiens\u00a0\u00bb qui vivent l&rsquo;aventure et la team va continuer de s&rsquo;agrandir en 2023 avec un beau plan de recrutement de nouveaux talents. Thierry a \u00e9galement ouvert la porte de son bureau \u00e0 Benjamin Brousse, d\u00e9sormais General Manager de Speechi, qui poursuivra la strat\u00e9gie ambitieuse \u00e9crite et pouss\u00e9e par Thierry depuis 2004.<\/p>\n<h3>Des \u00e9crans qui ont du sens<\/h3>\n<p>Mais c&rsquo;est toujours avec l&rsquo;innovation au coeur de nos intentions (et avec une capacit\u00e9 \u00e0 cr\u00e9er intarissable), avec la convivialit\u00e9 (lilloise d&rsquo;origine mais qui s&rsquo;applique \u00e9videmment \u00e0 notre \u00e9quipe parisienne) que l&rsquo;on nous connait depuis des ann\u00e9es et l&rsquo;authenticit\u00e9 de chaque individu dans ce fantastique collectif (personne ne se ressemble et on n&rsquo;a pas besoin d&rsquo;une cravate pour \u00eatre s\u00e9rieux&#8230; enfin, pas tous !), que nous accomplissons notre mission : simplifier la vie des professionnels et des professeurs gr\u00e2ce \u00e0 des outils interactifs qui ont du sens.<\/p>\n<h2>Des solutions qui se vendent dans toute l\u2019Europe<\/h2>\n<p><img decoding=\"async\" class=\"alignleft size-full wp-image-142988\" style=\"width: 100%;\" src=\"https:\/\/www.speechi.com\/wp-content\/uploads\/2023\/01\/projet-speechi.png\" alt=\"les projets de speechi\" \/><\/p>\n<p><strong>Nos projets prennent de l&rsquo;ambition<\/strong> et nous les portons \u00e0 l&rsquo;international. En 2023, nous allons continuer d&rsquo;innover pour r\u00e9pondre aux besoins en constante \u00e9volution de nos utilisateurs. Nous allons renforcer notre pr\u00e9sence sur le march\u00e9 fran\u00e7ais et r\u00e9aliser nos r\u00eaves d&rsquo;international. Nous allons continuer \u00e0 r\u00e9volutionner nos syst\u00e8mes et nos process pour atteindre le niveau d&rsquo;exigence que m\u00e9ritent nos \u00e9quipes, nos partenaires et nos clients.<\/p>\n<p>Apr\u00e8s cette ann\u00e9e 2022 couronn\u00e9e de succ\u00e8s individuels et collectifs, nous allons continuer sur la m\u00eame lanc\u00e9e en 2023. Avec une promesse que toute l&rsquo;\u00e9quipe de Speechi vous fait : en 2023, nous allons continuer de vous \u00e9tonner et vous allez pouvoir continuer de regarder par la fen\u00eatre (vous pouvez aussi pousser la porte de nos showrooms lillois ou parisien, c&rsquo;est plus sympa si on vous accueille avec un caf\u00e9 &#8211; tant que la machine fonctionne).<\/p>\n<p><em>Et vous pouvez nous croire : exceptionnellement ce message n&rsquo;a \u00e9t\u00e9 r\u00e9dig\u00e9 ni par Thierry, ni par Benjamin mais par l&rsquo;\u00e9quipe Speechi. (\u201cBon, j\u2019ai relu quand m\u00eame. Thierry\u201d)<\/em><\/p>\n<p>Tr\u00e8s bonne ann\u00e9e \u00e0 tous !<\/p>\n","protected":false},"excerpt":{"rendered":"<p>Comme chaque ann\u00e9e, et parce que nous sommes toujours occup\u00e9s en janvier \u00e0 pr\u00e9parer la roadmap de l&rsquo;ann\u00e9e qui arrive, notre \u00e9quipe remplit sa promesse : nous vous envoyons les derniers v\u0153ux que vous recevrez cette ann\u00e9e. Pour Speechi, notre \u00e9quipe et nos clients, 2022 a \u00e9t\u00e9 une ann\u00e9e riche en \u00e9motions. Ce sont 12 [&hellip;]<\/p>\n","protected":false},"author":4,"featured_media":44148701,"comment_status":"open","ping_status":"closed","sticky":false,"template":"","format":"standard","meta":{"_acf_changed":false,"_seopress_robots_primary_cat":"none","_seopress_titles_title":"Les derniers v\u0153ux que vous recevrez en 2023 - Speechi.com","_seopress_titles_desc":"La vid\u00e9o des voeux 2023 de Speechi arrive, comme chaque ann\u00e9e, le 31 janvier. Nous r\u00e9servons \u00e0 nos clients et partenaires de belles surprises...","_seopress_robots_index":"","_et_pb_use_builder":"","_et_pb_old_content":"","_et_gb_content_width":"","footnotes":""},"categories":[49],"tags":[],"class_list":["post-142878","post","type-post","status-publish","format-standard","has-post-thumbnail","hentry","category-entreprise"],"acf":[],"_links":{"self":[{"href":"https:\/\/speechi.com\/fr\/wp-json\/wp\/v2\/posts\/142878","targetHints":{"allow":["GET"]}}],"collection":[{"href":"https:\/\/speechi.com\/fr\/wp-json\/wp\/v2\/posts"}],"about":[{"href":"https:\/\/speechi.com\/fr\/wp-json\/wp\/v2\/types\/post"}],"author":[{"embeddable":true,"href":"https:\/\/speechi.com\/fr\/wp-json\/wp\/v2\/users\/4"}],"replies":[{"embeddable":true,"href":"https:\/\/speechi.com\/fr\/wp-json\/wp\/v2\/comments?post=142878"}],"version-history":[{"count":2,"href":"https:\/\/speechi.com\/fr\/wp-json\/wp\/v2\/posts\/142878\/revisions"}],"predecessor-version":[{"id":44148705,"href":"https:\/\/speechi.com\/fr\/wp-json\/wp\/v2\/posts\/142878\/revisions\/44148705"}],"wp:featuredmedia":[{"embeddable":true,"href":"https:\/\/speechi.com\/fr\/wp-json\/wp\/v2\/media\/44148701"}],"wp:attachment":[{"href":"https:\/\/speechi.com\/fr\/wp-json\/wp\/v2\/media?parent=142878"}],"wp:term":[{"taxonomy":"category","embeddable":true,"href":"https:\/\/speechi.com\/fr\/wp-json\/wp\/v2\/categories?post=142878"},{"taxonomy":"post_tag","embeddable":true,"href":"https:\/\/speechi.com\/fr\/wp-json\/wp\/v2\/tags?post=142878"}],"curies":[{"name":"wp","href":"https:\/\/api.w.org\/{rel}","templated":true}]}}