{"id":143233,"date":"2023-02-16T16:29:26","date_gmt":"2023-02-16T15:29:26","guid":{"rendered":"https:\/\/www.speechi.com\/fr\/?p=143233"},"modified":"2026-04-28T15:43:37","modified_gmt":"2026-04-28T13:43:37","slug":"systeme-visioconference-professionnel-sans-fil","status":"publish","type":"post","link":"https:\/\/speechi.com\/fr\/systeme-visioconference-professionnel-sans-fil\/","title":{"rendered":"Des conseils pour votre syst\u00e8me de visioconf\u00e9rence professionnel sans fil !"},"content":{"rendered":"<p><img decoding=\"async\" class=\"size-full wp-image-141691 alignright\" src=\"https:\/\/www.speechi.com\/wp-content\/uploads\/2023\/01\/ecran-interactif-visioconference.jpg\" alt=\"appareil visio sans fil\" \/>Convaincu par l&rsquo;int\u00e9r\u00eat de la visioconf\u00e9rence ? Et si vous installiez un syst\u00e8me avec des appareils d\u00e9pourvus de c\u00e2bles ? Gr\u00e2ce \u00e0 Speechi, vous pourrez <a href=\"https:\/\/www.speechi.com\/fr\/mise-place-systeme-visioconference\">mettre en place un syst\u00e8me de visioconf\u00e9rence<\/a> sans fil. D\u00e9couvrez des conseils pour cette installation.<\/p>\n<h2>Comment cr\u00e9er un syst\u00e8me de visioconf\u00e9rence professionnel sans fil ?<\/h2>\n<p><img loading=\"lazy\" decoding=\"async\" class=\"wp-image-142684 size-thumbnail alignleft\" src=\"https:\/\/www.speechi.com\/wp-content\/uploads\/2023\/01\/speechi-ecran-interactif-visio-camera-de-visioconference-integree-video-conference-tout-en-un-captures-0-01-00-27--300x300.jpg\" alt=\"\u00e9cran interactif d\u00e9di\u00e9 \u00e0 la visioconf\u00e9rence\" width=\"300\" height=\"300\" \/>Plusieurs options s&rsquo;offrent \u00e0 vous. Si vous \u00eates pr\u00eat \u00e0 investir dans un syst\u00e8me complet, nous vous recommandons de vous \u00e9quiper avec un <a href=\"https:\/\/shop.speechi.com\/collections\/ecran-interactif\">\u00e9cran interactif tactile Andro\u00efd SpeechiTouch Visio<\/a>. Cet appareil dispose de tous les accessoires utiles pour une r\u00e9union \u00e0 distance. Sa large surface servira pour afficher les visages de tous les participants en t\u00e9l\u00e9travail. Vous pourrez aussi utiliser ce pav\u00e9 num\u00e9rique pour r\u00e9aliser diff\u00e9rentes op\u00e9rations, avec certains logiciels collaboratifs en vente sur notre boutique en ligne.<\/p>\n<p>Il sera parfait dans le cadre d&rsquo;une installation sans fil dans la mesure o\u00f9 des micros et une cam\u00e9ra sont int\u00e9gr\u00e9s au sein du contour de l&rsquo;\u00e9cran. Ils seront peu visibles, ce qui contribue \u00e0 l&rsquo;esth\u00e9tique de cet appareil sur lequel il ne sera pas n\u00e9cessaire de brancher des c\u00e2bles audio ou vid\u00e9o. Gr\u00e2ce \u00e0 des fiches-produits tr\u00e8s compl\u00e8tes, vous conna\u00eetrez toutes les caract\u00e9ristiques de ces \u00e9crans, disponibles en 65, 75 et 86 pouces. Nous indiquons le prix et la r\u00e9f\u00e9rence. En vous rendant sur la fiche-produit, vous allez conna\u00eetre les donn\u00e9es li\u00e9es \u00e0 l&rsquo;image : temps de r\u00e9ponse (en millisecondes), ratio de contraste natif, luminosit\u00e9, format d&rsquo;image &#8230; Comme il s&rsquo;agit d&rsquo;un appareil informatique (comparable \u00e0 une tablette tactile XXL), vous conna\u00eetrez les capacit\u00e9s du disque dur embarqu\u00e9, la capacit\u00e9 du disque dur et de la m\u00e9moire vive (ou RAM). Enfin, nous vous informons sur les performances des enceintes, des microphones int\u00e9gr\u00e9s (nombre de micros et distante de captation du son) et de la cam\u00e9ra (angle de vue et r\u00e9solution, en millions de pixels).<\/p>\n<h2>Micro et webcam sans fil pour toutes vos r\u00e9unions \u00e0 distance !<\/h2>\n<p><img loading=\"lazy\" decoding=\"async\" class=\"wp-image-139087 size-thumbnail alignright\" src=\"https:\/\/www.speechi.com\/wp-content\/uploads\/2022\/10\/speechi-camera-visioconference-4K-180-CV500-affichage-300x281.jpg\" alt=\"cam\u00e9ra pour visioconf\u00e9rence\" width=\"300\" height=\"281\" \/>Cependant, si vous ne souhaitez pas d&rsquo;\u00e9cran interactif ou si vous pr\u00e9f\u00e9rez un mod\u00e8le classique (sans webcam et microphone pr\u00e9-install\u00e9s), vous pourrez toujours profiter d&rsquo;accessoires sans fil. Vous pouvez ainsi commander un microphone de type cravate, permettant d&rsquo;avoir les mains libres. Il ne sera pas n\u00e9cessaire de tenir un microphone. Et tout participant \u00e0 une r\u00e9union, assis ou debout, ne sera pas g\u00ean\u00e9 par un c\u00e2ble branch\u00e9 sur un ordinateur.<\/p>\n<p>Vous aurez \u00e9galement le choix entre de nombreuses <a href=\"https:\/\/shop.speechi.com\/fr\/111-cameras-de-visioconference\">cam\u00e9ras pour webconf\u00e9rence<\/a> dont certaines disposent d&rsquo;un fil dissimul\u00e9 derri\u00e8re un \u00e9cran interactif. Vous pourrez la fixer en hauteur, pour capter l&rsquo;ensemble de l&rsquo;assistance r\u00e9unie autour d&rsquo;une table. Vous retrouvez un exemple de cam\u00e9ra moderne, avec cette vid\u00e9o. Certains mod\u00e8les disposent de microphones int\u00e9gr\u00e9s, ce qui \u00e9vitera un achat suppl\u00e9mentaire sur notre boutique en ligne.<\/p>\n<p><iframe loading=\"lazy\" title=\"YouTube video player\" src=\"https:\/\/www.youtube.com\/embed\/e5YpnT7t6Qs\" width=\"560\" height=\"315\" frameborder=\"0\" allowfullscreen=\"allowfullscreen\"><\/iframe><\/p>\n<p>Cependant, vous pouvez am\u00e9liorer la qualit\u00e9 sonore (r\u00e9ception et \u00e9mission) d&rsquo;une visioconf\u00e9rence avec l&rsquo;enceinte dot\u00e9e d&rsquo;un microphone et d\u00e9pourvue de fil. Elle est en vente sur notre rayon <a href=\"https:\/\/shop.speechi.com\/fr\/135-enceinte-micro-de-visioconference\">Hauts Parleurs et Micros<\/a>. Vous conna\u00eetrez l&rsquo;ensemble de ses caract\u00e9ristiques : captation du son, puissance sonore, poids et autonomie en heures.<\/p>\n<p><img loading=\"lazy\" decoding=\"async\" class=\"size-medium wp-image-98265 alignleft\" src=\"https:\/\/www.speechi.com\/wp-content\/uploads\/2021\/02\/micro-haut-parleur-speechi-300x169.png\" alt=\"micro et enceinte audio sans fil\" width=\"300\" height=\"169\" \/><\/p>\n<p>Enfin, ces diff\u00e9rents accessoires sans fil ne suffiront pas \u00e0 cr\u00e9er un <a href=\"https:\/\/www.speechi.com\/fr\/systeme-visioconference-salle-reunion\/\">syst\u00e8me de visioconf\u00e9rence pour salle de r\u00e9union<\/a> complet. Vous devez aussi compter sur l&rsquo;installation de logiciels ou l&rsquo;utilisation d&rsquo;applications collaboratives. Nous vous conseillons ainsi l&rsquo;utilisation de programmes d\u00e9di\u00e9s aux vid\u00e9oconf\u00e9rences. Vous pourrez ainsi utiliser un <a href=\"https:\/\/www.speechi.com\/fr\/systeme-visioconference-gratuit-logiciel\">logiciel gratuit de visioconf\u00e9rence<\/a> comme Zoom. Vous pouvez aussi faire appel \u00e0 <a href=\"https:\/\/www.speechi.com\/fr\/systeme-visioconference-teams-skype\/\">Microsoft Teams ou Skype pour votre syst\u00e8me de visio<\/a> !<\/p>\n<p>Besoin d&rsquo;autres conseils avant de cr\u00e9er votre\u00a0syst\u00e8me de visioconf\u00e9rence professionnel sans fil ? Notre service-client demeure \u00e0 votre \u00e9coute si vous avez la moindre question \u00e0 poser. Vous pouvez nous contacter par email ou nous t\u00e9l\u00e9phoner. Vous \u00eates aussi les bienvenus dans notre showroom lillois. Vous pourrez ainsi d\u00e9couvrir le fonctionnement en conditions r\u00e9elles de nos cam\u00e9ras et microphones sans fil.<\/p>\n","protected":false},"excerpt":{"rendered":"<p>Convaincu par l&rsquo;int\u00e9r\u00eat de la visioconf\u00e9rence ? Et si vous installiez un syst\u00e8me avec des appareils d\u00e9pourvus de c\u00e2bles ? Gr\u00e2ce \u00e0 Speechi, vous pourrez mettre en place un syst\u00e8me de visioconf\u00e9rence sans fil. D\u00e9couvrez des conseils pour cette installation. Comment cr\u00e9er un syst\u00e8me de visioconf\u00e9rence professionnel sans fil ? Plusieurs options s&rsquo;offrent \u00e0 vous. [&hellip;]<\/p>\n","protected":false},"author":20,"featured_media":0,"comment_status":"open","ping_status":"closed","sticky":false,"template":"","format":"standard","meta":{"_acf_changed":false,"_seopress_robots_primary_cat":"none","_seopress_titles_title":"Syst\u00e8me de visioconf\u00e9rence professionnel sans fil","_seopress_titles_desc":"Comment cr\u00e9er un syst\u00e8me de visioconf\u00e9rence sans fil ? Retrouvez les conseils sur le Blog Speechi. Nombreuses Informations et Large Choix","_seopress_robots_index":"","_et_pb_use_builder":"","_et_pb_old_content":"","_et_gb_content_width":"","footnotes":""},"categories":[1],"tags":[],"class_list":["post-143233","post","type-post","status-publish","format-standard","hentry","category-non-classifiee"],"acf":[],"_links":{"self":[{"href":"https:\/\/speechi.com\/fr\/wp-json\/wp\/v2\/posts\/143233","targetHints":{"allow":["GET"]}}],"collection":[{"href":"https:\/\/speechi.com\/fr\/wp-json\/wp\/v2\/posts"}],"about":[{"href":"https:\/\/speechi.com\/fr\/wp-json\/wp\/v2\/types\/post"}],"author":[{"embeddable":true,"href":"https:\/\/speechi.com\/fr\/wp-json\/wp\/v2\/users\/20"}],"replies":[{"embeddable":true,"href":"https:\/\/speechi.com\/fr\/wp-json\/wp\/v2\/comments?post=143233"}],"version-history":[{"count":2,"href":"https:\/\/speechi.com\/fr\/wp-json\/wp\/v2\/posts\/143233\/revisions"}],"predecessor-version":[{"id":44220505,"href":"https:\/\/speechi.com\/fr\/wp-json\/wp\/v2\/posts\/143233\/revisions\/44220505"}],"wp:attachment":[{"href":"https:\/\/speechi.com\/fr\/wp-json\/wp\/v2\/media?parent=143233"}],"wp:term":[{"taxonomy":"category","embeddable":true,"href":"https:\/\/speechi.com\/fr\/wp-json\/wp\/v2\/categories?post=143233"},{"taxonomy":"post_tag","embeddable":true,"href":"https:\/\/speechi.com\/fr\/wp-json\/wp\/v2\/tags?post=143233"}],"curies":[{"name":"wp","href":"https:\/\/api.w.org\/{rel}","templated":true}]}}