{"id":144632,"date":"2023-03-01T14:15:59","date_gmt":"2023-03-01T13:15:59","guid":{"rendered":"https:\/\/www.speechi.com\/fr\/?p=144632"},"modified":"2026-04-20T10:21:04","modified_gmt":"2026-04-20T08:21:04","slug":"installer-equiper-salle-visioconference","status":"publish","type":"post","link":"https:\/\/speechi.com\/fr\/installer-equiper-salle-visioconference\/","title":{"rendered":"Comment installer et \u00e9quiper une salle de visioconf\u00e9rence ?"},"content":{"rendered":"<p><img loading=\"lazy\" decoding=\"async\" class=\"wp-image-144025 alignright\" src=\"https:\/\/www.speechi.com\/wp-content\/uploads\/2022\/11\/camera-video-full-hd-mg104-speechi-visioconference-1.jpg\" alt=\" installer &amp; \u00e9quiper une salle de visioconf\u00e9rence\" width=\"200\" height=\"100\" \/>La visioconf\u00e9rence pr\u00e9sente de multiples int\u00e9r\u00eats. Elle permet de s&rsquo;affranchir des distances, r\u00e9duit les d\u00e9placements et facilite le travail en distanciel. Ce n&rsquo;est donc pas un hasard si de nombreuses entreprises, des collectivit\u00e9s locales, des associations ou des centres de formations ont adopt\u00e9 la visio dans leur mani\u00e8re de collaborer. Cependant, pour des vid\u00e9oconf\u00e9rences r\u00e9ussies, vous commencerez par trouver la pi\u00e8ce la plus adapt\u00e9e. En parall\u00e8le, vous devrez imaginer la meilleure <a href=\"https:\/\/www.speechi.com\/fr\/solution-kit-amenagement-visioconference-salle-reunion\/\">solution d&rsquo;am\u00e9nagement pour une visio dans cette salle de r\u00e9union<\/a>. Nous vous aidons dans cette r\u00e9flexion, en indiquant les diverses probl\u00e9matiques. Nous listons aussi le mat\u00e9riel n\u00e9cessaire pour la bonne tenue d&rsquo;une visio.<\/p>\n<h2>Les questions \u00e0 se poser avant d&rsquo;installer et d&rsquo;\u00e9quiper une salle de visioconf\u00e9rence<\/h2>\n<p><img loading=\"lazy\" decoding=\"async\" class=\"size-medium wp-image-44155071 alignleft\" src=\"https:\/\/speechi.com\/wp-content\/uploads\/2022\/09\/tarif-ecran-pour-salle-de-reunion-300x169.jpg\" alt=\"une salle de r\u00e9union pour visioconf\u00e9rence\" width=\"300\" height=\"169\" \/>Avant d&rsquo;investir dans un <a href=\"https:\/\/shop.speechi.com\/fr\/155-ecrans-interactifs-visioconference\">\u00e9cran interactif pour conf\u00e9rences \u00e0 distance<\/a> ou dans un <a href=\"https:\/\/www.speechi.com\/fr\/micro-sans-fil-haut-parleur-visioconference-zoom\/\">micro sans fil avec fonction enceinte pour visios Zoom<\/a>, il est important d&rsquo;\u00e9tablir avec pr\u00e9cision vos besoins. Combien de personnes pr\u00e9voyez-vous de r\u00e9unir ? En fonction du public assistant \u00e0 des webconf\u00e9rences, la taille de la salle sera plus ou moins spacieuse. Vous devrez aussi pr\u00e9voir une large table, des chaises ou des fauteuils confortables.<\/p>\n<p>Vous devrez \u00e9galement vous interroger sur la fr\u00e9quence des r\u00e9unions de travail en distanciel. Selon la taille de votre entreprise, le nombre de collaborateurs en t\u00e9l\u00e9travail ou les clients communicant \u00e0 distance, l&rsquo;\u00e9quipement audio et vid\u00e9o devra toujours \u00eatre adapt\u00e9. Avec un public nombreux, il est ainsi pr\u00e9f\u00e9rable d&rsquo;opter pour un <a href=\"https:\/\/www.speechi.com\/fr\/meilleur-micro-table-pieuvre-omnidirectionnel-visioconference\/\">micro pieuvre omnidirectionnel pour visioconf\u00e9rence<\/a>.<\/p>\n<p>Enfin, quel budget \u00eates-vous pr\u00eat \u00e0 investir pour un <a href=\"https:\/\/speechi.com\/fr\/ecran-salle-de-conference-amphiteatre\/\">\u00e9cran de salle de conf\u00e9rence ou d&rsquo;amphith\u00e9\u00e2tre<\/a> ? Ayez \u00e0 l&rsquo;esprit que cet investissement peut vite \u00eatre amorti, \u00e0 condition de vous doter d&rsquo;appareils informatiques, de type vid\u00e9o et audio performants.<\/p>\n<h2>Quels appareils pour organiser une vid\u00e9oconf\u00e9rence ?<\/h2>\n<p><img loading=\"lazy\" decoding=\"async\" class=\"size-medium wp-image-101543 alignright\" src=\"https:\/\/www.speechi.com\/wp-content\/uploads\/2021\/02\/pieuvre-visioconference-micro-360-degre-300x161.jpg\" alt=\"micro pour visioconf\u00e9rences\" width=\"300\" height=\"161\" \/>Vous connaissez le nombre de personnes \u00e0 r\u00e9unir dans une salle d\u00e9di\u00e9e ? Vous avez trouv\u00e9 la meilleure pi\u00e8ce, avec un mobilier confortable ? Vous pouvez \u00e0 pr\u00e9sent r\u00e9fl\u00e9chir sur les meilleurs appareils \u00e0 installer dans cette pi\u00e8ce. Nous vous conseillons une lecture attentive de notre <a href=\"https:\/\/speechi.com\/fr\/ecrans-interactifs-speechitouch-notre-guide-dachat\/\">guide d\u00e9di\u00e9 \u00e0 l&rsquo;\u00e9cran interactif pour visioconf\u00e9rence<\/a>. Vous connaitrez les diff\u00e9rents \u00e9l\u00e9ments \u00e0 prendre en consid\u00e9ration, comme la taille de l&rsquo;\u00e9cran, la puissance du processeur, la connectivit\u00e9 et les fonctionnalit\u00e9s incluses. Vous pouvez compl\u00e9ter cette lecture en comparant les <a href=\"https:\/\/speechi.com\/fr\/comparatif-ecran-interactif-tactile\/\">diff\u00e9rentes gammes d&rsquo;appareils tactiles<\/a> en vente chez Speechi.<\/p>\n<p>Large et performant, l&rsquo;\u00e9cran interactif trouvera sa place dans toute salle de vid\u00e9oconf\u00e9rence. Il permettra \u00e0 tous les participants pr\u00e9sents sur site de voir les visages des diff\u00e9rentes personnes travaillant \u00e0 distance, comme des collaborateurs ou des prestataires externes mais aussi des clients ou toute autre personne situ\u00e9e en France ou \u00e0 l&rsquo;\u00e9tranger. Pour tous les mod\u00e8les en vente sur notre boutique en ligne, nous fournissons des informations compl\u00e8tes. Vous trouverez d&rsquo;autres conseils int\u00e9ressant sur le <a href=\"https:\/\/ecran-salle-conference.com\/\">site d\u00e9di\u00e9 \u00e0 l&rsquo;\u00e9cran pour salle de conf\u00e9rence<\/a>.<\/p>\n<p>Certains de ces appareils sont dot\u00e9s d&rsquo;une webcam int\u00e9gr\u00e9e et d&rsquo;enceintes. C&rsquo;est notamment le cas de l&rsquo;appareil pr\u00e9sent\u00e9 avec cette vid\u00e9o. Vous remarquerez le fonctionnement simple et intuitif !<\/p>\n<p><iframe loading=\"lazy\" title=\"YouTube video player\" src=\"https:\/\/www.youtube.com\/embed\/KKUwh3aTWTo\" width=\"560\" height=\"315\" frameborder=\"0\" allowfullscreen=\"allowfullscreen\"><\/iframe><\/p>\n<p><img loading=\"lazy\" decoding=\"async\" class=\"size-medium wp-image-71231 alignleft\" src=\"https:\/\/www.speechi.com\/wp-content\/uploads\/2019\/07\/zoom-300x86.jpg\" alt=\"logiciel de visio conf\u00e9rence Zoom\" width=\"300\" height=\"86\" \/>Cependant, votre \u00e9cran interactif n&rsquo;est pas dot\u00e9 de ces dispositifs audio et vid\u00e9o, vous devrez commander une <a href=\"https:\/\/www.speechi.com\/fr\/systeme-camera-visioconference-salle-reunion\/\">cam\u00e9ra de visioconf\u00e9rence pour votre salle de r\u00e9union<\/a>. Chez Speechi, de nombreuses r\u00e9f\u00e9rences sont propos\u00e9es.<\/p>\n<p>La r\u00e9ussite d&rsquo;une conf\u00e9rence en ligne passe aussi par un son de qualit\u00e9, aussi bien pour la r\u00e9ception que pour l&rsquo;\u00e9mission. Nous avons d\u00e9j\u00e0 \u00e9voqu\u00e9 le mod\u00e8le pieuvre, courant dans ces espaces de travail. Vous trouverez un appareil audio deux en un, avec l&rsquo;enceinte micro pour visioconf\u00e9rence. Un <a href=\"https:\/\/speechi.com\/fr\/visualiseur-4K\/\">visualisateur pour visio<\/a> peut aussi venir \u00e0 l&rsquo;appui d&rsquo;une pr\u00e9sentation. Enfin, ne faites pas l&rsquo;impasse sur des logiciels de qualit\u00e9, comme Zoom ou d&rsquo;autres applications imagin\u00e9es par Speechi.<\/p>\n<p>Vous souhaitez en savoir plus au sujet de l&rsquo;installation et de l&rsquo;\u00e9quipement d&rsquo;une salle de vid\u00e9oconf\u00e9rence ? Vous trouverez des informations d\u00e9taill\u00e9es et de pr\u00e9cieux conseils sur les fiches-produits et sur notre blog. Vous pouvez aussi contacter notre service-client et vous rendre dans notre showroom pour d\u00e9couvrir les diverses configurations possibles dans une salle de r\u00e9union !<\/p>\n","protected":false},"excerpt":{"rendered":"<p>La visioconf\u00e9rence pr\u00e9sente de multiples int\u00e9r\u00eats. Elle permet de s&rsquo;affranchir des distances, r\u00e9duit les d\u00e9placements et facilite le travail en distanciel. Ce n&rsquo;est donc pas un hasard si de nombreuses entreprises, des collectivit\u00e9s locales, des associations ou des centres de formations ont adopt\u00e9 la visio dans leur mani\u00e8re de collaborer. Cependant, pour des vid\u00e9oconf\u00e9rences r\u00e9ussies, [&hellip;]<\/p>\n","protected":false},"author":20,"featured_media":4405577,"comment_status":"open","ping_status":"closed","sticky":false,"template":"","format":"standard","meta":{"_acf_changed":false,"_seopress_robots_primary_cat":"none","_seopress_titles_title":"Installer & \u00e9quiper une salle de visioconf\u00e9rence - Blog Speechi","_seopress_titles_desc":"Vous cherchez des appareils pour \u00e9quiper une salle de vid\u00e9oconf\u00e9rence ? D\u00e9couvrez des conseils et informations sur le site Speechi !","_seopress_robots_index":"","_et_pb_use_builder":"off","_et_pb_old_content":"<img class=\"wp-image-144025 alignright\" src=\"https:\/\/www.speechi.com\/wp-content\/uploads\/2022\/11\/camera-video-full-hd-mg104-speechi-visioconference-1.jpg\" alt=\" installer &amp; \u00e9quiper une salle de visioconf\u00e9rence\" width=\"200\" height=\"100\" \/>La visioconf\u00e9rence pr\u00e9sente de multiples int\u00e9r\u00eats. Elle permet de s'affranchir des distances, r\u00e9duit les d\u00e9placements et facilite le travail en distanciel. Ce n'est donc pas un hasard si de nombreuses entreprises, des collectivit\u00e9s locales, des associations ou des centres de formations ont adopt\u00e9 la visio dans leur mani\u00e8re de collaborer. Cependant, pour des vid\u00e9oconf\u00e9rences r\u00e9ussies, vous commencerez par trouver la pi\u00e8ce la plus adapt\u00e9e. En parall\u00e8le, vous devrez imaginer la meilleure <a href=\"https:\/\/www.speechi.com\/fr\/solution-kit-amenagement-visioconference-salle-reunion\/\">solution d'am\u00e9nagement pour une visio dans cette salle de r\u00e9union<\/a>. Nous vous aidons dans cette r\u00e9flexion, en indiquant les diverses probl\u00e9matiques. Nous listons aussi le mat\u00e9riel n\u00e9cessaire pour la bonne tenue d'une visio.\n<h2>Les questions \u00e0 se poser avant d'installer et d'\u00e9quiper une salle de visioconf\u00e9rence<\/h2>\n<img class=\"size-medium wp-image-44155071 alignleft\" src=\"https:\/\/speechi.com\/wp-content\/uploads\/2022\/09\/tarif-ecran-pour-salle-de-reunion-300x169.jpg\" alt=\"une salle de r\u00e9union pour visioconf\u00e9rence\" width=\"300\" height=\"169\" \/>Avant d'investir dans un <a href=\"https:\/\/shop.speechi.com\/fr\/155-ecrans-interactifs-visioconference\">\u00e9cran interactif pour conf\u00e9rences \u00e0 distance<\/a> ou dans un <a href=\"https:\/\/www.speechi.com\/fr\/micro-sans-fil-haut-parleur-visioconference-zoom\/\">micro sans fil avec fonction enceinte pour visios Zoom<\/a>, il est important d'\u00e9tablir avec pr\u00e9cision vos besoins. Combien de personnes pr\u00e9voyez-vous de r\u00e9unir ? En fonction du public assistant \u00e0 des webconf\u00e9rences, la taille de la salle sera plus ou moins spacieuse. Vous devrez aussi pr\u00e9voir une large table, des chaises ou des fauteuils confortables.\n\nVous devrez \u00e9galement vous interroger sur la fr\u00e9quence des r\u00e9unions de travail en distanciel. Selon la taille de votre entreprise, le nombre de collaborateurs en t\u00e9l\u00e9travail ou les clients communicant \u00e0 distance, l'\u00e9quipement audio et vid\u00e9o devra toujours \u00eatre adapt\u00e9. Avec un public nombreux, il est ainsi pr\u00e9f\u00e9rable d'opter pour un <a href=\"https:\/\/www.speechi.com\/fr\/meilleur-micro-table-pieuvre-omnidirectionnel-visioconference\/\">micro pieuvre omnidirectionnel pour visioconf\u00e9rence<\/a>.\n\nEnfin, quel budget \u00eates-vous pr\u00eat \u00e0 investir pour un <a href=\"https:\/\/speechi.com\/fr\/ecran-salle-de-conference-amphiteatre\/\">\u00e9cran de salle de conf\u00e9rence ou d'amphith\u00e9\u00e2tre<\/a> ? Ayez \u00e0 l'esprit que cet investissement peut vite \u00eatre amorti, \u00e0 condition de vous doter d'appareils informatiques, de type vid\u00e9o et audio performants.\n<h2>Quels appareils pour organiser une vid\u00e9oconf\u00e9rence ?<\/h2>\n<img class=\"size-medium wp-image-101543 alignright\" src=\"https:\/\/www.speechi.com\/wp-content\/uploads\/2021\/02\/pieuvre-visioconference-micro-360-degre-300x161.jpg\" alt=\"micro pour visioconf\u00e9rences\" width=\"300\" height=\"161\" \/>Vous connaissez le nombre de personnes \u00e0 r\u00e9unir dans une salle d\u00e9di\u00e9e ? Vous avez trouv\u00e9 la meilleure pi\u00e8ce, avec un mobilier confortable ? Vous pouvez \u00e0 pr\u00e9sent r\u00e9fl\u00e9chir sur les meilleurs appareils \u00e0 installer dans cette pi\u00e8ce. Nous vous conseillons une lecture attentive de notre <a href=\"https:\/\/speechi.com\/fr\/ecrans-interactifs-speechitouch-notre-guide-dachat\/\">guide d\u00e9di\u00e9 \u00e0 l'\u00e9cran interactif pour visioconf\u00e9rence<\/a>. Vous connaitrez les diff\u00e9rents \u00e9l\u00e9ments \u00e0 prendre en consid\u00e9ration, comme la taille de l'\u00e9cran, la puissance du processeur, la connectivit\u00e9 et les fonctionnalit\u00e9s incluses. Vous pouvez compl\u00e9ter cette lecture en comparant les <a href=\"\/?p=88073\">diff\u00e9rentes gammes d'appareils tactiles<\/a> en vente chez Speechi.\n\nLarge et performant, l'\u00e9cran interactif trouvera sa place dans toute salle de vid\u00e9oconf\u00e9rence. Il permettra \u00e0 tous les participants pr\u00e9sents sur site de voir les visages des diff\u00e9rentes personnes travaillant \u00e0 distance, comme des collaborateurs ou des prestataires externes mais aussi des clients ou toute autre personne situ\u00e9e en France ou \u00e0 l'\u00e9tranger. Pour tous les mod\u00e8les en vente sur notre boutique en ligne, nous fournissons des informations compl\u00e8tes. Vous trouverez d'autres conseils int\u00e9ressant sur le <a href=\"https:\/\/ecran-salle-conference.com\/\">site d\u00e9di\u00e9 \u00e0 l'\u00e9cran pour salle de conf\u00e9rence<\/a>.\n\nCertains de ces appareils sont dot\u00e9s d'une webcam int\u00e9gr\u00e9e et d'enceintes. C'est notamment le cas de l'appareil pr\u00e9sent\u00e9 avec cette vid\u00e9o. Vous remarquerez le fonctionnement simple et intuitif !\n\n<iframe title=\"YouTube video player\" src=\"https:\/\/www.youtube.com\/embed\/KKUwh3aTWTo\" width=\"560\" height=\"315\" frameborder=\"0\" allowfullscreen=\"allowfullscreen\"><\/iframe>\n\n<img class=\"size-medium wp-image-71231 alignleft\" src=\"https:\/\/www.speechi.com\/wp-content\/uploads\/2019\/07\/zoom-300x86.jpg\" alt=\"logiciel de visio conf\u00e9rence Zoom\" width=\"300\" height=\"86\" \/>Cependant, votre \u00e9cran interactif n'est pas dot\u00e9 de ces dispositifs audio et vid\u00e9o, vous devrez commander une <a href=\"https:\/\/www.speechi.com\/fr\/systeme-camera-visioconference-salle-reunion\/\">cam\u00e9ra de visioconf\u00e9rence pour votre salle de r\u00e9union<\/a>. Chez Speechi, de nombreuses r\u00e9f\u00e9rences sont propos\u00e9es.\n\nLa r\u00e9ussite d'une conf\u00e9rence en ligne passe aussi par un son de qualit\u00e9, aussi bien pour la r\u00e9ception que pour l'\u00e9mission. Nous avons d\u00e9j\u00e0 \u00e9voqu\u00e9 le mod\u00e8le pieuvre, courant dans ces espaces de travail. Vous trouverez un appareil audio deux en un, avec l'enceinte micro pour visioconf\u00e9rence. Un <a href=\"https:\/\/speechi.com\/fr\/visualiseur-4K\/\">visualisateur pour visio<\/a> peut aussi venir \u00e0 l'appui d'une pr\u00e9sentation. Enfin, ne faites pas l'impasse sur des logiciels de qualit\u00e9, comme Zoom ou d'autres applications imagin\u00e9es par Speechi.\n\nVous souhaitez en savoir plus au sujet de l'installation et de l'\u00e9quipement d'une salle de vid\u00e9oconf\u00e9rence ? Vous trouverez des informations d\u00e9taill\u00e9es et de pr\u00e9cieux conseils sur les fiches-produits et sur notre blog. Vous pouvez aussi contacter notre service-client et vous rendre dans notre showroom pour d\u00e9couvrir les diverses configurations possibles dans une salle de r\u00e9union !","_et_gb_content_width":"","footnotes":""},"categories":[1],"tags":[],"class_list":["post-144632","post","type-post","status-publish","format-standard","has-post-thumbnail","hentry","category-non-classifiee"],"acf":[],"_links":{"self":[{"href":"https:\/\/speechi.com\/fr\/wp-json\/wp\/v2\/posts\/144632","targetHints":{"allow":["GET"]}}],"collection":[{"href":"https:\/\/speechi.com\/fr\/wp-json\/wp\/v2\/posts"}],"about":[{"href":"https:\/\/speechi.com\/fr\/wp-json\/wp\/v2\/types\/post"}],"author":[{"embeddable":true,"href":"https:\/\/speechi.com\/fr\/wp-json\/wp\/v2\/users\/20"}],"replies":[{"embeddable":true,"href":"https:\/\/speechi.com\/fr\/wp-json\/wp\/v2\/comments?post=144632"}],"version-history":[{"count":9,"href":"https:\/\/speechi.com\/fr\/wp-json\/wp\/v2\/posts\/144632\/revisions"}],"predecessor-version":[{"id":44219848,"href":"https:\/\/speechi.com\/fr\/wp-json\/wp\/v2\/posts\/144632\/revisions\/44219848"}],"wp:featuredmedia":[{"embeddable":true,"href":"https:\/\/speechi.com\/fr\/wp-json\/wp\/v2\/media\/4405577"}],"wp:attachment":[{"href":"https:\/\/speechi.com\/fr\/wp-json\/wp\/v2\/media?parent=144632"}],"wp:term":[{"taxonomy":"category","embeddable":true,"href":"https:\/\/speechi.com\/fr\/wp-json\/wp\/v2\/categories?post=144632"},{"taxonomy":"post_tag","embeddable":true,"href":"https:\/\/speechi.com\/fr\/wp-json\/wp\/v2\/tags?post=144632"}],"curies":[{"name":"wp","href":"https:\/\/api.w.org\/{rel}","templated":true}]}}