{"id":147665,"date":"2023-08-29T10:57:26","date_gmt":"2023-08-29T08:57:26","guid":{"rendered":"https:\/\/www.speechi.com\/fr\/?p=147665"},"modified":"2024-06-10T15:01:45","modified_gmt":"2024-06-10T13:01:45","slug":"ota-interface-ecran-interactif-superglass","status":"publish","type":"post","link":"https:\/\/speechi.com\/fr\/ota-interface-ecran-interactif-superglass\/","title":{"rendered":"Mise \u00e0 jour de l&rsquo;interface des \u00e9crans SuperGlass : nouveau design et visio en un clic"},"content":{"rendered":"<p><strong>A l&rsquo;approche de la rentr\u00e9e et apr\u00e8s plusieurs semaines de d\u00e9veloppement dans nos bureaux lillois, nous pouvons finalement officialiser la sortie de la nouvelle interface des \u00e9crans interactifs de la gamme SuperGlass. Modernisation de vos outils pr\u00e9f\u00e9r\u00e9s, apparition d&rsquo;exclusivit\u00e9s dans le domaine de l&rsquo;interactivit\u00e9, \u00e9crans compatibles et dates de mise \u00e0 jour OTA : vous saurez tout de la nouvelle interface SuperGlass dans ce billet de blog. <\/strong><\/p>\n<h2>Mise \u00e0 jour logicielle des \u00e9crans interactifs SuperGlass : \u00e0 quoi s&rsquo;attendre ?<\/h2>\n<h3>De la subtilit\u00e9 \u00e0 l&rsquo;essentiel, du nouveau look \u00e0 la nouvelle fonctionnalit\u00e9 in\u00e9dite :<\/h3>\n<table>\n<tbody>\n<tr style=\"background-color: #fff;\">\n<td width=\"33%\"><img decoding=\"async\" class=\"alignleft size-full wp-image-147674\" style=\"width: 100%;\" src=\"https:\/\/www.speechi.com\/wp-content\/uploads\/2023\/08\/interface-1.jpg\" alt=\"menu \u00e9cran interactif tactile superglass\" \/><\/p>\n<h4>Un nouveau menu au design \u00e9pur\u00e9<\/h4>\n<p>C&rsquo;est le premier changement que vous allez remarquer au red\u00e9marrage de l&rsquo;\u00e9cran : nous avons redesign\u00e9 le menu Android pour qu&rsquo;il soit plus moderne, en proposant des raccourcis plus pertinents.<\/td>\n<td width=\"33%\"><img decoding=\"async\" class=\"alignleft size-full wp-image-147680\" style=\"width: 100%;\" src=\"https:\/\/www.speechi.com\/wp-content\/uploads\/2023\/08\/barre-1.jpg\" alt=\"raccourcis interface android superglass\" \/><\/p>\n<h4>Des raccourcis aux ic\u00f4nes perfectionn\u00e9es<\/h4>\n<p>Nouveau look \u00e9galement pour la barre d&rsquo;outils lat\u00e9rale de votre \u00e9cran : elle arbore un nouveau design mais reste la m\u00eame commande ergonomique disponible \u00e0 tout instant sur votre \u00e9cran.<\/td>\n<td width=\"33%\"><img decoding=\"async\" class=\"alignleft size-full wp-image-147686\" style=\"width: 100%;\" src=\"https:\/\/www.speechi.com\/wp-content\/uploads\/2023\/08\/482285000063641004_zc_v1_1691767126716_interface_visio_12_2-1.jpg\" alt=\"interface visioconference android sur ecran interactif\" \/><\/p>\n<h4>Un calendrier pour vos visioconf\u00e9rences<\/h4>\n<p>C&rsquo;est la v\u00e9ritable r\u00e9volution de la nouvelle interface de l&rsquo;\u00e9cran SuperGlass : <a href=\"https:\/\/www.speechi.com\/fr\/interface-visio-android-speechi\/\">la visioconf\u00e9rence en un clic \/ le One-Click video call<\/a>. Plus de d\u00e9tails dans la suite de l&rsquo;article.<\/td>\n<\/tr>\n<tr style=\"background-color: #fff;\">\n<td width=\"33%\"><img decoding=\"async\" class=\"alignleft size-full wp-image-147693\" style=\"width: 100%;\" src=\"https:\/\/www.speechi.com\/wp-content\/uploads\/2023\/08\/palette-1.jpg\" alt=\"annotation sur \u00e9cran tactile android\" \/><\/p>\n<h4>Une palette d&rsquo;annotation \u00e9toff\u00e9e<\/h4>\n<p>Dans la palette d&rsquo;outils en surcouche Android, le petit outil d&rsquo;annotation s&rsquo;am\u00e9liore : annoter tout ce qu&rsquo;il se passe sur votre SuperGlass en capture d&rsquo;\u00e9cran avec davantage de couleurs et de styles.<\/td>\n<td width=\"33%\"><img decoding=\"async\" class=\"alignleft size-full wp-image-147699\" style=\"width: 100%;\" src=\"https:\/\/www.speechi.com\/wp-content\/uploads\/2023\/08\/note.jpg\" alt=\"logiciel de tableau interactif android speechitouch\" \/><\/p>\n<h4>De nouvelles fonctionnalit\u00e9s sur Note<\/h4>\n<p>Avec la mise \u00e0 jour, le logiciel de tableau blanc Note sous Android \u00e9volue \u00e9galement en int\u00e9grant des fonctionnalit\u00e9s de <a href=\"https:\/\/www.speechi.com\/fr\/smartwrite-la-reconnaissance-decriture-intelligente-et-multilingue\/\">reconnaissance d&rsquo;\u00e9criture (SmartWrite)<\/a> et de <a href=\"https:\/\/www.speechi.com\/fr\/tableau-blanc-interactif-mind-map\/\">MindMapping<\/a>.<\/td>\n<td width=\"33%\"><img decoding=\"async\" class=\"alignleft size-full wp-image-147705\" style=\"width: 100%;\" src=\"https:\/\/www.speechi.com\/wp-content\/uploads\/2023\/08\/verou.jpg\" alt=\"verrouillage \u00e9cran interactif\" \/><\/p>\n<h4>Un verrouillage astucieux de l&rsquo;\u00e9cran<\/h4>\n<p>D\u00e9finissez un mot de passe secret et des plages horaires de verrouillage de l&rsquo;\u00e9cran interactif pour s\u00e9curiser vos absences et l&rsquo;acc\u00e8s \u00e0 l&rsquo;\u00e9cran interactif avec \u00e9conomie d&rsquo;\u00e9nergie.<\/td>\n<\/tr>\n<\/tbody>\n<\/table>\n<h3>Quels \u00e9crans interactifs SuperGlass sont compatibles avec la mise \u00e0 jour ?<\/h3>\n<p>La mise \u00e0 jour concerne les \u00e9crans SuperGlass+ et 2+, ainsi que les futures g\u00e9n\u00e9rations d&rsquo;\u00e9crans SuperGlass (quelques surprises de <b>tailles<\/b> \u00e0 venir).<\/p>\n<p>Elle a eu lieu il y a quelques jours et est d&rsquo;ores et d\u00e9j\u00e0 disponible pour les utilisateurs \u00e9quip\u00e9s des \u00e9crans SuperGlass cit\u00e9s pr\u00e9c\u00e9demment.<\/p>\n<h2>Focus : d\u00e9couvrez-les principales nouveaut\u00e9s en vid\u00e9o<\/h2>\n<h3>1\/ L\u2019arriv\u00e9e exclusive de la visioconf\u00e9rence en un seul clic sur votre SuperGlass<\/h3>\n<p>Nous avons constat\u00e9 la lourdeur des d\u00e9buts de r\u00e9union en visioconf\u00e9rence au moment o\u00f9 nous avons mis nos \u00e9crans interactifs au diapason avec la banalisation du travail hybride post crise sanitaire. La pluralit\u00e9 des prestataires logiciels et des usages sur le march\u00e9 de la visio pouvaient parfois perdre les utilisateurs qui ne relevaient donc pas la t\u00eate de PC pour lancer des visioconf\u00e9rences \u00e0 plusieurs. C&rsquo;\u00e9tait un nouveau d\u00e9fi pour nous : unifier les usages et inviter tout le monde \u00e0 lancer des visioconf\u00e9rences sur \u00e9cran interactif aussi simplement qu&rsquo;on appelle quelqu&rsquo;un avec un smartphone.<\/p>\n<p>Nous avons donc int\u00e9gr\u00e9 \u00e0 notre nouvelle interface et mise \u00e0 jour logicielle un nouveau raccourci pr\u00e9sent en surcouche sur la partie Android de votre \u00e9cran. Ce raccourci permet d&rsquo;acc\u00e9der en un clic \u00e0 l&rsquo;agenda (gmail, outlook, etc.) connect\u00e9 \u00e0 l&rsquo;\u00e9cran et de lancer les r\u00e9unions d\u00e9finies comme visioconf\u00e9rence en appuyant sur l&rsquo;icone t\u00e9l\u00e9phone.<\/p>\n<p>Et c&rsquo;est tellement dingue qu&rsquo;on en a fait une vid\u00e9o (dans laquelle vous pourrez apercevoir la plupart des nouveaut\u00e9s disponibles gr\u00e2ce \u00e0 la mise \u00e0 jour).<\/p>\n<p><a href=\"https:\/\/www.youtube.com\/watch?v=zMwU7hYa5EE\"><img decoding=\"async\" class=\"alignleft size-full wp-image-147719\" style=\"width: 100%;\" src=\"https:\/\/www.speechi.com\/wp-content\/uploads\/2023\/08\/speechi-sgs-support-mobile-esthetique-interfacevisio-16-bis-copie-min-play.jpg\" alt=\"vid\u00e9o de pr\u00e9sentation de l'interface visio sur \u00e9cran interactif speechitouch\" \/><\/a><\/p>\n<p><a href=\"https:\/\/www.youtube.com\/watch?v=zMwU7hYa5EE\">D\u00e9couvrez en vid\u00e9o le volet visioconf\u00e9rence de la toute nouvelle interface SuperGlass. <\/a><\/p>\n<p>Le volet visioconf\u00e9rence et ses subtilit\u00e9s feront l&rsquo;objet d&rsquo;un futur article de blog : nous vous d\u00e9taillerons les possibilit\u00e9s en visioconf\u00e9rence, comment l&rsquo;activer, comment faire de votre \u00e9cran un lieu de r\u00e9union strat\u00e9gique.<\/p>\n<h3>2\/ La reconnaissance d&rsquo;\u00e9criture intelligente et multilingue (logiciel tableau interactif Note)<\/h3>\n<p>L&rsquo;un des atouts majeurs de l&rsquo;\u00e9cran interactif SpeechiTouch sous Android (toutes gammes confondues) c&rsquo;est son logiciel de tableau interactif Note. Nous profitons donc de cette mise \u00e0 jour globale pour lui octroyer de nouvelles fonctionnalit\u00e9s.<\/p>\n<p>SmartWrite aura tendance \u00e0 servir davantage d&rsquo;usages p\u00e9dagogiques et scolaires, mais les professionnels pourront aussi trouver leur compte dans son utilisation.<\/p>\n<p>L&rsquo;int\u00e9r\u00eat de SmartWrite est multiple :<\/p>\n<ul>\n<li>Sublimer son \u00e9criture et \u00e9viter les pattes de mouches pour rendre chaque terme bien lisible \u00e0 toute l&rsquo;audience \/ la classe,<\/li>\n<li>Faciliter la recherche s\u00e9mantique : le mot saisi et transformer par SmartWrite peut \u00eatre recherch\u00e9 sur le web afin de trouver des ressources associ\u00e9es (d\u00e9finition, images, vid\u00e9os, etc.),<\/li>\n<li>Simplifier l&rsquo;\u00e9tude des langues ou la prise de note en langue \u00e9trang\u00e8re (car SmartWrite est polyglotte !) en s&rsquo;assurant de ne pas faire de fautes dans une langue que l&rsquo;on maitrise moins ou qui ne nous est pas maternelle.<\/li>\n<\/ul>\n<p><a href=\"https:\/\/youtu.be\/vHSEStHg-a8\" target=\"_blank\" rel=\"noopener noreferrer\"><img decoding=\"async\" class=\"alignnone size-full wp-image-146399\" style=\"width: 100%;\" src=\"https:\/\/www.speechi.com\/wp-content\/uploads\/2023\/05\/speechi-swartwrite-interactive-screen.jpg\" alt=\"video fonctionnalit\u00e9 de reconnaissance de texte multilingue SmartWrite avec Note 2.0\" \/><\/a><\/p>\n<p><a href=\"https:\/\/youtu.be\/vHSEStHg-a8\">SmartWrite sur tableau interactif Note en vid\u00e9o. <\/a><\/p>\n<h3>3\/ Le mind mapping pour illustrer sa pens\u00e9e et captiver avec ses id\u00e9es (logiciel tableau interactif Note)<\/h3>\n<p>Voici une fonctionnalit\u00e9 qui servira autant les professionnels que le corps professoral : la possibilit\u00e9 de faire de jolies cartes heuristiques (plus connues sous le nom de \u00ab\u00a0mind mapping\u00a0\u00bb) avec votre logiciel de tableau interactif Note.<\/p>\n<p>Pour les novices en mati\u00e8re de mind mapping, cette technique de r\u00e9flexion et de prise de notes reproduit le chemin neuronal que parcourent nos id\u00e9es, nous aidant ainsi \u00e0 d\u00e9grossir, assimiler, sch\u00e9matiser et m\u00e9moriser.<\/p>\n<p>Comme cette mani\u00e8re, \u00e0 la fois collective et individuelle, de rassembler ses id\u00e9es est de plus en plus r\u00e9pandue nous avons d\u00e9cid\u00e9 de la faciliter sur \u00e9cran interactif en l&rsquo;\u00e9pinglant \u00e0 notre palette d&rsquo;outils et en faisant en sorte que les cellules de l&rsquo;arbre soient g\u00e9n\u00e9r\u00e9es automatiquement pour davantage de visibilit\u00e9 et faciliter la sauvegarde, et donc le partage, du r\u00e9sultat.<\/p>\n<p><a href=\"https:\/\/youtu.be\/FHwwP8xg2iw\" target=\"_blank\" rel=\"noopener noreferrer\"><img decoding=\"async\" class=\"alignnone size-full wp-image-146712\" style=\"width: 100%;\" src=\"https:\/\/www.speechi.com\/wp-content\/uploads\/2023\/05\/mindmapping-video.jpg\" alt=\"vid\u00e9o carte heuristique sur tableau blanc interactif SpeechiTouch\" \/><\/a><\/p>\n<p><a href=\"https:\/\/youtu.be\/FHwwP8xg2iw\">Faites du MindMapping sur votre tableau interactif avec le logiciel Note (vid\u00e9o). <\/a><\/p>\n<div style=\"border-top: 1px dashed #CCC; border-bottom: 1px dashed #CCC; padding-top: 30px; padding-bottom: 20px; margin-top: 30px; margin-bottom: 30px;\">\n<h3 style=\"text-align: center;\">Pour en savoir plus sur nos \u00e9quipements pour les entreprises,<br \/>\nvisitez notre boutique Entreprise.<\/h3>\n<p style=\"text-align: center;\"><a style=\"background: #099baa; color: #fff; padding: 10px 25px; border-radius: 10px; font-size: 15px; margin-top: 10px; display: inline-block;\" href=\"https:\/\/pro.speechi.com\/\" target=\"_blank\" rel=\"noopener noreferrer\">Visiter la boutique<\/a><\/p>\n<\/div>\n","protected":false},"excerpt":{"rendered":"<p>A l&rsquo;approche de la rentr\u00e9e et apr\u00e8s plusieurs semaines de d\u00e9veloppement dans nos bureaux lillois, nous pouvons finalement officialiser la sortie de la nouvelle interface des \u00e9crans interactifs de la gamme SuperGlass. Modernisation de vos outils pr\u00e9f\u00e9r\u00e9s, apparition d&rsquo;exclusivit\u00e9s dans le domaine de l&rsquo;interactivit\u00e9, \u00e9crans compatibles et dates de mise \u00e0 jour OTA : vous [&hellip;]<\/p>\n","protected":false},"author":29,"featured_media":44159478,"comment_status":"open","ping_status":"closed","sticky":false,"template":"","format":"standard","meta":{"_acf_changed":false,"_seopress_robots_primary_cat":"none","_seopress_titles_title":"Mise \u00e0 jour de l'interface des \u00e9crans SuperGlass : design et visio","_seopress_titles_desc":"D\u00e9couvrez toutes les fonctionnalit\u00e9s inclues dans la mise \u00e0 jour de l'interface des \u00e9crans interactifs SpeechiTouch SuperGlass (ao\u00fbt \/ septembre 2023).","_seopress_robots_index":"","_et_pb_use_builder":"","_et_pb_old_content":"","_et_gb_content_width":"","footnotes":""},"categories":[49],"tags":[],"class_list":["post-147665","post","type-post","status-publish","format-standard","has-post-thumbnail","hentry","category-entreprise"],"acf":[],"_links":{"self":[{"href":"https:\/\/speechi.com\/fr\/wp-json\/wp\/v2\/posts\/147665","targetHints":{"allow":["GET"]}}],"collection":[{"href":"https:\/\/speechi.com\/fr\/wp-json\/wp\/v2\/posts"}],"about":[{"href":"https:\/\/speechi.com\/fr\/wp-json\/wp\/v2\/types\/post"}],"author":[{"embeddable":true,"href":"https:\/\/speechi.com\/fr\/wp-json\/wp\/v2\/users\/29"}],"replies":[{"embeddable":true,"href":"https:\/\/speechi.com\/fr\/wp-json\/wp\/v2\/comments?post=147665"}],"version-history":[{"count":3,"href":"https:\/\/speechi.com\/fr\/wp-json\/wp\/v2\/posts\/147665\/revisions"}],"predecessor-version":[{"id":44159484,"href":"https:\/\/speechi.com\/fr\/wp-json\/wp\/v2\/posts\/147665\/revisions\/44159484"}],"wp:featuredmedia":[{"embeddable":true,"href":"https:\/\/speechi.com\/fr\/wp-json\/wp\/v2\/media\/44159478"}],"wp:attachment":[{"href":"https:\/\/speechi.com\/fr\/wp-json\/wp\/v2\/media?parent=147665"}],"wp:term":[{"taxonomy":"category","embeddable":true,"href":"https:\/\/speechi.com\/fr\/wp-json\/wp\/v2\/categories?post=147665"},{"taxonomy":"post_tag","embeddable":true,"href":"https:\/\/speechi.com\/fr\/wp-json\/wp\/v2\/tags?post=147665"}],"curies":[{"name":"wp","href":"https:\/\/api.w.org\/{rel}","templated":true}]}}