{"id":148151,"date":"2023-09-20T15:20:49","date_gmt":"2023-09-20T13:20:49","guid":{"rendered":"https:\/\/www.speechi.com\/fr\/?p=148151"},"modified":"2024-05-29T11:11:28","modified_gmt":"2024-05-29T09:11:28","slug":"affichage-dynamique-corporate","status":"publish","type":"post","link":"https:\/\/speechi.com\/fr\/affichage-dynamique-corporate\/","title":{"rendered":"L&rsquo;affichage dynamique corporate, une excellente solution pour votre entreprise !"},"content":{"rendered":"<p><img loading=\"lazy\" decoding=\"async\" class=\"wp-image-131416 alignright\" src=\"https:\/\/www.speechi.com\/wp-content\/uploads\/2022\/05\/affiche-dynamique-display-300x206.jpg\" alt=\"affichage dynamique corporate, en entreprise\" width=\"200\" height=\"70\" \/>En lisant une revue professionnelle ou en \u00e9changeant avec d&rsquo;autres entrepreneurs, vous avez d\u00e9couvert les nombreuses vertus de l&rsquo;<a href=\"https:\/\/www.speechi.com\/fr\/affichage-dynamique-connecte\/\">affichage dynamique connect\u00e9<\/a>. Int\u00e9ress\u00e9 par les potentialit\u00e9s de cette solution digitale, vous souhaitez en savoir plus. Avant d&rsquo;installer ces appareils multim\u00e9dias, vous d\u00e9sirez conna\u00eetre les avantages mais aussi les diff\u00e9rentes applications pour les collaborateurs de votre PME. Dans ce cas, cet article a toutes les chances de vous int\u00e9resser !<\/p>\n<h2>Pourquoi installer un affichage dynamique corporate dans vos locaux professionnels ?<\/h2>\n<p><img loading=\"lazy\" decoding=\"async\" class=\"wp-image-138264 size-thumbnail alignleft\" src=\"https:\/\/www.speechi.com\/wp-content\/uploads\/2022\/10\/reussir-affichage-dynamique-kit-speechi-ecran-speechidisplay-touchify-300x300.jpg\" alt=\"\u00e9cran d'affichage dynamique pour banque\" width=\"300\" height=\"300\" \/>Ce dispositif multim\u00e9dia peut remplir plusieurs missions. Comme il s&rsquo;agit d&rsquo;un appareil li\u00e9 \u00e0 l&rsquo;entreprise, il peut transmettre toutes les informations importantes \u00e0 l&rsquo;ensemble des collaborateurs. Ainsi, les r\u00e9unions importantes concernant tout ou partie du personnel peuvent \u00eatre affich\u00e9es sur ces appareils. L&rsquo;organisation d&rsquo;un s\u00e9minaire ou d&rsquo;une f\u00eate avant les vacances d&rsquo;hiver ou la fermeture annuelle en \u00e9t\u00e9 sont des dates importantes \u00e0 mentionner avec un \u00e9cran d&rsquo;affichage dynamique corporate.<\/p>\n<p>Outre les informations essentielles pour vos salari\u00e9s, vous pourrez insuffler un meilleur esprit d&rsquo;entreprise en annon\u00e7ant de bonnes nouvelles sur un \u00e9cran d&rsquo;affichage dynamique corporate. Vous pourrez ainsi f\u00e9liciter un ou plusieurs collaborateurs, suite \u00e0 de bons r\u00e9sultats ou \u00e0 la signature d&rsquo;un contrat important pour votre entreprise. Vous pouvez aussi instaurer une ambiance plus conviviale en proposant des activit\u00e9s sportives, le midi ou le week-end, entre coll\u00e8gues.<\/p>\n<p>Vous pouvez aussi agir sur la motivation de votre personnel, par exemple avec un <a href=\"https:\/\/www.speechi.com\/fr\/affichage-dynamique-industriel\/\">affichage dynamique industriel<\/a>. Gr\u00e2ce \u00e0 celui-ci, vous pouvez indiquer les chiffres de production, les am\u00e9liorations de la productivit\u00e9 ou les avances prises sur le planning de votre usine.<\/p>\n<p>Les exemples d&rsquo;utilisation ne manquent pas ! Vous trouverez de nombreuses autres id\u00e9es en utilisant de mani\u00e8re quotidienne ces \u00e9crans. Vous appr\u00e9cierez la grande facilit\u00e9 d&rsquo;utilisation. Gr\u00e2ce \u00e0 un player int\u00e9gr\u00e9, vous pourrez diffuser facilement des textes, des images ou de courtes vid\u00e9os. Vous pourrez \u00e9galement utiliser un logiciel d&rsquo;affichage dynamique corporate, notamment avec Studio de Touchify. Vous pourrez ainsi cr\u00e9er des animations plus dynamiques et par cons\u00e9quent plus attractives. Vous aurez ainsi plus de chance d&rsquo;attirer l&rsquo;attention de votre personnel.<\/p>\n<p><iframe loading=\"lazy\" title=\"YouTube video player\" src=\"https:\/\/www.youtube.com\/embed\/2fj5OJziOxQ?si=2C9TwMRNq_aBGMhL\" width=\"560\" height=\"315\" frameborder=\"0\" allowfullscreen=\"allowfullscreen\"><\/iframe><\/p>\n<p>Par ailleurs, il sera important de d\u00e9finir le meilleur emplacement pour garantir l&rsquo;efficacit\u00e9 de votre <a href=\"https:\/\/www.speechi.com\/fr\/systeme-affichage-dynamique\/\">syst\u00e8me d&rsquo;affichage dynamique<\/a>. Celui-ci peut se trouver juste \u00e0 l&rsquo;entr\u00e9e du personnel et \/ ou dans la caf\u00e9t\u00e9ria ou dans une cuisine. Cependant, vous pouvez aussi utiliser ces <a href=\"https:\/\/www.speechi.com\/fr\/affichage-dynamique-salle-conference\/\">\u00e9crans d&rsquo;affichage dynamique en salle de conf\u00e9rence<\/a>, dans un open space ou une salle de r\u00e9union.<\/p>\n<h2>Comment bien choisir le ou les \u00e9crans pour votre entreprise ?<\/h2>\n<p><img loading=\"lazy\" decoding=\"async\" class=\"size-medium wp-image-111547 alignright\" src=\"https:\/\/www.speechi.com\/wp-content\/uploads\/2021\/05\/digital-signage-speechidisplay-player-usb-300x169.jpg\" alt=\"\u00e9cran avec player int\u00e9gr\u00e9\" width=\"300\" height=\"169\" \/>Un crit\u00e8re est souvent consid\u00e9r\u00e9 comme essentiel par les chefs d&rsquo;entreprise, la taille de ces appareils multim\u00e9dias. Plus ceux-ci sont grands, plus les messages diffus\u00e9s seront faciles \u00e0 lire. Sur notre boutique en ligne, nous commercialisons plusieurs \u00e9crans, du 43 au 75 pouces.<\/p>\n<p>Par ailleurs, vous trouverez facilement votre \u00e9cran d&rsquo;affichage corporate, en comparant l&rsquo;ensemble des caract\u00e9ristiques affich\u00e9es. Concernant les images, vous conna\u00eetrez tous les \u00e9l\u00e9ments, comme la diagonale de l&rsquo;\u00e9cran, l&rsquo;angle de vue, la luminosit\u00e9 ou le ratio de contraste. Nous indiquons aussi le nombre de couleurs et la fr\u00e9quence de rafraichissement. N&rsquo;oubliez pas qu&rsquo;il s&rsquo;agit aussi d&rsquo;un appareil informatique, capable de lire de nombreux fichiers num\u00e9riques. Ainsi, vous serez attentif \u00e0 la puissance et au type de microprocesseur mais aussi \u00e0 la capacit\u00e9 de la m\u00e9moire vive. Enfin, nous indiquons toutes les connectiques pr\u00e9sentes (USB, audio ou HDMI &#8230;).<\/p>\n<p>Une question au sujet du prix d&rsquo;un \u00e9cran d&rsquo;affichage dynamique corporate ? Vous voulez en savoir plus sur un appareil de la Gamme SpeechiDisplay ? Vous pouvez nous envoyer un email ou nous t\u00e9l\u00e9phoner pour mieux conna\u00eetre nos appareils. Nous pouvons aussi vous accueillir dans notre showroom situ\u00e9 sur Lille, dans le Nord.<\/p>\n","protected":false},"excerpt":{"rendered":"<p>En lisant une revue professionnelle ou en \u00e9changeant avec d&rsquo;autres entrepreneurs, vous avez d\u00e9couvert les nombreuses vertus de l&rsquo;affichage dynamique connect\u00e9. Int\u00e9ress\u00e9 par les potentialit\u00e9s de cette solution digitale, vous souhaitez en savoir plus. Avant d&rsquo;installer ces appareils multim\u00e9dias, vous d\u00e9sirez conna\u00eetre les avantages mais aussi les diff\u00e9rentes applications pour les collaborateurs de votre PME. [&hellip;]<\/p>\n","protected":false},"author":20,"featured_media":108512,"comment_status":"open","ping_status":"closed","sticky":false,"template":"","format":"standard","meta":{"_acf_changed":false,"_seopress_robots_primary_cat":"","_seopress_titles_title":"Affichage Dynamique Corporate (Prix, Logiciel & Ecran)","_seopress_titles_desc":"Pourquoi installer un affichage dynamique dans votre entreprise ? D\u00e9couvrez les multiples int\u00e9r\u00eats de cette communication corporate sur le site Speechi","_seopress_robots_index":"","_et_pb_use_builder":"","_et_pb_old_content":"","_et_gb_content_width":"","footnotes":""},"categories":[],"tags":[],"class_list":["post-148151","post","type-post","status-publish","format-standard","has-post-thumbnail","hentry"],"acf":[],"_links":{"self":[{"href":"https:\/\/speechi.com\/fr\/wp-json\/wp\/v2\/posts\/148151","targetHints":{"allow":["GET"]}}],"collection":[{"href":"https:\/\/speechi.com\/fr\/wp-json\/wp\/v2\/posts"}],"about":[{"href":"https:\/\/speechi.com\/fr\/wp-json\/wp\/v2\/types\/post"}],"author":[{"embeddable":true,"href":"https:\/\/speechi.com\/fr\/wp-json\/wp\/v2\/users\/20"}],"replies":[{"embeddable":true,"href":"https:\/\/speechi.com\/fr\/wp-json\/wp\/v2\/comments?post=148151"}],"version-history":[{"count":1,"href":"https:\/\/speechi.com\/fr\/wp-json\/wp\/v2\/posts\/148151\/revisions"}],"predecessor-version":[{"id":44153882,"href":"https:\/\/speechi.com\/fr\/wp-json\/wp\/v2\/posts\/148151\/revisions\/44153882"}],"wp:featuredmedia":[{"embeddable":true,"href":"https:\/\/speechi.com\/fr\/wp-json\/"}],"wp:attachment":[{"href":"https:\/\/speechi.com\/fr\/wp-json\/wp\/v2\/media?parent=148151"}],"wp:term":[{"taxonomy":"category","embeddable":true,"href":"https:\/\/speechi.com\/fr\/wp-json\/wp\/v2\/categories?post=148151"},{"taxonomy":"post_tag","embeddable":true,"href":"https:\/\/speechi.com\/fr\/wp-json\/wp\/v2\/tags?post=148151"}],"curies":[{"name":"wp","href":"https:\/\/api.w.org\/{rel}","templated":true}]}}