{"id":44164644,"date":"2024-06-15T12:00:00","date_gmt":"2024-06-15T10:00:00","guid":{"rendered":"https:\/\/speechi.com\/?p=44164644"},"modified":"2024-07-11T16:50:15","modified_gmt":"2024-07-11T14:50:15","slug":"ecran-pour-visioconference","status":"publish","type":"post","link":"https:\/\/speechi.com\/fr\/ecran-pour-visioconference\/","title":{"rendered":"L&rsquo;\u00e9cran pour visioconf\u00e9rence, le compagnon id\u00e9al pour les PME et les entreprises"},"content":{"rendered":"\n<p>Vous devez souvent organiser des r\u00e9unions \u00e0 distance pour votre entreprise ? Pourquoi ne pas investir dans un \u00e9cran pour visioconf\u00e9rence, en vente chez Speechi ? Retrouvez les multiples avantages de cet appareil num\u00e9rique pour vos sessions de travail professionnelles. L&rsquo;utilisation d&rsquo;un <a href=\"https:\/\/speechi.com\/fr\/ecran-interactif-visioconference\/\">\u00e9cran interactif pour visioconf\u00e9rence<\/a> optimis\u00e9 peut transformer vos r\u00e9unions en rendant les interactions plus dynamiques et engageantes.<\/p>\n\n\n\n<h2 class=\"wp-block-heading\">Pr\u00e9sentation de l\u2019\u00e9cran num\u00e9rique tactile interactif<\/h2>\n\n\n\n<p>Un <a href=\"https:\/\/speechi.com\/fr\/ecran-interactif-speechitouch\/\">\u00e9cran num\u00e9rique tactile interactif<\/a> est un appareil multim\u00e9dia qui combine les fonctionnalit\u00e9s d&rsquo;un tableau blanc traditionnel avec la technologie tactile moderne. Cet \u00e9cran permet aux utilisateurs de manipuler directement des contenus \u00e0 l&rsquo;\u00e9cran avec les doigts ou un stylet, facilitant ainsi la collaboration interactive lors des r\u00e9unions de travail ou des pr\u00e9sentations. La technologie tactile multipoint d\u00e9tectera simultan\u00e9ment plusieurs points de contact, ce qui permet \u00e0 plusieurs participants et collaborateurs de travailler sur l&rsquo;\u00e9cran en m\u00eame temps.<\/p>\n\n\n\n<p>Ces \u00e9crans num\u00e9riques sont souvent \u00e9quip\u00e9s de composants de haute qualit\u00e9 qui assurent une image claire et nette, avec une faible latence dans l&rsquo;affichage des interactions, ce qui est essentiel pour maintenir un flux de communication fluide et professionnel pendant les sessions de visioconf\u00e9rence. Comparables \u00e0 des <a href=\"http:\/\/speechi.com\/fr\/ecran-projection-de-salle-de-reunion\">\u00e9crans de projection pour salle de r\u00e9union<\/a>, ces appareils rendront de multiples services aux professionnels.<\/p>\n\n\n\n<p>De plus, ces dispositifs int\u00e8grent souvent des solutions logicielles sp\u00e9cifiques qui enrichissent l&rsquo;exp\u00e9rience utilisateur en offrant des outils de collaboration \u00e0 distance, des applications pour le partage de documents num\u00e9riques et des options de connectivit\u00e9 avec diverses plateformes de vid\u00e9oconf\u00e9rence.<\/p>\n\n\n\n<p>Nous vous aiderons \u00e0 bien choisir votre futur <a href=\"https:\/\/speechi.com\/fr\/ecran-visioconference-windows\/\">\u00e9cran pour visioconf\u00e9rence Windows<\/a> ou Andro\u00efd, en affichant toutes informations importantes, comme la capacit\u00e9 de stockage du disque dur et les principales technologies interactives pr\u00e9sentes.<\/p>\n\n\n\n<figure class=\"wp-block-image aligncenter size-full is-resized\"><img loading=\"lazy\" decoding=\"async\" width=\"592\" height=\"285\" src=\"https:\/\/speechi.com\/wp-content\/uploads\/2024\/05\/Transmetteur-sans-fil-Speechi-pour-ecrans-interactifs-tactiles.jpg\" alt=\"Transmetteur sans fil Speechi pour ecrans interactifs tactiles\" class=\"wp-image-44147345\" style=\"width:722px;height:auto\" srcset=\"https:\/\/speechi.com\/wp-content\/uploads\/2024\/05\/Transmetteur-sans-fil-Speechi-pour-ecrans-interactifs-tactiles.jpg 592w, https:\/\/speechi.com\/wp-content\/uploads\/2024\/05\/Transmetteur-sans-fil-Speechi-pour-ecrans-interactifs-tactiles-480x231.jpg 480w\" sizes=\"(min-width: 0px) and (max-width: 480px) 480px, (min-width: 481px) 592px, 100vw\" \/><\/figure>\n\n\n\n<h2 class=\"wp-block-heading\">Les points forts d&rsquo;un \u00e9cran tactile interactif pour l\u2019entreprise<\/h2>\n\n\n\n<p>Les \u00e9crans tactiles interactifs pr\u00e9sentent plusieurs avantages int\u00e9ressants pour les environnements professionnels. Le premier int\u00e9r\u00eat est sans aucun doute l&rsquo;am\u00e9lioration de la collaboration. Ces <a href=\"http:\/\/speechi.com\/fr\/ecran-projection-interactif\">\u00e9crans de projection interactifs<\/a> facilitent une interaction plus naturelle et intuitive entre les collaborateurs, qu&rsquo;ils soient r\u00e9unis dans la m\u00eame salle ou r\u00e9partis \u00e0 travers le monde. Cela permet de stimuler la cr\u00e9ativit\u00e9, l&rsquo;engagement et l&rsquo;efficacit\u00e9 des \u00e9quipes en permettant une discussion fluide et des annotations en temps r\u00e9el.<\/p>\n\n\n\n<p>Un autre point fort est la flexibilit\u00e9 offerte par ces \u00e9crans. Compatible avec de multiples logiciels et applications, l&rsquo;\u00e9cran tactile interactif peut \u00eatre utilis\u00e9 avec une large diversit\u00e9 de sc\u00e9narios professionnels, allant des sessions de brainstorming aux formations en passant par les pr\u00e9sentations aux clients. Cette polyvalence fait de l&rsquo;\u00e9cran un investissement rentable, adapt\u00e9 aux multiples attentes des entreprises.<\/p>\n\n\n\n<p>De plus, l&rsquo;utilisation d&rsquo;\u00e9crans pour visioconf\u00e9rence permet une r\u00e9duction significative des frais li\u00e9s aux d\u00e9placements professionnels. En organisant des r\u00e9unions \u00e0 distance efficaces et productives, les entreprises peuvent r\u00e9aliser des \u00e9conomies majeures tout en r\u00e9duisant leur empreinte carbone.<\/p>\n\n\n\n<h2 class=\"wp-block-heading\">D\u00e9finir le meilleur \u00e9cran pour vos besoins en visioconf\u00e9rence<\/h2>\n\n\n\n<p>Le choix d&rsquo;un \u00e9cran pour visioconf\u00e9rence doit \u00eatre guid\u00e9 par vos besoins professionnels. La taille de l&rsquo;\u00e9cran, par exemple, doit correspondre \u00e0 la superficie de la salle o\u00f9 il sera install\u00e9 afin d\u2019assurer une visibilit\u00e9 optimale \u00e0 tous les participants. Les \u00e9crans disponibles sur le march\u00e9 varient avec des diagonales en pouces tr\u00e8s variables. Vous pourrez notamment commander un \u00e9cran SuperGlass de 75, de 86 ou de 105 pouces.<\/p>\n\n\n\n<p>La connectivit\u00e9 est aussi un facteur essentiel. Un bon \u00e9cran pour visioconf\u00e9rence doit proposer diverses options de connectivit\u00e9, y compris le HDMI, le USB et l&rsquo;acc\u00e8s r\u00e9seau sans fil. Cela garantira une compatibilit\u00e9 \u00e9tendue avec tous les appareils et logiciels que votre entreprise aurait besoin pour ses op\u00e9rations quotidiennes.<\/p>\n\n\n\n<figure class=\"wp-block-image size-large\"><img loading=\"lazy\" decoding=\"async\" width=\"1024\" height=\"576\" src=\"https:\/\/speechi.com\/wp-content\/uploads\/2023\/10\/speechi-kit-camera-de-visioconference-tout-en-un-VA400-0-00-49-13-1024x576.jpg\" alt=\"un \u00e9cran interactif pour visioconf\u00e9rence professionnelle\" class=\"wp-image-4407686\" srcset=\"https:\/\/speechi.com\/wp-content\/uploads\/2023\/10\/speechi-kit-camera-de-visioconference-tout-en-un-VA400-0-00-49-13-980x551.jpg 980w, https:\/\/speechi.com\/wp-content\/uploads\/2023\/10\/speechi-kit-camera-de-visioconference-tout-en-un-VA400-0-00-49-13-480x270.jpg 480w\" sizes=\"(min-width: 0px) and (max-width: 480px) 480px, (min-width: 481px) and (max-width: 980px) 980px, (min-width: 981px) 1024px, 100vw\" \/><\/figure>\n\n\n\n<h2 class=\"wp-block-heading\">Pourquoi faire l\u2019achat d\u2019un \u00e9cran num\u00e9rique tactile pour votre entreprise ?<\/h2>\n\n\n\n<p>En choisissant un \u00e9quipement de pointe, vous mettrez en place une infrastructure capable d\u2019am\u00e9liorer les op\u00e9rations internes tout en enrichissant l&rsquo;exp\u00e9rience client.<\/p>\n\n\n\n<p>La technologie tactile, en r\u00e9duisant les barri\u00e8res physiques et digitales, favorise une atmosph\u00e8re de travail plus collaborative et plus dynamique. Cela aura pour cons\u00e9quence une augmentation notable de la productivit\u00e9 et une am\u00e9lioration de la satisfaction des collaborateurs et des clients.<\/p>\n\n\n\n<p>Pour ces appareils pour vid\u00e9oconf\u00e9rence, vous b\u00e9n\u00e9ficierez de multiples avantages en commandant chez Speechi. N\u2019h\u00e9sitez pas \u00e0 nous joindre pour en savoir plus au sujet de ces appareils multim\u00e9dia.<\/p>\n","protected":false},"excerpt":{"rendered":"<p>Vous devez souvent organiser des r\u00e9unions \u00e0 distance pour votre entreprise ? Pourquoi ne pas investir dans un \u00e9cran pour visioconf\u00e9rence, en vente chez Speechi ? Retrouvez les multiples avantages de cet appareil num\u00e9rique pour vos sessions de travail professionnelles. L&rsquo;utilisation d&rsquo;un \u00e9cran interactif pour visioconf\u00e9rence optimis\u00e9 peut transformer vos r\u00e9unions en rendant les interactions [&hellip;]<\/p>\n","protected":false},"author":14,"featured_media":4409387,"comment_status":"open","ping_status":"closed","sticky":false,"template":"","format":"standard","meta":{"_acf_changed":false,"_seopress_robots_primary_cat":"none","_seopress_titles_title":"Quel ecran tactile utiliser pour visioconf\u00e9rence ? - Speechi","_seopress_titles_desc":"Vous organisez souvent des r\u00e9unions \u00e0 distance pour votre entreprise ? Pourquoi ne pas investir dans un \u00e9cran pour visioconf\u00e9rence, en vente chez Speechi ?","_seopress_robots_index":"","_et_pb_use_builder":"off","_et_pb_old_content":"","_et_gb_content_width":"","footnotes":""},"categories":[49,1],"tags":[],"class_list":["post-44164644","post","type-post","status-publish","format-standard","has-post-thumbnail","hentry","category-entreprise","category-non-classifiee"],"acf":[],"_links":{"self":[{"href":"https:\/\/speechi.com\/fr\/wp-json\/wp\/v2\/posts\/44164644","targetHints":{"allow":["GET"]}}],"collection":[{"href":"https:\/\/speechi.com\/fr\/wp-json\/wp\/v2\/posts"}],"about":[{"href":"https:\/\/speechi.com\/fr\/wp-json\/wp\/v2\/types\/post"}],"author":[{"embeddable":true,"href":"https:\/\/speechi.com\/fr\/wp-json\/wp\/v2\/users\/14"}],"replies":[{"embeddable":true,"href":"https:\/\/speechi.com\/fr\/wp-json\/wp\/v2\/comments?post=44164644"}],"version-history":[{"count":5,"href":"https:\/\/speechi.com\/fr\/wp-json\/wp\/v2\/posts\/44164644\/revisions"}],"predecessor-version":[{"id":44167300,"href":"https:\/\/speechi.com\/fr\/wp-json\/wp\/v2\/posts\/44164644\/revisions\/44167300"}],"wp:featuredmedia":[{"embeddable":true,"href":"https:\/\/speechi.com\/fr\/wp-json\/wp\/v2\/media\/4409387"}],"wp:attachment":[{"href":"https:\/\/speechi.com\/fr\/wp-json\/wp\/v2\/media?parent=44164644"}],"wp:term":[{"taxonomy":"category","embeddable":true,"href":"https:\/\/speechi.com\/fr\/wp-json\/wp\/v2\/categories?post=44164644"},{"taxonomy":"post_tag","embeddable":true,"href":"https:\/\/speechi.com\/fr\/wp-json\/wp\/v2\/tags?post=44164644"}],"curies":[{"name":"wp","href":"https:\/\/api.w.org\/{rel}","templated":true}]}}