{"id":44177219,"date":"2024-10-24T17:09:08","date_gmt":"2024-10-24T15:09:08","guid":{"rendered":"https:\/\/speechi.com\/?p=44177219"},"modified":"2026-04-27T15:49:51","modified_gmt":"2026-04-27T13:49:51","slug":"quel-accessoire-pour-ecran-interactif","status":"publish","type":"post","link":"https:\/\/speechi.com\/fr\/quel-accessoire-pour-ecran-interactif\/","title":{"rendered":"Quel accessoire pour \u00e9cran interactif ?"},"content":{"rendered":"<p>[et_pb_section fb_built=\u00a0\u00bb1&Prime; _builder_version=\u00a0\u00bb4.21.0&Prime; _module_preset=\u00a0\u00bbdefault\u00a0\u00bb global_colors_info=\u00a0\u00bb{}\u00a0\u00bb theme_builder_area=\u00a0\u00bbpost_content\u00a0\u00bb][et_pb_row _builder_version=\u00a0\u00bb4.21.0&Prime; _module_preset=\u00a0\u00bbdefault\u00a0\u00bb global_colors_info=\u00a0\u00bb{}\u00a0\u00bb theme_builder_area=\u00a0\u00bbpost_content\u00a0\u00bb][et_pb_column type=\u00a0\u00bb4_4&Prime; _builder_version=\u00a0\u00bb4.21.0&Prime; _module_preset=\u00a0\u00bbdefault\u00a0\u00bb global_colors_info=\u00a0\u00bb{}\u00a0\u00bb theme_builder_area=\u00a0\u00bbpost_content\u00a0\u00bb][et_pb_text _builder_version=\u00a0\u00bb4.21.0&Prime; _module_preset=\u00a0\u00bbdefault\u00a0\u00bb global_colors_info=\u00a0\u00bb{}\u00a0\u00bb theme_builder_area=\u00a0\u00bbpost_content\u00a0\u00bb]<\/p>\n<p><span>D\u00e9j\u00e0 \u00e9quip\u00e9 d\u2019un \u00e9cran interactif ? Cet outil puissant facilite les pr\u00e9sentations, les cours et les r\u00e9unions dans les entreprises et les \u00e9tablissements scolaires. Cependant, pour en tirer pleinement parti, il est indispensable de l\u2019\u00e9quiper avec les bons accessoires. Que ce soit pour am\u00e9liorer l\u2019exp\u00e9rience d\u2019utilisation dans un cadre professionnel ou \u00e9ducatif, optimiser l\u2019efficacit\u00e9 ou augmenter la connectivit\u00e9, les accessoires pour \u00e9cran interactif jouent un r\u00f4le essentiel, que vous pr\u00e9sente Speechi. <\/span><\/p>\n<p>[\/et_pb_text][et_pb_text _builder_version=\u00a0\u00bb4.21.0&Prime; _module_preset=\u00a0\u00bbdefault\u00a0\u00bb global_colors_info=\u00a0\u00bb{}\u00a0\u00bb theme_builder_area=\u00a0\u00bbpost_content\u00a0\u00bb]<\/p>\n<p><span>Dans cet article, nous vous pr\u00e9senterons divers accessoires pour \u00e9cran interactif qui vous permettront d\u2019optimiser l\u2019utilisation de votre \u00e9cran tactile.<\/span><\/p>\n<p>[\/et_pb_text][et_pb_text _builder_version=\u00a0\u00bb4.27.4&Prime; _module_preset=\u00a0\u00bbdefault\u00a0\u00bb global_colors_info=\u00a0\u00bb{}\u00a0\u00bb theme_builder_area=\u00a0\u00bbpost_content\u00a0\u00bb]<\/p>\n<h2><span>Pourquoi un accessoire pour \u00e9cran interactif ?<\/span><\/h2>\n<p>[\/et_pb_text][et_pb_image src=\u00a0\u00bbhttps:\/\/speechi.com\/wp-content\/uploads\/2024\/10\/accessoire-ecran-interactif.png\u00a0\u00bb alt=\u00a0\u00bbPourquoi un accessoire pour \u00e9cran interactif\u00a0\u00bb title_text=\u00a0\u00bbraisons-accessoire-ecran-interactif\u00a0\u00bb _builder_version=\u00a0\u00bb4.27.4&Prime; _module_preset=\u00a0\u00bbdefault\u00a0\u00bb global_colors_info=\u00a0\u00bb{}\u00a0\u00bb theme_builder_area=\u00a0\u00bbpost_content\u00a0\u00bb][\/et_pb_image][et_pb_text _builder_version=\u00a0\u00bb4.21.0&Prime; _module_preset=\u00a0\u00bbdefault\u00a0\u00bb global_colors_info=\u00a0\u00bb{}\u00a0\u00bb theme_builder_area=\u00a0\u00bbpost_content\u00a0\u00bb]<\/p>\n<p><span>Vous vous demandez sans doute pourquoi investir dans des accessoires adapt\u00e9s pour ces appareils tactiles ? Ceux-ci apporteront un plus grand confort d\u2019utilisation, pour un usage professionnel ou \u00e9ducatif !<\/span><\/p>\n<p>[\/et_pb_text][et_pb_text _builder_version=\u00a0\u00bb4.21.0&Prime; _module_preset=\u00a0\u00bbdefault\u00a0\u00bb global_colors_info=\u00a0\u00bb{}\u00a0\u00bb theme_builder_area=\u00a0\u00bbpost_content\u00a0\u00bb]<\/p>\n<p><span>Le premier accessoire tr\u00e8s int\u00e9ressant pour un \u00e9cran interactif est le support mobile. Ce support, souvent dot\u00e9 de roulettes, permet de d\u00e9placer l\u2019\u00e9cran d\u2019une salle \u00e0 l\u2019autre, dans une \u00e9cole ou une entreprise. Les supports mobiles ajustables permettront de r\u00e9gler la hauteur de l\u2019\u00e9cran, s\u2019adaptant ainsi \u00e0 des configurations vari\u00e9es, que ce soit pour des r\u00e9unions professionnelles en salle de conf\u00e9rence ou des cours interactifs en classe. Nous vous conseillons notamment l\u2019achat d\u2019un <a href=\"https:\/\/shop.speechi.com\/collections\/support-pour-ecran-interactif\/products\/support-mobile-pour-ecran-ajustable-manuellement\" target=\"_blank\" rel=\"noopener\"><em>support mobile ajustable en hauteur de fa\u00e7on manuelle<\/em><\/a>\u00a0<\/span><\/p>\n<p>[\/et_pb_text][et_pb_text _builder_version=\u00a0\u00bb4.21.0&Prime; _module_preset=\u00a0\u00bbdefault\u00a0\u00bb global_colors_info=\u00a0\u00bb{}\u00a0\u00bb theme_builder_area=\u00a0\u00bbpost_content\u00a0\u00bb]<\/p>\n<p><span>Un autre accessoire pour \u00e9cran interactif essentiel est le stylet tactile. Bien que les \u00e9crans interactifs Speechi puissent \u00eatre utilis\u00e9s directement avec les doigts, l\u2019utilisation d\u2019un stylet assure une plus grande pr\u00e9cision, notamment pour dessiner, annoter ou \u00e9crire. Les enseignants et les entreprises appr\u00e9cient cet accessoire pour sa pr\u00e9cision et son confort d\u2019utilisation, surtout lors de sessions interactives n\u00e9cessitant la conception de graphiques ou de sch\u00e9mas complexes. Cet accessoire peut aussi servir pour la <a href=\"https:\/\/speechi.com\/fr\/la-collaboration-a-distance-tous-les-conseils-avec-speechi\/\" target=\"_blank\" rel=\"noopener\"><em>collaboration \u00e0 distance<\/em><\/a>\u00a0 !<\/span><\/p>\n<p>[\/et_pb_text][et_pb_text _builder_version=\u00a0\u00bb4.27.4&Prime; _module_preset=\u00a0\u00bbdefault\u00a0\u00bb global_colors_info=\u00a0\u00bb{}\u00a0\u00bb theme_builder_area=\u00a0\u00bbpost_content\u00a0\u00bb]<\/p>\n<h2><span>Quels accessoires pour \u00e9cran interactif Speechi ?<\/span><\/h2>\n<p>[\/et_pb_text][et_pb_image src=\u00a0\u00bbhttps:\/\/speechi.com\/wp-content\/uploads\/2024\/10\/accessoire-ecran-interactif-1.png\u00a0\u00bb alt=\u00a0\u00bbQuels accessoires pour \u00e9cran interactif Speechi ?\u00a0\u00bb title_text=\u00a0\u00bbQuel-accessoire-pour-ecran-speechi\u00a0\u00bb _builder_version=\u00a0\u00bb4.27.4&Prime; _module_preset=\u00a0\u00bbdefault\u00a0\u00bb global_colors_info=\u00a0\u00bb{}\u00a0\u00bb theme_builder_area=\u00a0\u00bbpost_content\u00a0\u00bb][\/et_pb_image][et_pb_text _builder_version=\u00a0\u00bb4.21.0&Prime; _module_preset=\u00a0\u00bbdefault\u00a0\u00bb global_colors_info=\u00a0\u00bb{}\u00a0\u00bb theme_builder_area=\u00a0\u00bbpost_content\u00a0\u00bb]<\/p>\n<p><span>Les syst\u00e8mes de partage d\u2019\u00e9cran sans fil sont particuli\u00e8rement int\u00e9ressants. Ceux-ci permettent de connecter plusieurs appareils \u00e0 l\u2019\u00e9cran interactif sans n\u00e9cessiter de c\u00e2bles, ce qui est id\u00e9al pour les salles de classe ou les r\u00e9unions o\u00f9 plusieurs utilisateurs doivent diffuser leurs contenus.<\/span><\/p>\n<p>[\/et_pb_text][et_pb_text _builder_version=\u00a0\u00bb4.27.4&Prime; _module_preset=\u00a0\u00bbdefault\u00a0\u00bb hover_enabled=\u00a0\u00bb0&Prime; global_colors_info=\u00a0\u00bb{}\u00a0\u00bb theme_builder_area=\u00a0\u00bbpost_content\u00a0\u00bb sticky_enabled=\u00a0\u00bb0&Prime;]<\/p>\n<p><span>Un autre accessoire tr\u00e8s appr\u00e9ci\u00e9 des utilisateurs Speechi est le <a href=\"https:\/\/shop.speechi.com\/collections\/haut-parleur-micro-visioconference\" target=\"_blank\" rel=\"noopener\">microphone haut parleur sans fil<\/a>. Associ\u00e9 \u00e0 une cam\u00e9ra haute r\u00e9solution, cet accessoire optimisera les \u00e9changes en ligne, assurant ainsi une communication fluide et interactive.<\/span><\/p>\n<p>[\/et_pb_text][et_pb_text _builder_version=\u00a0\u00bb4.21.0&Prime; _module_preset=\u00a0\u00bbdefault\u00a0\u00bb global_colors_info=\u00a0\u00bb{}\u00a0\u00bb theme_builder_area=\u00a0\u00bbpost_content\u00a0\u00bb]<\/p>\n<p><span>Speechi propose \u00e9galement diverses solutions logicielles comme le logiciel <a href=\"https:\/\/shop.speechi.com\/products\/licence-screenshare-pro\" target=\"_blank\" rel=\"noopener\">Bytello Share<\/a>\u00a0qui viennent compl\u00e9ter les fonctionnalit\u00e9s des \u00e9crans interactifs, permettant de g\u00e9rer simplement les contenus et d\u2019optimiser l\u2019utilisation de l\u2019appareil dans un contexte professionnel.<\/span><\/p>\n<p>[\/et_pb_text][et_pb_text _builder_version=\u00a0\u00bb4.21.0&Prime; _module_preset=\u00a0\u00bbdefault\u00a0\u00bb global_colors_info=\u00a0\u00bb{}\u00a0\u00bb theme_builder_area=\u00a0\u00bbpost_content\u00a0\u00bb]<\/p>\n<p><span><strong>Vous en savez plus sur l\u2019accessoire pour \u00e9cran interactif !<\/strong>\u00a0En commandant sur notre boutique en ligne un support fixe ou mural pour cet appareil tactile et multim\u00e9dia, vous profiterez de multiples avantages et du conseil Speechi !<\/span><\/p>\n<p>[\/et_pb_text][\/et_pb_column][\/et_pb_row][\/et_pb_section]<\/p>\n","protected":false},"excerpt":{"rendered":"<p>D\u00e9j\u00e0 \u00e9quip\u00e9 d\u2019un \u00e9cran interactif ? Cet outil puissant facilite les pr\u00e9sentations, les cours et les r\u00e9unions dans les entreprises et les \u00e9tablissements scolaires. Cependant, pour en tirer pleinement parti, il est indispensable de l\u2019\u00e9quiper avec les bons accessoires. Que ce soit pour am\u00e9liorer l\u2019exp\u00e9rience d\u2019utilisation dans un cadre professionnel ou \u00e9ducatif, optimiser l\u2019efficacit\u00e9 ou [&hellip;]<\/p>\n","protected":false},"author":16,"featured_media":44177228,"comment_status":"open","ping_status":"closed","sticky":false,"template":"","format":"standard","meta":{"_acf_changed":false,"_seopress_robots_primary_cat":"none","_seopress_titles_title":"Meilleur accessoire pour ecran interactif \/ tactile \/ numerique","_seopress_titles_desc":"Optimisez votre \u00e9cran interactif avec des accessoires essentiels : supports mobiles, stylets et syst\u00e8mes de partage sans fil pour un usage optimal.","_seopress_robots_index":"","_et_pb_use_builder":"on","_et_pb_old_content":"","_et_gb_content_width":"","footnotes":""},"categories":[49,51,48],"tags":[],"class_list":["post-44177219","post","type-post","status-publish","format-standard","has-post-thumbnail","hentry","category-entreprise","category-education-school","category-education"],"acf":[],"_links":{"self":[{"href":"https:\/\/speechi.com\/fr\/wp-json\/wp\/v2\/posts\/44177219","targetHints":{"allow":["GET"]}}],"collection":[{"href":"https:\/\/speechi.com\/fr\/wp-json\/wp\/v2\/posts"}],"about":[{"href":"https:\/\/speechi.com\/fr\/wp-json\/wp\/v2\/types\/post"}],"author":[{"embeddable":true,"href":"https:\/\/speechi.com\/fr\/wp-json\/wp\/v2\/users\/16"}],"replies":[{"embeddable":true,"href":"https:\/\/speechi.com\/fr\/wp-json\/wp\/v2\/comments?post=44177219"}],"version-history":[{"count":11,"href":"https:\/\/speechi.com\/fr\/wp-json\/wp\/v2\/posts\/44177219\/revisions"}],"predecessor-version":[{"id":44220311,"href":"https:\/\/speechi.com\/fr\/wp-json\/wp\/v2\/posts\/44177219\/revisions\/44220311"}],"wp:featuredmedia":[{"embeddable":true,"href":"https:\/\/speechi.com\/fr\/wp-json\/wp\/v2\/media\/44177228"}],"wp:attachment":[{"href":"https:\/\/speechi.com\/fr\/wp-json\/wp\/v2\/media?parent=44177219"}],"wp:term":[{"taxonomy":"category","embeddable":true,"href":"https:\/\/speechi.com\/fr\/wp-json\/wp\/v2\/categories?post=44177219"},{"taxonomy":"post_tag","embeddable":true,"href":"https:\/\/speechi.com\/fr\/wp-json\/wp\/v2\/tags?post=44177219"}],"curies":[{"name":"wp","href":"https:\/\/api.w.org\/{rel}","templated":true}]}}