{"id":44183850,"date":"2024-12-23T09:49:34","date_gmt":"2024-12-23T08:49:34","guid":{"rendered":"https:\/\/speechi.com\/?p=44183850"},"modified":"2026-04-28T11:26:41","modified_gmt":"2026-04-28T09:26:41","slug":"affichage-dynamique-education","status":"publish","type":"post","link":"https:\/\/speechi.com\/fr\/affichage-dynamique-education\/","title":{"rendered":"L\u2019affichage dynamique dans l\u2019\u00e9ducation, avec Speechi !"},"content":{"rendered":"<p>[et_pb_section fb_built=\u00a0\u00bb1&Prime; _builder_version=\u00a0\u00bb4.27.3&Prime; _module_preset=\u00a0\u00bbdefault\u00a0\u00bb global_colors_info=\u00a0\u00bb{}\u00a0\u00bb theme_builder_area=\u00a0\u00bbpost_content\u00a0\u00bb][et_pb_row _builder_version=\u00a0\u00bb4.27.3&Prime; _module_preset=\u00a0\u00bbdefault\u00a0\u00bb global_colors_info=\u00a0\u00bb{}\u00a0\u00bb theme_builder_area=\u00a0\u00bbpost_content\u00a0\u00bb][et_pb_column type=\u00a0\u00bb4_4&Prime; _builder_version=\u00a0\u00bb4.27.3&Prime; _module_preset=\u00a0\u00bbdefault\u00a0\u00bb global_colors_info=\u00a0\u00bb{}\u00a0\u00bb theme_builder_area=\u00a0\u00bbpost_content\u00a0\u00bb][et_pb_text _builder_version=\u00a0\u00bb4.27.4&Prime; _module_preset=\u00a0\u00bbdefault\u00a0\u00bb global_colors_info=\u00a0\u00bb{}\u00a0\u00bb theme_builder_area=\u00a0\u00bbpost_content\u00a0\u00bb]<\/p>\n<p>Directeur d\u2019un \u00e9tablissement secondaire ou primaire ? Propos\u00e9 par Speechi, l\u2019affichage dynamique, gr\u00e2ce \u00e0 un \u00e9cran interactif, permet de moderniser la communication au sein d\u2019un coll\u00e8ge ou d\u2019un lyc\u00e9e, d\u2019am\u00e9liorer l\u2019acc\u00e8s \u00e0 l\u2019information et d\u2019offrir une exp\u00e9rience plus stimulante aux apprenants. Vous souhaitez transformer votre \u00e9cole et offrir \u00e0 vos \u00e9quipes un outil performant ? Les solutions SpeechiDisplay sont l\u00e0 pour vous accompagner. Et honn\u00eatement, qui n\u2019a pas envie de rendre les couloirs plus engageants et les informations plus visibles ?<\/p>\n<p>[\/et_pb_text][et_pb_text _builder_version=\u00a0\u00bb4.27.3&Prime; _module_preset=\u00a0\u00bbdefault\u00a0\u00bb global_colors_info=\u00a0\u00bb{}\u00a0\u00bb theme_builder_area=\u00a0\u00bbpost_content\u00a0\u00bb]<\/p>\n<h2>L&rsquo;affichage dynamique dans l&rsquo;\u00e9ducation<\/h2>\n<p>[\/et_pb_text][et_pb_image src=\u00a0\u00bbhttps:\/\/speechi.com\/wp-content\/uploads\/2024\/12\/affichage-dynamique-education-1.jpg\u00a0\u00bb alt=\u00a0\u00bbL&rsquo;utilit\u00e9 d&rsquo;un affichage dynamique dans l&rsquo;\u00e9ducation\u00a0\u00bb title_text=\u00a0\u00bbaffichage-dynamique-education-utilite\u00a0\u00bb _builder_version=\u00a0\u00bb4.27.4&Prime; _module_preset=\u00a0\u00bbdefault\u00a0\u00bb global_colors_info=\u00a0\u00bb{}\u00a0\u00bb theme_builder_area=\u00a0\u00bbpost_content\u00a0\u00bb][\/et_pb_image][et_pb_text _builder_version=\u00a0\u00bb4.27.3&Prime; _module_preset=\u00a0\u00bbdefault\u00a0\u00bb global_colors_info=\u00a0\u00bb{}\u00a0\u00bb theme_builder_area=\u00a0\u00bbpost_content\u00a0\u00bb]<\/p>\n<p>L\u2019affichage dynamique dans l\u2019\u00e9ducation consiste \u00e0 utiliser des \u00e9crans num\u00e9riques afin de diffuser en temps r\u00e9el des informations vari\u00e9es : horaires de cours, annonces de la direction, \u00e9v\u00e9nements \u00e0 venir, menus de la cantine, r\u00e9sultats sportifs ou projets en cours. Ces \u00e9crans peuvent \u00eatre install\u00e9s dans le hall d\u2019accueil, les couloirs, les salles de repos des enseignants ou \u00e0 proximit\u00e9 des bureaux administratifs. L\u2019objectif est de fluidifier la communication, de centraliser les informations et de faciliter l\u2019organisation pour l\u2019ensemble des acteurs de l\u2019\u00e9cole, du coll\u00e8ge ou du lyc\u00e9e.<\/p>\n<p>[\/et_pb_text][et_pb_text _builder_version=\u00a0\u00bb4.27.3&Prime; _module_preset=\u00a0\u00bbdefault\u00a0\u00bb global_colors_info=\u00a0\u00bb{}\u00a0\u00bb theme_builder_area=\u00a0\u00bbpost_content\u00a0\u00bb]<\/p>\n<p>Pour les \u00e9l\u00e8ves, l\u2019affichage dynamique rend l\u2019acc\u00e8s \u00e0 l\u2019information plus simple et plus attractif. Un \u00e9cran interactif peut afficher les emplois du temps mis \u00e0 jour, des rappels sur les dates d\u2019examens, ou encore des activit\u00e9s extra-scolaires. Cela permet d\u2019\u00e9viter la traditionnelle feuille imprim\u00e9e et scotch\u00e9e sur une porte, facilement perdue ou ignor\u00e9e. En offrant un outil visuel et \u00e9volutif, vous rendez la vie scolaire plus claire, plus ludique\u2026 et soyons francs, qui n\u2019aime pas un petit coup de modernit\u00e9 qui simplifie la vie ?<\/p>\n<p>[\/et_pb_text][et_pb_text _builder_version=\u00a0\u00bb4.27.4&Prime; _module_preset=\u00a0\u00bbdefault\u00a0\u00bb global_colors_info=\u00a0\u00bb{}\u00a0\u00bb theme_builder_area=\u00a0\u00bbpost_content\u00a0\u00bb]<\/p>\n<p>Profitez de multiples avantages avec les \u00e9crans d\u2019<a href=\"https:\/\/speechi.com\/fr\/affichage-dynamique-facile\/\" target=\"_blank\" rel=\"noopener\">affichage dynamique faciles<\/a>\u00a0\u00e0 utiliser, notamment avec leur player int\u00e9gr\u00e9 (notre vid\u00e9o).<\/p>\n<p>[\/et_pb_text][et_pb_video src=\u00a0\u00bbhttps:\/\/www.youtube.com\/embed\/OL2LmOdPbc8?si=WMEYIQn6Rxw2NMm2&Prime; _builder_version=\u00a0\u00bb4.27.3&Prime; _module_preset=\u00a0\u00bbdefault\u00a0\u00bb global_colors_info=\u00a0\u00bb{}\u00a0\u00bb theme_builder_area=\u00a0\u00bbpost_content\u00a0\u00bb][\/et_pb_video][et_pb_text _builder_version=\u00a0\u00bb4.27.3&Prime; _module_preset=\u00a0\u00bbdefault\u00a0\u00bb global_colors_info=\u00a0\u00bb{}\u00a0\u00bb theme_builder_area=\u00a0\u00bbpost_content\u00a0\u00bb]<\/p>\n<h2>Bien choisir un \u00e9cran Speechi pour une \u00e9cole !<\/h2>\n<p>[\/et_pb_text][et_pb_text _builder_version=\u00a0\u00bb4.27.4&Prime; _module_preset=\u00a0\u00bbdefault\u00a0\u00bb global_colors_info=\u00a0\u00bb{}\u00a0\u00bb theme_builder_area=\u00a0\u00bbpost_content\u00a0\u00bb]<\/p>\n<p>Le choix d\u2019un \u00e9cran SpeechiDisplay pour votre \u00e9tablissement doit tenir compte de plusieurs crit\u00e8res. Tout d\u2019abord, la qualit\u00e9 d\u2019image est essentielle. Un \u00e9cran en haute r\u00e9solution garantit une lisibilit\u00e9 optimale, m\u00eame dans un espace lumineux. Le placement de l\u2019\u00e9cran dans des zones de passage, comme le hall ou le couloir, exige une image nette et des couleurs attrayantes, afin de capter l\u2019attention des apprenants et du personnel. Les \u00e9crans Speechi Display r\u00e9pondent \u00e0 cette exigence gr\u00e2ce \u00e0 leur r\u00e9solution ultra-HD, id\u00e9ale pour mettre en avant des informations ou des contenus p\u00e9dagogiques.<\/p>\n<p>[\/et_pb_text][et_pb_text _builder_version=\u00a0\u00bb4.27.3&Prime; _module_preset=\u00a0\u00bbdefault\u00a0\u00bb global_colors_info=\u00a0\u00bb{}\u00a0\u00bb theme_builder_area=\u00a0\u00bbpost_content\u00a0\u00bb]<\/p>\n<p>Nous vous aiderons \u00e0 bien acheter en fournissant des informations tr\u00e8s utiles, en particulier le ratio de contraste et les dimensions pr\u00e9cises !<\/p>\n<p>[\/et_pb_text][et_pb_text _builder_version=\u00a0\u00bb4.27.3&Prime; _module_preset=\u00a0\u00bbdefault\u00a0\u00bb global_colors_info=\u00a0\u00bb{}\u00a0\u00bb theme_builder_area=\u00a0\u00bbpost_content\u00a0\u00bb]<\/p>\n<p>La fonctionnalit\u00e9 tactile est un autre \u00e9l\u00e9ment cl\u00e9. Un \u00e9cran interactif permet aux enseignants, au personnel administratif et m\u00eame aux \u00e9l\u00e8ves de naviguer dans les contenus pr\u00e9sent\u00e9s. Imaginez un instituteur utilisant l\u2019\u00e9cran pour pr\u00e9senter un projet, un documentaliste affichant des ressources culturelles ou un responsable de la vie scolaire mettant en avant une comp\u00e9tition sportive. Cette interactivit\u00e9 transforme l\u2019affichage dynamique en un outil p\u00e9dagogique polyvalent. Les \u00e9crans Speechi, compatibles avec divers supports VESA, s\u2019adaptent facilement aux diff\u00e9rents espaces et usages de l\u2019\u00e9cole.<\/p>\n<p>[\/et_pb_text][et_pb_text _builder_version=\u00a0\u00bb4.27.3&Prime; _module_preset=\u00a0\u00bbdefault\u00a0\u00bb global_colors_info=\u00a0\u00bb{}\u00a0\u00bb theme_builder_area=\u00a0\u00bbpost_content\u00a0\u00bb]<\/p>\n<p>De plus, les \u00e9crans Speechi Display sont con\u00e7us pour \u00eatre g\u00e9r\u00e9s \u00e0 distance. Gr\u00e2ce \u00e0 un logiciel de gestion centralis\u00e9, il est possible de programmer les contenus, de les mettre \u00e0 jour en quelques clics et de les adapter selon les besoins du moment. Par exemple, lors d\u2019une journ\u00e9e portes ouvertes, vous pouvez afficher des messages de bienvenue, des plans de l\u2019\u00e9tablissement, des vid\u00e9os de pr\u00e9sentation ou des informations sur les clubs. Si un cours est annul\u00e9 ou un \u00e9v\u00e9nement report\u00e9, il suffit de quelques secondes pour diffuser cette information sur l\u2019\u00e9cran.<\/p>\n<p>[\/et_pb_text][et_pb_text _builder_version=\u00a0\u00bb4.27.3&Prime; _module_preset=\u00a0\u00bbdefault\u00a0\u00bb global_colors_info=\u00a0\u00bb{}\u00a0\u00bb theme_builder_area=\u00a0\u00bbpost_content\u00a0\u00bb]<\/p>\n<p>Les solutions Speechi s\u2019int\u00e8grent parfaitement dans l\u2019\u00e9cosyst\u00e8me num\u00e9rique de votre \u00e9tablissement. Vous pouvez ainsi connecter l\u2019\u00e9cran \u00e0 d\u2019autres outils p\u00e9dagogiques, comme les tableaux interactifs ou les logiciels de visioconf\u00e9rence, afin d\u2019offrir aux enseignants des supports vari\u00e9s et innovants. Pour un lyc\u00e9e, c\u2019est l\u2019occasion de pr\u00e9senter des projets scientifiques, de diffuser des vid\u00e9os \u00e9ducatives ou de partager en direct des r\u00e9sultats de comp\u00e9titions. Pour un coll\u00e8ge, il s\u2019agit de mettre en avant les \u00e9v\u00e9nements culturels, les voyages scolaires ou les ateliers sportifs. Pour une \u00e9cole primaire, on peut imaginer des informations ludiques, des quiz, des travaux d\u2019\u00e9l\u00e8ves mis en valeur sur grand \u00e9cran.<\/p>\n<p>[\/et_pb_text][et_pb_text _builder_version=\u00a0\u00bb4.27.4&Prime; _module_preset=\u00a0\u00bbdefault\u00a0\u00bb hover_enabled=\u00a0\u00bb0&Prime; global_colors_info=\u00a0\u00bb{}\u00a0\u00bb theme_builder_area=\u00a0\u00bbpost_content\u00a0\u00bb sticky_enabled=\u00a0\u00bb0&Prime;]<\/p>\n<p>Vous en savez plus sur l&rsquo;<em><strong>affichage dynamique dans l\u2019\u00e9ducation<\/strong><\/em>. Vous pouvez \u00e0 pr\u00e9sent commander un <a href=\"https:\/\/shop.speechi.com\/products\/ecran-daffichage-speechidisplay-uhd-65-android-11\" target=\"_blank\" rel=\"noopener\">\u00e9cran Speechi de 65 pouces<\/a>.<\/p>\n<p>[\/et_pb_text][\/et_pb_column][\/et_pb_row][\/et_pb_section]<\/p>\n","protected":false},"excerpt":{"rendered":"<p>Directeur d\u2019un \u00e9tablissement secondaire ou primaire ? Propos\u00e9 par Speechi, l\u2019affichage dynamique, gr\u00e2ce \u00e0 un \u00e9cran interactif, permet de moderniser la communication au sein d\u2019un coll\u00e8ge ou d\u2019un lyc\u00e9e, d\u2019am\u00e9liorer l\u2019acc\u00e8s \u00e0 l\u2019information et d\u2019offrir une exp\u00e9rience plus stimulante aux apprenants. Vous souhaitez transformer votre \u00e9cole et offrir \u00e0 vos \u00e9quipes un outil performant ? [&hellip;]<\/p>\n","protected":false},"author":16,"featured_media":44183854,"comment_status":"open","ping_status":"closed","sticky":false,"template":"","format":"standard","meta":{"_acf_changed":false,"_seopress_robots_primary_cat":"none","_seopress_titles_title":"Affichage Dynamique Education - Ecran interactif Speechi","_seopress_titles_desc":"Modernisez votre \u00e9cole avec l'affichage dynamique dans l'\u00e9ducation : communication fluide, info en temps r\u00e9el et outils interactifs. D\u00e9couvrez Speechi !","_seopress_robots_index":"","_et_pb_use_builder":"on","_et_pb_old_content":"<!-- wp:divi\/placeholder \/-->","_et_gb_content_width":"","footnotes":""},"categories":[65],"tags":[],"class_list":["post-44183850","post","type-post","status-publish","format-standard","has-post-thumbnail","hentry","category-affichage-dynamique"],"acf":[],"_links":{"self":[{"href":"https:\/\/speechi.com\/fr\/wp-json\/wp\/v2\/posts\/44183850","targetHints":{"allow":["GET"]}}],"collection":[{"href":"https:\/\/speechi.com\/fr\/wp-json\/wp\/v2\/posts"}],"about":[{"href":"https:\/\/speechi.com\/fr\/wp-json\/wp\/v2\/types\/post"}],"author":[{"embeddable":true,"href":"https:\/\/speechi.com\/fr\/wp-json\/wp\/v2\/users\/16"}],"replies":[{"embeddable":true,"href":"https:\/\/speechi.com\/fr\/wp-json\/wp\/v2\/comments?post=44183850"}],"version-history":[{"count":11,"href":"https:\/\/speechi.com\/fr\/wp-json\/wp\/v2\/posts\/44183850\/revisions"}],"predecessor-version":[{"id":44220400,"href":"https:\/\/speechi.com\/fr\/wp-json\/wp\/v2\/posts\/44183850\/revisions\/44220400"}],"wp:featuredmedia":[{"embeddable":true,"href":"https:\/\/speechi.com\/fr\/wp-json\/wp\/v2\/media\/44183854"}],"wp:attachment":[{"href":"https:\/\/speechi.com\/fr\/wp-json\/wp\/v2\/media?parent=44183850"}],"wp:term":[{"taxonomy":"category","embeddable":true,"href":"https:\/\/speechi.com\/fr\/wp-json\/wp\/v2\/categories?post=44183850"},{"taxonomy":"post_tag","embeddable":true,"href":"https:\/\/speechi.com\/fr\/wp-json\/wp\/v2\/tags?post=44183850"}],"curies":[{"name":"wp","href":"https:\/\/api.w.org\/{rel}","templated":true}]}}