{"id":44196129,"date":"2025-03-26T13:52:16","date_gmt":"2025-03-26T12:52:16","guid":{"rendered":"https:\/\/speechi.com\/?p=44196129"},"modified":"2025-09-19T16:16:09","modified_gmt":"2025-09-19T14:16:09","slug":"configuration-barre-doutils-pour-ecrans-interactifs","status":"publish","type":"post","link":"https:\/\/speechi.com\/fr\/configuration-barre-doutils-pour-ecrans-interactifs\/","title":{"rendered":"Configuration de la barre d&rsquo;outils pour \u00e9crans interactifs"},"content":{"rendered":"<p>[et_pb_section fb_built=\u00a0\u00bb1&Prime; _builder_version=\u00a0\u00bb4.27.4&Prime; _module_preset=\u00a0\u00bbdefault\u00a0\u00bb global_colors_info=\u00a0\u00bb{}\u00a0\u00bb theme_builder_area=\u00a0\u00bbpost_content\u00a0\u00bb][et_pb_row _builder_version=\u00a0\u00bb4.27.4&Prime; _module_preset=\u00a0\u00bbdefault\u00a0\u00bb global_colors_info=\u00a0\u00bb{}\u00a0\u00bb theme_builder_area=\u00a0\u00bbpost_content\u00a0\u00bb][et_pb_column type=\u00a0\u00bb4_4&Prime; _builder_version=\u00a0\u00bb4.27.4&Prime; _module_preset=\u00a0\u00bbdefault\u00a0\u00bb global_colors_info=\u00a0\u00bb{}\u00a0\u00bb theme_builder_area=\u00a0\u00bbpost_content\u00a0\u00bb][et_pb_text _builder_version=\u00a0\u00bb4.27.4&Prime; _module_preset=\u00a0\u00bbdefault\u00a0\u00bb global_colors_info=\u00a0\u00bb{}\u00a0\u00bb theme_builder_area=\u00a0\u00bbpost_content\u00a0\u00bb]<\/p>\n<p>Une plate-forme qui permet l&rsquo;utilisation d&rsquo;outils int\u00e9gr\u00e9s \u00e0 des fins diff\u00e9rentes devrait toujours faciliter le regroupement de ces gadgets. C&rsquo;est le cas de Speechi Connect, la derni\u00e8re innovation de Speechi.<\/p>\n<p>[\/et_pb_text][et_pb_text _builder_version=\u00a0\u00bb4.27.4&Prime; _module_preset=\u00a0\u00bbdefault\u00a0\u00bb global_colors_info=\u00a0\u00bb{}\u00a0\u00bb theme_builder_area=\u00a0\u00bbpost_content\u00a0\u00bb]<\/p>\n<p>L&rsquo;utilisation d&rsquo;\u00e9crans interactifs a fait l&rsquo;objet de nombreuses critiques positives en termes d&rsquo;efficacit\u00e9 de la collaboration et de la dynamique \u00e9ducative, et Speechi Connect est la cerise sur le g\u00e2teau ! La personnalisation \u00e9tant l&rsquo;\u00e2me de cette plateforme\/application, un \u00e9l\u00e9ment cl\u00e9 est la personnalisation et le regroupement des applications favorites, mais aussi et surtout, la barre d&rsquo;outils lat\u00e9rale qui peut \u00eatre configur\u00e9e facilement et \u00e0 distance.<\/p>\n<p>[\/et_pb_text][et_pb_text _builder_version=\u00a0\u00bb4.27.4&Prime; _module_preset=\u00a0\u00bbdefault\u00a0\u00bb global_colors_info=\u00a0\u00bb{}\u00a0\u00bb theme_builder_area=\u00a0\u00bbpost_content\u00a0\u00bb]<\/p>\n<h2>Speechi Connect : une innovation majeure pour les \u00e9crans interactifs<\/h2>\n<p>[\/et_pb_text][et_pb_video src=\u00a0\u00bbhttps:\/\/www.youtube.com\/watch?v=Jt3QWCcv9Qg\u00a0\u00bb _builder_version=\u00a0\u00bb4.27.4&Prime; _module_preset=\u00a0\u00bbdefault\u00a0\u00bb global_colors_info=\u00a0\u00bb{}\u00a0\u00bb theme_builder_area=\u00a0\u00bbpost_content\u00a0\u00bb][\/et_pb_video][et_pb_text _builder_version=\u00a0\u00bb4.27.4&Prime; _module_preset=\u00a0\u00bbdefault\u00a0\u00bb global_colors_info=\u00a0\u00bb{}\u00a0\u00bb theme_builder_area=\u00a0\u00bbpost_content\u00a0\u00bb]<\/p>\n<p>L&rsquo;objectif principal de Speechi Connect est de simplifier l&rsquo;utilisation et la manipulation des \u00e9crans interactifs, que ce soit dans un contexte professionnel ou \u00e9ducatif. Il permet aux utilisateurs de trouver leurs applications, documents, outils,&#8230; sur n&rsquo;importe quel \u00e9cran interactif sur lequel Speechi Connect est activ\u00e9. Cela rend instantan\u00e9ment l&rsquo;exp\u00e9rience de l&rsquo;utilisateur beaucoup plus fluide et personnalis\u00e9e, faisant de l&rsquo;\u00e9cran interactif ou le tableau blanc un environnement personnel reconnaissable, quel que soit l&rsquo;\u00e9cran que vous utilisez. Il n&rsquo;a pas besoin d&rsquo;\u00eatre le v\u00f4tre, celui auquel vous \u00eates habitu\u00e9, ou celui que vous avez utilis\u00e9 r\u00e9cemment.<\/p>\n<p>[\/et_pb_text][et_pb_text _builder_version=\u00a0\u00bb4.27.4&Prime; _module_preset=\u00a0\u00bbdefault\u00a0\u00bb global_colors_info=\u00a0\u00bb{}\u00a0\u00bb theme_builder_area=\u00a0\u00bbpost_content\u00a0\u00bb]<\/p>\n<p>L&rsquo;un des aspects apparents de Speechi Connect est la possibilit\u00e9 de configurer votre barre d&rsquo;outils, qui permet un acc\u00e8s rapide \u00e0 diff\u00e9rentes fonctionnalit\u00e9s. Il est \u00e9vident donc que cela augmente l&rsquo;efficacit\u00e9 lors de l&rsquo;utilisation d&rsquo;un \u00e9cran interactif.<\/p>\n<p>[\/et_pb_text][et_pb_text _builder_version=\u00a0\u00bb4.27.4&Prime; _module_preset=\u00a0\u00bbdefault\u00a0\u00bb global_colors_info=\u00a0\u00bb{}\u00a0\u00bb theme_builder_area=\u00a0\u00bbpost_content\u00a0\u00bb]<\/p>\n<h2>Personnalisation de la Swift Bar<\/h2>\n<p>[\/et_pb_text][et_pb_image src=\u00a0\u00bbhttps:\/\/speechi.com\/wp-content\/uploads\/2025\/03\/configuration-barre-doutils-ecrans-interactifs-switfbar.png\u00a0\u00bb alt=\u00a0\u00bbConfiguration de la barre d&rsquo;outils Swiftbar pour \u00e9crans interactifs \u00a0\u00bb title_text=\u00a0\u00bbconfiguration-barre-doutils-ecrans-interactifs-switfbar\u00a0\u00bb _builder_version=\u00a0\u00bb4.27.4&Prime; _module_preset=\u00a0\u00bbdefault\u00a0\u00bb global_colors_info=\u00a0\u00bb{}\u00a0\u00bb theme_builder_area=\u00a0\u00bbpost_content\u00a0\u00bb][\/et_pb_image][et_pb_text _builder_version=\u00a0\u00bb4.27.4&Prime; _module_preset=\u00a0\u00bbdefault\u00a0\u00bb global_colors_info=\u00a0\u00bb{}\u00a0\u00bb theme_builder_area=\u00a0\u00bbpost_content\u00a0\u00bb]<\/p>\n<p>La barre d&rsquo;outils, \u00e9galement appel\u00e9e \u00ab\u00a0Swift bar\u00a0\u00bb, est un \u00e9l\u00e9ment essentiel de l&rsquo;interface Connect. Elle facilite l&rsquo;acc\u00e8s aux diff\u00e9rentes fonctionnalit\u00e9s d\u00e9finies en amont sur l&rsquo;application portable, telles que le navigateur web, l&rsquo;outil d&rsquo;annotation, les fichiers partag\u00e9s, etc. Gr\u00e2ce \u00e0 Speechi Connect, chaque utilisateur peut personnaliser la Swift Bar \u00e0 sa guise.<\/p>\n<p>[\/et_pb_text][et_pb_text _builder_version=\u00a0\u00bb4.27.4&Prime; _module_preset=\u00a0\u00bbdefault\u00a0\u00bb global_colors_info=\u00a0\u00bb{}\u00a0\u00bb theme_builder_area=\u00a0\u00bbpost_content\u00a0\u00bb]<\/p>\n<p>Pour un guide approfondi sur la bonne mani\u00e8re de configurer la Swift Bar, lisez ce <a href=\"https:\/\/speechi.com\/fr\/tutoriel-connect-3-presentation-swift-bar-ecran-interactif-speechi\/\" target=\"_blank\" rel=\"noopener\">tutoriel<\/a>\u00a0!<\/p>\n<p>A la base, toute la magie se passe sur votre t\u00e9l\u00e9phone ou votre ordinateur portable : faites des ajustements, sauvegardez, quittez, et vos pr\u00e9f\u00e9rences seront synchronis\u00e9es et appara\u00eetront instantan\u00e9ment sur votre \u00e9cran lorsque vous vous connecterez sur un \u00e9cran SpeechiTouch, la gamme d&rsquo;\u00e9crans interactifs fabriqu\u00e9s par Speechi. La valeur ajout\u00e9e est d&rsquo;avoir l&rsquo;environnement personnalis\u00e9 de chaque utilisateur constamment disponible sur chaque \u00e9cran, ce qui \u00e9vite de perdre du temps \u00e0 configurer les pr\u00e9f\u00e9rences \u00e0 chaque utilisation.<\/p>\n<p>[\/et_pb_text][et_pb_text _builder_version=\u00a0\u00bb4.27.4&Prime; _module_preset=\u00a0\u00bbdefault\u00a0\u00bb global_colors_info=\u00a0\u00bb{}\u00a0\u00bb theme_builder_area=\u00a0\u00bbpost_content\u00a0\u00bb]<\/p>\n<h2>Pourquoi configurer sa barre d&rsquo;outils ?<\/h2>\n<p>[\/et_pb_text][et_pb_image src=\u00a0\u00bbhttps:\/\/speechi.com\/wp-content\/uploads\/2025\/03\/pourquoi-configurer-barre-doutils-pour-ecrans-interactifs-scaled.jpg\u00a0\u00bb alt=\u00a0\u00bbPourquoi faire une configuration de la barre d&rsquo;outils sur les \u00e9crans interactifs \u00a0\u00bb title_text=\u00a0\u00bbpourquoi-configurer-barre-doutils-pour-ecrans-interactifs\u00a0\u00bb _builder_version=\u00a0\u00bb4.27.4&Prime; _module_preset=\u00a0\u00bbdefault\u00a0\u00bb global_colors_info=\u00a0\u00bb{}\u00a0\u00bb theme_builder_area=\u00a0\u00bbpost_content\u00a0\u00bb][\/et_pb_image][et_pb_text _builder_version=\u00a0\u00bb4.27.4&Prime; _module_preset=\u00a0\u00bbdefault\u00a0\u00bb global_colors_info=\u00a0\u00bb{}\u00a0\u00bb theme_builder_area=\u00a0\u00bbpost_content\u00a0\u00bb]<\/p>\n<p>Une barre d&rsquo;outils bien choisie am\u00e9liorera consid\u00e9rablement l&rsquo;exp\u00e9rience de l&rsquo;utilisateur, et donc sa productivit\u00e9 ! Premier avantage, le gain de temps ; le fait de regrouper les outils fr\u00e9quemment utilis\u00e9s en un seul endroit est en soi un avantage. Pour les entreprises, cela rend les r\u00e9unions extr\u00eamement fluides. L&rsquo;exemple parfait pour l&rsquo;illustrer, c&rsquo;est lorsque l&rsquo;on a besoin d&rsquo;un certain document, il suffit d&rsquo;acc\u00e9der \u00e0 la barre Swift et de se rendre dans la section des fichiers partag\u00e9s. Il en va de m\u00eame pour les \u00e9coles et les contextes \u00e9ducatifs, puisque les fichiers du professeur seront toujours disponibles !<\/p>\n<p>[\/et_pb_text][et_pb_text _builder_version=\u00a0\u00bb4.27.4&Prime; _module_preset=\u00a0\u00bbdefault\u00a0\u00bb hover_enabled=\u00a0\u00bb0&Prime; global_colors_info=\u00a0\u00bb{}\u00a0\u00bb theme_builder_area=\u00a0\u00bbpost_content\u00a0\u00bb sticky_enabled=\u00a0\u00bb0&Prime;]<\/p>\n<p>Les personnes qui utilisent des \u00e9crans SpeechiTouch b\u00e9n\u00e9ficient d&rsquo;un avantage unique gr\u00e2ce \u00e0 Speechi Connect. La <em><strong>configuration de la barre d&rsquo;outils pour les \u00e9crans interactifs<\/strong><\/em> est l&rsquo;une des nombreuses caract\u00e9ristiques qui rendent l&rsquo;utilisation de la technologie interactive adaptable et personnalis\u00e9e pour chaque individu. Dans le m\u00eame ordre d&rsquo;id\u00e9es, il permet \u00e0 ses utilisateurs de <a href=\"https:\/\/speechi.com\/fr\/selection-d-applications-sur-tbi\/\" target=\"_blank\" rel=\"noopener\">s\u00e9lectionner des applications<\/a> pour un acc\u00e8s et une utilisation transparents !<\/p>\n<p>[\/et_pb_text][et_pb_text _builder_version=\u00a0\u00bb4.27.4&Prime; _module_preset=\u00a0\u00bbdefault\u00a0\u00bb global_colors_info=\u00a0\u00bb{}\u00a0\u00bb theme_builder_area=\u00a0\u00bbpost_content\u00a0\u00bb]<\/p>\n<p>Pour en savoir plus sur Speechi Connect, rendez-vous sur sa <a href=\"https:\/\/speechi.com\/fr\/connect\/\" target=\"_blank\" rel=\"noopener\">page<\/a> d\u00e9di\u00e9e !<\/p>\n<p>[\/et_pb_text][\/et_pb_column][\/et_pb_row][\/et_pb_section]<\/p>\n","protected":false},"excerpt":{"rendered":"<p>Une plate-forme qui permet l&rsquo;utilisation d&rsquo;outils int\u00e9gr\u00e9s \u00e0 des fins diff\u00e9rentes devrait toujours faciliter le regroupement de ces gadgets. C&rsquo;est le cas de Speechi Connect, la derni\u00e8re innovation de Speechi.L&rsquo;utilisation d&rsquo;\u00e9crans interactifs a fait l&rsquo;objet de nombreuses critiques positives en termes d&rsquo;efficacit\u00e9 de la collaboration et de la dynamique \u00e9ducative, et Speechi Connect est la [&hellip;]<\/p>\n","protected":false},"author":16,"featured_media":44196133,"comment_status":"open","ping_status":"closed","sticky":false,"template":"","format":"standard","meta":{"_acf_changed":false,"_seopress_robots_primary_cat":"none","_seopress_titles_title":"La configuration de la barre d'outils pour \u00e9crans interactifs","_seopress_titles_desc":"D\u00e9couvrez comment configurer la barre d\u2019outils sur un \u00e9cran interactif avec Speechi Connect. Personnalisez facilement le Swift Bar pour un acc\u00e8s rapide !","_seopress_robots_index":"","_et_pb_use_builder":"on","_et_pb_old_content":"<!-- wp:divi\/placeholder \/-->","_et_gb_content_width":"","footnotes":""},"categories":[123],"tags":[],"class_list":["post-44196129","post","type-post","status-publish","format-standard","has-post-thumbnail","hentry","category-speechi-connect"],"acf":[],"_links":{"self":[{"href":"https:\/\/speechi.com\/fr\/wp-json\/wp\/v2\/posts\/44196129","targetHints":{"allow":["GET"]}}],"collection":[{"href":"https:\/\/speechi.com\/fr\/wp-json\/wp\/v2\/posts"}],"about":[{"href":"https:\/\/speechi.com\/fr\/wp-json\/wp\/v2\/types\/post"}],"author":[{"embeddable":true,"href":"https:\/\/speechi.com\/fr\/wp-json\/wp\/v2\/users\/16"}],"replies":[{"embeddable":true,"href":"https:\/\/speechi.com\/fr\/wp-json\/wp\/v2\/comments?post=44196129"}],"version-history":[{"count":10,"href":"https:\/\/speechi.com\/fr\/wp-json\/wp\/v2\/posts\/44196129\/revisions"}],"predecessor-version":[{"id":44206986,"href":"https:\/\/speechi.com\/fr\/wp-json\/wp\/v2\/posts\/44196129\/revisions\/44206986"}],"wp:featuredmedia":[{"embeddable":true,"href":"https:\/\/speechi.com\/fr\/wp-json\/wp\/v2\/media\/44196133"}],"wp:attachment":[{"href":"https:\/\/speechi.com\/fr\/wp-json\/wp\/v2\/media?parent=44196129"}],"wp:term":[{"taxonomy":"category","embeddable":true,"href":"https:\/\/speechi.com\/fr\/wp-json\/wp\/v2\/categories?post=44196129"},{"taxonomy":"post_tag","embeddable":true,"href":"https:\/\/speechi.com\/fr\/wp-json\/wp\/v2\/tags?post=44196129"}],"curies":[{"name":"wp","href":"https:\/\/api.w.org\/{rel}","templated":true}]}}