{"id":44197766,"date":"2025-04-29T09:48:24","date_gmt":"2025-04-29T07:48:24","guid":{"rendered":"https:\/\/speechi.com\/?p=44197766"},"modified":"2025-05-15T16:43:54","modified_gmt":"2025-05-15T14:43:54","slug":"temoignage-interview-ecran-interactif-mairie-la-bassee","status":"publish","type":"post","link":"https:\/\/speechi.com\/fr\/temoignage-interview-ecran-interactif-mairie-la-bassee\/","title":{"rendered":"T\u00e9moignage : un \u00e9cran interactif \u00e0 la Mairie de La Bass\u00e9e"},"content":{"rendered":"<p>[et_pb_section fb_built=\u00a0\u00bb1&Prime; _builder_version=\u00a0\u00bb4.27.4&Prime; _module_preset=\u00a0\u00bbdefault\u00a0\u00bb custom_padding=\u00a0\u00bb4px|||||\u00a0\u00bb global_colors_info=\u00a0\u00bb{}\u00a0\u00bb theme_builder_area=\u00a0\u00bbpost_content\u00a0\u00bb][et_pb_row _builder_version=\u00a0\u00bb4.27.4&Prime; _module_preset=\u00a0\u00bbdefault\u00a0\u00bb global_colors_info=\u00a0\u00bb{}\u00a0\u00bb theme_builder_area=\u00a0\u00bbpost_content\u00a0\u00bb][et_pb_column type=\u00a0\u00bb4_4&Prime; _builder_version=\u00a0\u00bb4.27.4&Prime; _module_preset=\u00a0\u00bbdefault\u00a0\u00bb global_colors_info=\u00a0\u00bb{}\u00a0\u00bb theme_builder_area=\u00a0\u00bbpost_content\u00a0\u00bb][et_pb_text _builder_version=\u00a0\u00bb4.27.4&Prime; _module_preset=\u00a0\u00bbdefault\u00a0\u00bb global_colors_info=\u00a0\u00bb{}\u00a0\u00bb theme_builder_area=\u00a0\u00bbpost_content\u00a0\u00bb]<\/p>\n<p><b>Direction la mairie de La Bass\u00e9e, une commune de 6 700 habitants au sud de la M\u00e9tropole lilloise, o\u00f9 nous attendent Monsieur le Maire et son directeur adjoint pour nous partager leur utilisation de l&rsquo;\u00e9cran interactif Speechi en mairie. Nous installons nos cam\u00e9ras dans la grande et lumineuse salle des mariages et c&rsquo;est parti, l&rsquo;interview d\u00e9marre !<\/b><\/p>\n<p>[\/et_pb_text][\/et_pb_column][\/et_pb_row][et_pb_row _builder_version=\u00a0\u00bb4.27.4&Prime; _module_preset=\u00a0\u00bbdefault\u00a0\u00bb custom_padding=\u00a0\u00bb1px||0px|||\u00a0\u00bb global_colors_info=\u00a0\u00bb{}\u00a0\u00bb theme_builder_area=\u00a0\u00bbpost_content\u00a0\u00bb][et_pb_column type=\u00a0\u00bb4_4&Prime; _builder_version=\u00a0\u00bb4.27.4&Prime; _module_preset=\u00a0\u00bbdefault\u00a0\u00bb global_colors_info=\u00a0\u00bb{}\u00a0\u00bb theme_builder_area=\u00a0\u00bbpost_content\u00a0\u00bb][et_pb_text _builder_version=\u00a0\u00bb4.27.4&Prime; _module_preset=\u00a0\u00bbdefault\u00a0\u00bb global_colors_info=\u00a0\u00bb{}\u00a0\u00bb theme_builder_area=\u00a0\u00bbpost_content\u00a0\u00bb]<\/p>\n<p><span style=\"font-weight: 400;\">Un grand merci au Maire de La Bass\u00e9e, Fr\u00e9d\u00e9ric Cauderlier, et \u00e0 son directeur adjoint, responsable du service communication et relations publiques, Ludovic Declercq de bien avoir voulu partager \u00e0 notre micro leur exp\u00e9rience d\u2019utilisation de l\u2019\u00e9cran interactif Speechi en mairie. <\/span><\/p>\n<p>[\/et_pb_text][\/et_pb_column][\/et_pb_row][et_pb_row column_structure=\u00a0\u00bb1_2,1_2&Prime; _builder_version=\u00a0\u00bb4.27.4&Prime; _module_preset=\u00a0\u00bbdefault\u00a0\u00bb global_colors_info=\u00a0\u00bb{}\u00a0\u00bb theme_builder_area=\u00a0\u00bbpost_content\u00a0\u00bb][et_pb_column type=\u00a0\u00bb1_2&Prime; _builder_version=\u00a0\u00bb4.27.4&Prime; _module_preset=\u00a0\u00bbdefault\u00a0\u00bb global_colors_info=\u00a0\u00bb{}\u00a0\u00bb theme_builder_area=\u00a0\u00bbpost_content\u00a0\u00bb][et_pb_video src=\u00a0\u00bbhttps:\/\/youtu.be\/O25-X3o0-HU\u00a0\u00bb _builder_version=\u00a0\u00bb4.27.4&Prime; _module_preset=\u00a0\u00bbdefault\u00a0\u00bb global_colors_info=\u00a0\u00bb{}\u00a0\u00bb theme_builder_area=\u00a0\u00bbpost_content\u00a0\u00bb][\/et_pb_video][et_pb_text _builder_version=\u00a0\u00bb4.27.4&Prime; _module_preset=\u00a0\u00bbdefault\u00a0\u00bb global_colors_info=\u00a0\u00bb{}\u00a0\u00bb theme_builder_area=\u00a0\u00bbpost_content\u00a0\u00bb]<a href=\"https:\/\/youtu.be\/O25-X3o0-HU\" target=\"_blank\" rel=\"noopener\">Visionnez le t\u00e9moignage de Fr\u00e9d\u00e9ric Cauderlier, Maire de La Bass\u00e9e.<\/a>[\/et_pb_text][\/et_pb_column][et_pb_column type=\u00a0\u00bb1_2&Prime; _builder_version=\u00a0\u00bb4.27.4&Prime; _module_preset=\u00a0\u00bbdefault\u00a0\u00bb global_colors_info=\u00a0\u00bb{}\u00a0\u00bb theme_builder_area=\u00a0\u00bbpost_content\u00a0\u00bb][et_pb_video src=\u00a0\u00bbhttps:\/\/youtu.be\/dKziQgQFfdE\u00a0\u00bb _builder_version=\u00a0\u00bb4.27.4&Prime; _module_preset=\u00a0\u00bbdefault\u00a0\u00bb global_colors_info=\u00a0\u00bb{}\u00a0\u00bb theme_builder_area=\u00a0\u00bbpost_content\u00a0\u00bb][\/et_pb_video][et_pb_text _builder_version=\u00a0\u00bb4.27.4&Prime; _module_preset=\u00a0\u00bbdefault\u00a0\u00bb global_colors_info=\u00a0\u00bb{}\u00a0\u00bb theme_builder_area=\u00a0\u00bbpost_content\u00a0\u00bb]<\/p>\n<p><a href=\"https:\/\/youtu.be\/dKziQgQFfdE\" target=\"_blank\" rel=\"noopener\">Visionnez le t\u00e9moignage de Ludovic Declercq, directeur adjoint du Maire de La Bass\u00e9e.<\/a><\/p>\n<p>[\/et_pb_text][\/et_pb_column][\/et_pb_row][et_pb_row _builder_version=\u00a0\u00bb4.27.4&Prime; _module_preset=\u00a0\u00bbdefault\u00a0\u00bb custom_padding=\u00a0\u00bb||7px|||\u00a0\u00bb global_colors_info=\u00a0\u00bb{}\u00a0\u00bb theme_builder_area=\u00a0\u00bbpost_content\u00a0\u00bb][et_pb_column type=\u00a0\u00bb4_4&Prime; _builder_version=\u00a0\u00bb4.27.4&Prime; _module_preset=\u00a0\u00bbdefault\u00a0\u00bb global_colors_info=\u00a0\u00bb{}\u00a0\u00bb theme_builder_area=\u00a0\u00bbpost_content\u00a0\u00bb][et_pb_text _builder_version=\u00a0\u00bb4.27.4&Prime; _module_preset=\u00a0\u00bbdefault\u00a0\u00bb global_colors_info=\u00a0\u00bb{}\u00a0\u00bb theme_builder_area=\u00a0\u00bbpost_content\u00a0\u00bb]<\/p>\n<h2>Le plan de modernisation de la Mairie<\/h2>\n<p><span style=\"font-weight: 400;\">Avant d\u2019entrer dans le vif du sujet et d&rsquo;aborder leur utilisation au quotidien de l\u2019\u00e9cran interactif Speechi, nous avons voulu en savoir un peu plus sur les raisons qui avaient pouss\u00e9 l\u2019\u00e9quipe de la mairie \u00e0 vouloir s\u2019\u00e9quiper d\u2019un tel outil.\u00a0<\/span><\/p>\n<p>[\/et_pb_text][\/et_pb_column][\/et_pb_row][et_pb_row _builder_version=\u00a0\u00bb4.27.4&Prime; _module_preset=\u00a0\u00bbdefault\u00a0\u00bb global_colors_info=\u00a0\u00bb{}\u00a0\u00bb theme_builder_area=\u00a0\u00bbpost_content\u00a0\u00bb][et_pb_column type=\u00a0\u00bb4_4&Prime; _builder_version=\u00a0\u00bb4.27.4&Prime; _module_preset=\u00a0\u00bbdefault\u00a0\u00bb global_colors_info=\u00a0\u00bb{}\u00a0\u00bb theme_builder_area=\u00a0\u00bbpost_content\u00a0\u00bb][et_pb_text _builder_version=\u00a0\u00bb4.27.4&Prime; _module_preset=\u00a0\u00bbdefault\u00a0\u00bb global_colors_info=\u00a0\u00bb{}\u00a0\u00bb theme_builder_area=\u00a0\u00bbpost_content\u00a0\u00bb]<\/p>\n<h3>Un vid\u00e9oprojecteur insatisfaisant&#8230;<\/h3>\n<p><span style=\"font-weight: 400;\">L\u2019acquisition de l\u2019\u00e9cran interactif, comme nous l\u2019explique Ludovic Declercq, s\u2019inscrivait dans un plan lanc\u00e9 par la mairie pour moderniser son \u00e9quipement informatique. La mairie \u00e9tait alors d\u00e9j\u00e0 \u00e9quip\u00e9e d\u2019une solution de visualisation : un vid\u00e9oprojecteur qui, comme le souligne le Maire de La Bass\u00e9e, n\u2019\u00e9tait pas sans poser de multiples probl\u00e8mes d\u2019affichage tant en termes de pr\u00e9cision et de clart\u00e9 de l\u2019image que de calibrage\u2026 \u00a0 <\/span><\/p>\n<p>[\/et_pb_text][\/et_pb_column][\/et_pb_row][et_pb_row _builder_version=\u00a0\u00bb4.27.4&Prime; _module_preset=\u00a0\u00bbdefault\u00a0\u00bb custom_padding=\u00a0\u00bb3px||4px|||\u00a0\u00bb global_colors_info=\u00a0\u00bb{}\u00a0\u00bb theme_builder_area=\u00a0\u00bbpost_content\u00a0\u00bb][et_pb_column type=\u00a0\u00bb4_4&Prime; _builder_version=\u00a0\u00bb4.27.4&Prime; _module_preset=\u00a0\u00bbdefault\u00a0\u00bb global_colors_info=\u00a0\u00bb{}\u00a0\u00bb theme_builder_area=\u00a0\u00bbpost_content\u00a0\u00bb][et_pb_text _builder_version=\u00a0\u00bb4.27.4&Prime; _module_preset=\u00a0\u00bbdefault\u00a0\u00bb global_colors_info=\u00a0\u00bb{}\u00a0\u00bb theme_builder_area=\u00a0\u00bbpost_content\u00a0\u00bb]<\/p>\n<h3>Le mod\u00e8le des \u00e9coles de la ville de La Bass\u00e9e<\/h3>\n<p><span style=\"font-weight: 400;\">Une fois venu le moment de remplacer le vid\u00e9oprojecteur par une nouvelle solution de visualisation, la d\u00e9cision ne se fait pas attendre et leur choix se porte tr\u00e8s naturellement sur l\u2019outil dont ils ont \u00e9quip\u00e9 l\u2019ensemble des \u00e9coles de la ville.<\/span><\/p>\n<p>[\/et_pb_text][\/et_pb_column][\/et_pb_row][et_pb_row column_structure=\u00a0\u00bb1_2,1_2&Prime; _builder_version=\u00a0\u00bb4.27.4&Prime; _module_preset=\u00a0\u00bbdefault\u00a0\u00bb custom_padding=\u00a0\u00bb||0px|||\u00a0\u00bb global_colors_info=\u00a0\u00bb{}\u00a0\u00bb theme_builder_area=\u00a0\u00bbpost_content\u00a0\u00bb][et_pb_column type=\u00a0\u00bb1_2&Prime; _builder_version=\u00a0\u00bb4.27.4&Prime; _module_preset=\u00a0\u00bbdefault\u00a0\u00bb global_colors_info=\u00a0\u00bb{}\u00a0\u00bb theme_builder_area=\u00a0\u00bbpost_content\u00a0\u00bb][et_pb_image src=\u00a0\u00bbhttps:\/\/speechi.com\/wp-content\/uploads\/2025\/04\/interview-mairie-la-bassee-5.png\u00a0\u00bb alt=\u00a0\u00bbLa mairie de La Bass\u00e9e s&rsquo;\u00e9quipe, comme ses \u00e9coles, d&rsquo;un \u00e9cran interactif Speechi\u00a0\u00bb title_text=\u00a0\u00bbLa mairie de La Bass\u00e9e s&rsquo;\u00e9quipe, comme ses \u00e9coles, d&rsquo;un \u00e9cran interactif Speechi\u00a0\u00bb _builder_version=\u00a0\u00bb4.27.4&Prime; _module_preset=\u00a0\u00bbdefault\u00a0\u00bb global_colors_info=\u00a0\u00bb{}\u00a0\u00bb theme_builder_area=\u00a0\u00bbpost_content\u00a0\u00bb][\/et_pb_image][\/et_pb_column][et_pb_column type=\u00a0\u00bb1_2&Prime; _builder_version=\u00a0\u00bb4.27.4&Prime; _module_preset=\u00a0\u00bbdefault\u00a0\u00bb global_colors_info=\u00a0\u00bb{}\u00a0\u00bb theme_builder_area=\u00a0\u00bbpost_content\u00a0\u00bb][et_pb_text _builder_version=\u00a0\u00bb4.27.4&Prime; _module_preset=\u00a0\u00bbdefault\u00a0\u00bb quote_font=\u00a0\u00bbABeeZee||||||||\u00a0\u00bb custom_margin=\u00a0\u00bb-19px|||||\u00a0\u00bb global_colors_info=\u00a0\u00bb{}\u00a0\u00bb theme_builder_area=\u00a0\u00bbpost_content\u00a0\u00bb]<\/p>\n<blockquote>\n<p><span style=\"font-weight: 400;\">\u201c<\/span><i><span style=\"font-weight: 400;\"><strong>Toutes nos \u00e9coles sont \u00e9quip\u00e9es d\u2019\u00e9crans num\u00e9riques interactifs<\/strong>. Elles \u00e9taient \u00e9quip\u00e9es auparavant de TBI (&#8230;) Aujourd\u2019hui, on utilise cet outil-l\u00e0 [qui est] beaucoup plus ergonomique et plus interactif avec les \u00e9l\u00e8ves puisqu\u2019<strong>on a aussi la possibilit\u00e9 de l\u2019interconnecter avec des tablettes<\/strong> qu\u2019ils ont aussi dans les \u00e9coles. C\u2019est un outil qui fonctionne tr\u00e8s tr\u00e8s bien pour nos \u00e9coles.<\/span><\/i><span style=\"font-weight: 400;\">\u201d<\/span><\/p>\n<\/blockquote>\n<p>[\/et_pb_text][\/et_pb_column][\/et_pb_row][et_pb_row _builder_version=\u00a0\u00bb4.27.4&Prime; _module_preset=\u00a0\u00bbdefault\u00a0\u00bb custom_padding=\u00a0\u00bb0px||3px|||\u00a0\u00bb global_colors_info=\u00a0\u00bb{}\u00a0\u00bb theme_builder_area=\u00a0\u00bbpost_content\u00a0\u00bb][et_pb_column type=\u00a0\u00bb4_4&Prime; _builder_version=\u00a0\u00bb4.27.4&Prime; _module_preset=\u00a0\u00bbdefault\u00a0\u00bb global_colors_info=\u00a0\u00bb{}\u00a0\u00bb theme_builder_area=\u00a0\u00bbpost_content\u00a0\u00bb][et_pb_text _builder_version=\u00a0\u00bb4.27.4&Prime; _module_preset=\u00a0\u00bbdefault\u00a0\u00bb quote_font=\u00a0\u00bbABeeZee||||||||\u00a0\u00bb global_colors_info=\u00a0\u00bb{}\u00a0\u00bb theme_builder_area=\u00a0\u00bbpost_content\u00a0\u00bb]<\/p>\n<p><span style=\"font-weight: 400;\">Ils acqui\u00e8rent donc un <strong><a href=\"https:\/\/speechi.com\/fr\/ecran-interactif-android-superglass\/\">\u00e9cran interactif SuperGlass +S<\/a><\/strong> en 86\u201d et font le choix de la mobilit\u00e9 en le montant sur un <strong><a href=\"https:\/\/shop.speechi.com\/collections\/supports-mobiles\/products\/support-mobile-motorise-pour-ecran-interactif-ajustable-electriquement-en-hauteur-1\" target=\"_blank\" rel=\"noopener\">support sur roulettes<\/a><\/strong>, mais aussi de l&rsquo;adaptabilit\u00e9 puisque le support en question est pourvu d&rsquo;un moteur pour ajuster sa hauteur via une t\u00e9l\u00e9commande.\u00a0<\/span><\/p>\n<blockquote>\n<p><i><span style=\"font-weight: 400;\">\u201cIl peut se d\u00e9placer, il passe de la salle de r\u00e9union, de la salle des mariages \u00e0 la salle du conseil municipal et <strong>comme il est mobile, c\u2019est hyper pratique<\/strong>.\u201d<\/span><\/i><\/p>\n<\/blockquote>\n<p>[\/et_pb_text][\/et_pb_column][\/et_pb_row][et_pb_row _builder_version=\u00a0\u00bb4.27.4&Prime; _module_preset=\u00a0\u00bbdefault\u00a0\u00bb global_colors_info=\u00a0\u00bb{}\u00a0\u00bb theme_builder_area=\u00a0\u00bbpost_content\u00a0\u00bb][et_pb_column type=\u00a0\u00bb4_4&Prime; _builder_version=\u00a0\u00bb4.27.4&Prime; _module_preset=\u00a0\u00bbdefault\u00a0\u00bb global_colors_info=\u00a0\u00bb{}\u00a0\u00bb theme_builder_area=\u00a0\u00bbpost_content\u00a0\u00bb][et_pb_text _builder_version=\u00a0\u00bb4.27.4&Prime; _module_preset=\u00a0\u00bbdefault\u00a0\u00bb header_2_line_height=\u00a0\u00bb1.3em\u00a0\u00bb custom_margin=\u00a0\u00bb||5px|||\u00a0\u00bb global_colors_info=\u00a0\u00bb{}\u00a0\u00bb theme_builder_area=\u00a0\u00bbpost_content\u00a0\u00bb]<\/p>\n<h2>Du conseil municipal aux ateliers d\u2019assistance \u00e0 la ma\u00eetrise d\u2019ouvrage<\/h2>\n<p>[\/et_pb_text][et_pb_text _builder_version=\u00a0\u00bb4.27.4&Prime; _module_preset=\u00a0\u00bbdefault\u00a0\u00bb global_colors_info=\u00a0\u00bb{}\u00a0\u00bb theme_builder_area=\u00a0\u00bbpost_content\u00a0\u00bb]<\/p>\n<p>Dans quelles situations de travail l&rsquo;\u00e9cran interactif est-il utilis\u00e9 ? Les contextes d&rsquo;utilisation cit\u00e9s par nos deux interview\u00e9s sont divers et vari\u00e9s. Evoquons-les bri\u00e8vement.<\/p>\n<p>[\/et_pb_text][et_pb_image src=\u00a0\u00bbhttps:\/\/speechi.com\/wp-content\/uploads\/2025\/04\/interview-mairie-la-bassee-8-1.png\u00a0\u00bb alt=\u00a0\u00bbL&rsquo;\u00e9cran interactif Speechi utilis\u00e9 en conseil municipal\u00a0\u00bb title_text=\u00a0\u00bbL&rsquo;\u00e9cran interactif Speechi utilis\u00e9 en conseil municipal\u00a0\u00bb _builder_version=\u00a0\u00bb4.27.4&Prime; _module_preset=\u00a0\u00bbdefault\u00a0\u00bb global_colors_info=\u00a0\u00bb{}\u00a0\u00bb theme_builder_area=\u00a0\u00bbpost_content\u00a0\u00bb][\/et_pb_image][et_pb_text _builder_version=\u00a0\u00bb4.27.4&Prime; _module_preset=\u00a0\u00bbdefault\u00a0\u00bb header_2_line_height=\u00a0\u00bb1.3em\u00a0\u00bb global_colors_info=\u00a0\u00bb{}\u00a0\u00bb theme_builder_area=\u00a0\u00bbpost_content\u00a0\u00bb]<\/p>\n<h3>Le conseil municipal<\/h3>\n<p><span style=\"font-weight: 400;\">L\u2019\u00e9cran interactif, dont l\u2019usage est exclusivement r\u00e9serv\u00e9 aux \u00e9quipes de la mairie, trouve sa place dans une grande diversit\u00e9 de situations de travail dont la plus commune et la plus courante d\u2019entre elles est le conseil municipal qui est ouvert au public et durant lequel des documents sont projet\u00e9s sur l\u2019\u00e9cran pour que tout le monde puisse suivre le fond des discussions.<\/span><\/p>\n<p>[\/et_pb_text][\/et_pb_column][\/et_pb_row][et_pb_row _builder_version=\u00a0\u00bb4.27.4&Prime; _module_preset=\u00a0\u00bbdefault\u00a0\u00bb custom_padding=\u00a0\u00bb2px|||||\u00a0\u00bb global_colors_info=\u00a0\u00bb{}\u00a0\u00bb theme_builder_area=\u00a0\u00bbpost_content\u00a0\u00bb][et_pb_column type=\u00a0\u00bb4_4&Prime; _builder_version=\u00a0\u00bb4.27.4&Prime; _module_preset=\u00a0\u00bbdefault\u00a0\u00bb global_colors_info=\u00a0\u00bb{}\u00a0\u00bb theme_builder_area=\u00a0\u00bbpost_content\u00a0\u00bb][et_pb_text _builder_version=\u00a0\u00bb4.27.4&Prime; _module_preset=\u00a0\u00bbdefault\u00a0\u00bb header_3_line_height=\u00a0\u00bb1.3em\u00a0\u00bb global_colors_info=\u00a0\u00bb{}\u00a0\u00bb theme_builder_area=\u00a0\u00bbpost_content\u00a0\u00bb]<\/p>\n<h3>Concours d\u2019architectes, commission d\u2019appel d\u2019offres, ateliers \u00e0 ma\u00eetrise d\u2019ouvrage\u2026<\/h3>\n<p><span style=\"font-weight: 400;\">En dehors des conseils municipaux, les occasions o\u00f9 l\u2019\u00e9cran interactif peut rendre de pr\u00e9cieux services en mairie ne manquent pas. Aussi bien Fr\u00e9d\u00e9ric Cauderlier que son directeur de cabinet \u00e9voquent ces r\u00e9unions de projet et de suivi de projet durant lesquelles l\u2019\u00e9cran interactif sert \u00e0 pr\u00e9senter de fa\u00e7on confortable des plans, des vues, des perspectives.<\/span><\/p>\n<p>[\/et_pb_text][\/et_pb_column][\/et_pb_row][et_pb_row _builder_version=\u00a0\u00bb4.27.4&Prime; _module_preset=\u00a0\u00bbdefault\u00a0\u00bb custom_padding=\u00a0\u00bb9px|||||\u00a0\u00bb global_colors_info=\u00a0\u00bb{}\u00a0\u00bb theme_builder_area=\u00a0\u00bbpost_content\u00a0\u00bb][et_pb_column type=\u00a0\u00bb4_4&Prime; _builder_version=\u00a0\u00bb4.27.4&Prime; _module_preset=\u00a0\u00bbdefault\u00a0\u00bb global_colors_info=\u00a0\u00bb{}\u00a0\u00bb theme_builder_area=\u00a0\u00bbpost_content\u00a0\u00bb][et_pb_text _builder_version=\u00a0\u00bb4.27.4&Prime; _module_preset=\u00a0\u00bbdefault\u00a0\u00bb global_colors_info=\u00a0\u00bb{}\u00a0\u00bb theme_builder_area=\u00a0\u00bbpost_content\u00a0\u00bb]<\/p>\n<h3>La formation des agents<\/h3>\n<p><span style=\"font-weight: 400;\">Enfin, il y a la formation de ses agents. Ludovic Declercq nous \u00e9voque, en guise d&rsquo;exemple, une formation qui portait sur l\u2019accueil des personnes sourdes et malentendantes. Les formateurs qui connaissaient l\u2019outil Speechi ont pu tirer pleinement parti de son interactivit\u00e9 pour servir leur p\u00e9dagogie.<\/span><\/p>\n<p>[\/et_pb_text][\/et_pb_column][\/et_pb_row][et_pb_row _builder_version=\u00a0\u00bb4.27.4&Prime; _module_preset=\u00a0\u00bbdefault\u00a0\u00bb global_colors_info=\u00a0\u00bb{}\u00a0\u00bb theme_builder_area=\u00a0\u00bbpost_content\u00a0\u00bb][et_pb_column type=\u00a0\u00bb4_4&Prime; _builder_version=\u00a0\u00bb4.27.4&Prime; _module_preset=\u00a0\u00bbdefault\u00a0\u00bb global_colors_info=\u00a0\u00bb{}\u00a0\u00bb theme_builder_area=\u00a0\u00bbpost_content\u00a0\u00bb][et_pb_text _builder_version=\u00a0\u00bb4.27.4&Prime; _module_preset=\u00a0\u00bbdefault\u00a0\u00bb header_2_line_height=\u00a0\u00bb1.3em\u00a0\u00bb global_colors_info=\u00a0\u00bb{}\u00a0\u00bb theme_builder_area=\u00a0\u00bbpost_content\u00a0\u00bb]<\/p>\n<h2>Les usages multiples de l\u2019\u00e9cran interactif en mairie : De la vid\u00e9oconf\u00e9rence au partage d\u2019\u00e9cran<\/h2>\n<p><span style=\"font-weight: 400;\">Comment, au cours de toutes ces situations de travail \u00e9voqu\u00e9es, utilisent-ils l\u2019\u00e9cran interactif ? Au cours de l&rsquo;interview, sont \u00e9voqu\u00e9s la vid\u00e9oconf\u00e9rence, l\u2019annotation tr\u00e8s utilis\u00e9e lors d&rsquo;ateliers, la recherche web. Trois usages essentiels cependant semblent faire toute la diff\u00e9rence.\u00a0<\/span><\/p>\n<p>[\/et_pb_text][\/et_pb_column][\/et_pb_row][et_pb_row _builder_version=\u00a0\u00bb4.27.4&Prime; _module_preset=\u00a0\u00bbdefault\u00a0\u00bb custom_padding=\u00a0\u00bb0px||15px|||\u00a0\u00bb global_colors_info=\u00a0\u00bb{}\u00a0\u00bb theme_builder_area=\u00a0\u00bbpost_content\u00a0\u00bb][et_pb_column type=\u00a0\u00bb4_4&Prime; _builder_version=\u00a0\u00bb4.27.4&Prime; _module_preset=\u00a0\u00bbdefault\u00a0\u00bb global_colors_info=\u00a0\u00bb{}\u00a0\u00bb theme_builder_area=\u00a0\u00bbpost_content\u00a0\u00bb][et_pb_text _builder_version=\u00a0\u00bb4.27.4&Prime; _module_preset=\u00a0\u00bbdefault\u00a0\u00bb global_colors_info=\u00a0\u00bb{}\u00a0\u00bb theme_builder_area=\u00a0\u00bbpost_content\u00a0\u00bb]<\/p>\n<h3>Afficher des documents<\/h3>\n<p><span style=\"font-weight: 400;\">Au c\u0153ur de leurs usages, il y a l\u2019affichage de documents. Cette utilisation la plus essentielle et la plus simple qui soit de l\u2019\u00e9cran interactif vient <\/span><span style=\"font-weight: 400;\">pourtant <\/span><span style=\"font-weight: 400;\">r\u00e9pondre \u00e0 une difficult\u00e9 r\u00e9currente des r\u00e9unions : comment faire pour qu\u2019une assembl\u00e9e de personnes travaillent efficacement et main dans la main en avan\u00e7ant au m\u00eame rythme ? Le Maire et son directeur de cabinet pointent \u00e0 plusieurs reprises cet avantage de l\u2019\u00e9cran interactif.<\/span><\/p>\n<p>[\/et_pb_text][\/et_pb_column][\/et_pb_row][et_pb_row column_structure=\u00a0\u00bb3_5,2_5&Prime; _builder_version=\u00a0\u00bb4.27.4&Prime; _module_preset=\u00a0\u00bbdefault\u00a0\u00bb custom_padding=\u00a0\u00bb1px|||||\u00a0\u00bb global_colors_info=\u00a0\u00bb{}\u00a0\u00bb theme_builder_area=\u00a0\u00bbpost_content\u00a0\u00bb][et_pb_column type=\u00a0\u00bb3_5&Prime; _builder_version=\u00a0\u00bb4.27.4&Prime; _module_preset=\u00a0\u00bbdefault\u00a0\u00bb global_colors_info=\u00a0\u00bb{}\u00a0\u00bb theme_builder_area=\u00a0\u00bbpost_content\u00a0\u00bb][et_pb_image src=\u00a0\u00bbhttps:\/\/speechi.com\/wp-content\/uploads\/2025\/04\/interview-mairie-la-bassee-2.png\u00a0\u00bb alt=\u00a0\u00bbUn avantage non n\u00e9gligeable, l&rsquo;affichage de documents sur l&rsquo;\u00e9cran interactif\u00a0\u00bb title_text=\u00a0\u00bbUn avantage non n\u00e9gligeable, l&rsquo;affichage de documents sur l&rsquo;\u00e9cran interactif\u00a0\u00bb _builder_version=\u00a0\u00bb4.27.4&Prime; _module_preset=\u00a0\u00bbdefault\u00a0\u00bb global_colors_info=\u00a0\u00bb{}\u00a0\u00bb theme_builder_area=\u00a0\u00bbpost_content\u00a0\u00bb][\/et_pb_image][\/et_pb_column][et_pb_column type=\u00a0\u00bb2_5&Prime; _builder_version=\u00a0\u00bb4.27.4&Prime; _module_preset=\u00a0\u00bbdefault\u00a0\u00bb global_colors_info=\u00a0\u00bb{}\u00a0\u00bb theme_builder_area=\u00a0\u00bbpost_content\u00a0\u00bb][et_pb_text _builder_version=\u00a0\u00bb4.27.4&Prime; _module_preset=\u00a0\u00bbdefault\u00a0\u00bb quote_font=\u00a0\u00bbABeeZee||||||||\u00a0\u00bb global_colors_info=\u00a0\u00bb{}\u00a0\u00bb theme_builder_area=\u00a0\u00bbpost_content\u00a0\u00bb]<\/p>\n<blockquote>\n<p><span style=\"font-weight: 400;\">\u201c<\/span><i><span style=\"font-weight: 400;\">Tout le monde profite de la m\u00eame vue en m\u00eame temps.\u201d<\/span><\/i><\/p>\n<\/blockquote>\n<p><i><span style=\"font-weight: 400;\"><\/span><\/i><\/p>\n<blockquote>\n<p><i><span style=\"font-weight: 400;\">\u201cAujourd\u2019hui la personne qui est devant l\u2019\u00e9cran fait suivre \u00e0 son rythme et tout le monde a (&#8230;) le m\u00eame degr\u00e9 d\u2019information au m\u00eame moment<\/span><\/i><span style=\"font-weight: 400;\">.\u201d <\/span><\/p>\n<\/blockquote>\n<p>[\/et_pb_text][\/et_pb_column][\/et_pb_row][et_pb_row _builder_version=\u00a0\u00bb4.27.4&Prime; _module_preset=\u00a0\u00bbdefault\u00a0\u00bb custom_padding=\u00a0\u00bb||6px|||\u00a0\u00bb global_colors_info=\u00a0\u00bb{}\u00a0\u00bb theme_builder_area=\u00a0\u00bbpost_content\u00a0\u00bb][et_pb_column type=\u00a0\u00bb4_4&Prime; _builder_version=\u00a0\u00bb4.27.4&Prime; _module_preset=\u00a0\u00bbdefault\u00a0\u00bb global_colors_info=\u00a0\u00bb{}\u00a0\u00bb theme_builder_area=\u00a0\u00bbpost_content\u00a0\u00bb][et_pb_text _builder_version=\u00a0\u00bb4.27.4&Prime; _module_preset=\u00a0\u00bbdefault\u00a0\u00bb custom_margin=\u00a0\u00bb||4px|||\u00a0\u00bb hover_enabled=\u00a0\u00bb0&Prime; global_colors_info=\u00a0\u00bb{}\u00a0\u00bb theme_builder_area=\u00a0\u00bbpost_content\u00a0\u00bb sticky_enabled=\u00a0\u00bb0&Prime;]<\/p>\n<h3>Partager son \u00e9cran<\/h3>\n<p><span style=\"font-weight: 400;\">Que ce soit en utilisant le <a href=\"https:\/\/speechi.com\/fr\/logiciel-partage-ecran-mirroring\/\"><strong>screen mirroring avec Bytello Share<\/strong><\/a> ou bien en branchant son appareil \u00e0 l\u2019\u00e9cran lorsque le WiFi est capricieux, le partage d\u2019\u00e9cran est une pratique qui, en plus de changer la donne lors des r\u00e9unions, est accessible \u00e0 tous.<\/span>[\/et_pb_text][\/et_pb_column][\/et_pb_row][et_pb_row column_structure=\u00a0\u00bb1_2,1_2&Prime; _builder_version=\u00a0\u00bb4.27.4&Prime; _module_preset=\u00a0\u00bbdefault\u00a0\u00bb custom_padding=\u00a0\u00bb3px||2px|||\u00a0\u00bb global_colors_info=\u00a0\u00bb{}\u00a0\u00bb theme_builder_area=\u00a0\u00bbpost_content\u00a0\u00bb][et_pb_column type=\u00a0\u00bb1_2&Prime; _builder_version=\u00a0\u00bb4.27.4&Prime; _module_preset=\u00a0\u00bbdefault\u00a0\u00bb global_colors_info=\u00a0\u00bb{}\u00a0\u00bb theme_builder_area=\u00a0\u00bbpost_content\u00a0\u00bb][et_pb_image src=\u00a0\u00bbhttps:\/\/speechi.com\/wp-content\/uploads\/2025\/04\/interview-mairie-la-bassee-11.png\u00a0\u00bb alt=\u00a0\u00bbPartager son \u00e9cran sur le grand \u00e9cran interactif de la mairie\u00a0\u00bb title_text=\u00a0\u00bbPartager son \u00e9cran sur le grand \u00e9cran interactif de la mairie\u00a0\u00bb _builder_version=\u00a0\u00bb4.27.4&Prime; _module_preset=\u00a0\u00bbdefault\u00a0\u00bb global_colors_info=\u00a0\u00bb{}\u00a0\u00bb theme_builder_area=\u00a0\u00bbpost_content\u00a0\u00bb][\/et_pb_image][\/et_pb_column][et_pb_column type=\u00a0\u00bb1_2&Prime; _builder_version=\u00a0\u00bb4.27.4&Prime; _module_preset=\u00a0\u00bbdefault\u00a0\u00bb global_colors_info=\u00a0\u00bb{}\u00a0\u00bb theme_builder_area=\u00a0\u00bbpost_content\u00a0\u00bb][et_pb_text _builder_version=\u00a0\u00bb4.27.4&Prime; _module_preset=\u00a0\u00bbdefault\u00a0\u00bb quote_font=\u00a0\u00bbABeeZee||||||||\u00a0\u00bb custom_margin=\u00a0\u00bb-12px|||||\u00a0\u00bb global_colors_info=\u00a0\u00bb{}\u00a0\u00bb theme_builder_area=\u00a0\u00bbpost_content\u00a0\u00bb]<\/p>\n<blockquote>\n<p><span style=\"font-weight: 400;\">\u00ab\u00a0En termes de fonctionnalit\u00e9s, quelqu\u2019un qui n&rsquo;est pas dou\u00e9 en informatique, il se connecte avec son ordinateur, boum, il se met dessus ou alors avec les codes ou alors par le screen mirroring. Donc <strong>la prise en main est tr\u00e8s tr\u00e8s simple<\/strong> pour quelqu\u2019un qui n\u2019a absolument aucune connaissance en informatique.\u00a0\u00bb<\/span><\/p>\n<\/blockquote>\n<p>[\/et_pb_text][\/et_pb_column][\/et_pb_row][et_pb_row _builder_version=\u00a0\u00bb4.27.4&Prime; _module_preset=\u00a0\u00bbdefault\u00a0\u00bb custom_padding=\u00a0\u00bb5px||1px|||\u00a0\u00bb global_colors_info=\u00a0\u00bb{}\u00a0\u00bb theme_builder_area=\u00a0\u00bbpost_content\u00a0\u00bb][et_pb_column type=\u00a0\u00bb4_4&Prime; _builder_version=\u00a0\u00bb4.27.4&Prime; _module_preset=\u00a0\u00bbdefault\u00a0\u00bb global_colors_info=\u00a0\u00bb{}\u00a0\u00bb theme_builder_area=\u00a0\u00bbpost_content\u00a0\u00bb][et_pb_text _builder_version=\u00a0\u00bb4.27.4&Prime; _module_preset=\u00a0\u00bbdefault\u00a0\u00bb text_font_size=\u00a0\u00bb14px\u00a0\u00bb background_color=\u00a0\u00bb#f5f5f5&Prime; custom_padding=\u00a0\u00bb25px|25px|25px|25px|false|false\u00a0\u00bb global_colors_info=\u00a0\u00bb{}\u00a0\u00bb theme_builder_area=\u00a0\u00bbpost_content\u00a0\u00bb]<\/p>\n<h4><span style=\"color: #008080;\"><em>Le partage d&rsquo;\u00e9cran , c&rsquo;est quoi ?<\/em><\/span><\/h4>\n<p>Pour rappel, le partage d&rsquo;\u00e9cran consiste \u00e0 <strong>afficher l&rsquo;\u00e9cran de votre appareil de travail personnel sur l&rsquo;\u00e9cran interactif<\/strong>, que votre appareil soit un PC, une tablette ou un smartphone.<\/p>\n<p>Chacun, au cours de la r\u00e9union, peut donc partager son travail au reste de son \u00e9quipe soit en recopiant le num\u00e9ro indiqu\u00e9 en permanence sur l&rsquo;\u00e9cran via le logiciel Bytello Share installable gratuitement sur votre appareil, soit en branchant un c\u00e2ble.<\/p>\n<p>[\/et_pb_text][\/et_pb_column][\/et_pb_row][et_pb_row _builder_version=\u00a0\u00bb4.27.4&Prime; _module_preset=\u00a0\u00bbdefault\u00a0\u00bb custom_padding=\u00a0\u00bb||6px|||\u00a0\u00bb global_colors_info=\u00a0\u00bb{}\u00a0\u00bb theme_builder_area=\u00a0\u00bbpost_content\u00a0\u00bb][et_pb_column type=\u00a0\u00bb4_4&Prime; _builder_version=\u00a0\u00bb4.27.4&Prime; _module_preset=\u00a0\u00bbdefault\u00a0\u00bb global_colors_info=\u00a0\u00bb{}\u00a0\u00bb theme_builder_area=\u00a0\u00bbpost_content\u00a0\u00bb][et_pb_text _builder_version=\u00a0\u00bb4.27.4&Prime; _module_preset=\u00a0\u00bbdefault\u00a0\u00bb header_3_line_height=\u00a0\u00bb1.3em\u00a0\u00bb global_colors_info=\u00a0\u00bb{}\u00a0\u00bb theme_builder_area=\u00a0\u00bbpost_content\u00a0\u00bb]<\/p>\n<h3>Afficher plusieurs fen\u00eatres simultan\u00e9ment (multiwindows)<\/h3>\n<p><span style=\"font-weight: 400;\">Fr\u00e9d\u00e9ric Cauderlier rel\u00e8ve ce qui lui semble \u00eatre la parfaite illustration de ce qui fait de l\u2019\u00e9cran interactif un outil pratique : la possibilit\u00e9 de <strong>mettre en regard plusieurs sources d\u2019informations<\/strong> gr\u00e2ce au multiwindows, comme ouvrir en regard des propositions d\u2019architecte une fen\u00eatre Google Maps qui permet de localiser le projet dans la ville.<\/span><\/p>\n<p>[\/et_pb_text][\/et_pb_column][\/et_pb_row][et_pb_row column_structure=\u00a0\u00bb2_5,3_5&Prime; _builder_version=\u00a0\u00bb4.27.4&Prime; _module_preset=\u00a0\u00bbdefault\u00a0\u00bb custom_padding=\u00a0\u00bb||8px|||\u00a0\u00bb global_colors_info=\u00a0\u00bb{}\u00a0\u00bb theme_builder_area=\u00a0\u00bbpost_content\u00a0\u00bb][et_pb_column type=\u00a0\u00bb2_5&Prime; _builder_version=\u00a0\u00bb4.27.4&Prime; _module_preset=\u00a0\u00bbdefault\u00a0\u00bb global_colors_info=\u00a0\u00bb{}\u00a0\u00bb theme_builder_area=\u00a0\u00bbpost_content\u00a0\u00bb][et_pb_text _builder_version=\u00a0\u00bb4.27.4&Prime; _module_preset=\u00a0\u00bbdefault\u00a0\u00bb header_3_line_height=\u00a0\u00bb1.3em\u00a0\u00bb global_colors_info=\u00a0\u00bb{}\u00a0\u00bb theme_builder_area=\u00a0\u00bbpost_content\u00a0\u00bb]<\/p>\n<p><span style=\"font-weight: 400;\">L\u2019affichage de plusieurs \u00e9l\u00e9ments sur un \u00e9cran interactif permet donc de <strong>mieux comprendre un projet dans sa globalit\u00e9<\/strong> et de jongler d\u2019une information \u00e0 l\u2019autre d\u2019un simple regard sans manipulation fastidieuse qui consisterait \u00e0 ouvrir et fermer des fen\u00eatres tour \u00e0 tour. <\/span><\/p>\n<p><span style=\"font-weight: 400;\"><a href=\"https:\/\/speechi.com\/fr\/multi-windows-ecran-interactif-superglass-2\/\">En savoir plus sur le multiwindows <\/a><a href=\"https:\/\/speechi.com\/fr\/multi-windows-ecran-interactif-superglass-2\/\">\u21b5<\/a><\/span><\/p>\n<p>[\/et_pb_text][\/et_pb_column][et_pb_column type=\u00a0\u00bb3_5&Prime; _builder_version=\u00a0\u00bb4.27.4&Prime; _module_preset=\u00a0\u00bbdefault\u00a0\u00bb global_colors_info=\u00a0\u00bb{}\u00a0\u00bb theme_builder_area=\u00a0\u00bbpost_content\u00a0\u00bb][et_pb_image src=\u00a0\u00bbhttps:\/\/speechi.com\/wp-content\/uploads\/2025\/04\/multiwindows-ecran-interactif-speechi-mairie-temoignage-interview.jpg\u00a0\u00bb alt=\u00a0\u00bbLe multiwindows, un avantage consid\u00e9rable de l&rsquo;\u00e9cran interactif\u00a0\u00bb title_text=\u00a0\u00bbLe multiwindows, un avantage consid\u00e9rable de l&rsquo;\u00e9cran interactif\u00a0\u00bb _builder_version=\u00a0\u00bb4.27.4&Prime; _module_preset=\u00a0\u00bbdefault\u00a0\u00bb global_colors_info=\u00a0\u00bb{}\u00a0\u00bb theme_builder_area=\u00a0\u00bbpost_content\u00a0\u00bb][\/et_pb_image][\/et_pb_column][\/et_pb_row][et_pb_row _builder_version=\u00a0\u00bb4.27.4&Prime; _module_preset=\u00a0\u00bbdefault\u00a0\u00bb custom_padding=\u00a0\u00bb||0px|||\u00a0\u00bb global_colors_info=\u00a0\u00bb{}\u00a0\u00bb theme_builder_area=\u00a0\u00bbpost_content\u00a0\u00bb][et_pb_column type=\u00a0\u00bb4_4&Prime; _builder_version=\u00a0\u00bb4.27.4&Prime; _module_preset=\u00a0\u00bbdefault\u00a0\u00bb global_colors_info=\u00a0\u00bb{}\u00a0\u00bb theme_builder_area=\u00a0\u00bbpost_content\u00a0\u00bb][et_pb_text _builder_version=\u00a0\u00bb4.27.4&Prime; _module_preset=\u00a0\u00bbdefault\u00a0\u00bb global_colors_info=\u00a0\u00bb{}\u00a0\u00bb theme_builder_area=\u00a0\u00bbpost_content\u00a0\u00bb]<\/p>\n<h2>Le mot de la fin : \u201cLe b\u00e9n\u00e9fice est multiple\u201d<\/h2>\n<p>[\/et_pb_text][\/et_pb_column][\/et_pb_row][et_pb_row column_structure=\u00a0\u00bb1_2,1_2&Prime; _builder_version=\u00a0\u00bb4.27.4&Prime; _module_preset=\u00a0\u00bbdefault\u00a0\u00bb custom_padding=\u00a0\u00bb16px||1px|||\u00a0\u00bb global_colors_info=\u00a0\u00bb{}\u00a0\u00bb theme_builder_area=\u00a0\u00bbpost_content\u00a0\u00bb][et_pb_column type=\u00a0\u00bb1_2&Prime; _builder_version=\u00a0\u00bb4.27.4&Prime; _module_preset=\u00a0\u00bbdefault\u00a0\u00bb global_colors_info=\u00a0\u00bb{}\u00a0\u00bb theme_builder_area=\u00a0\u00bbpost_content\u00a0\u00bb][et_pb_image src=\u00a0\u00bbhttps:\/\/speechi.com\/wp-content\/uploads\/2025\/04\/interview-mairie-la-bassee-benefices-ecran-interactif.png\u00a0\u00bb alt=\u00a0\u00bbLe b\u00e9n\u00e9fice de l&rsquo;\u00e9cran interactif en mairie selon Ludovic Deleclercq \u00a0\u00bb title_text=\u00a0\u00bbLe b\u00e9n\u00e9fice de l&rsquo;\u00e9cran interactif en mairie selon Ludovic Deleclercq \u00a0\u00bb _builder_version=\u00a0\u00bb4.27.4&Prime; _module_preset=\u00a0\u00bbdefault\u00a0\u00bb global_colors_info=\u00a0\u00bb{}\u00a0\u00bb theme_builder_area=\u00a0\u00bbpost_content\u00a0\u00bb][\/et_pb_image][et_pb_text _builder_version=\u00a0\u00bb4.27.4&Prime; _module_preset=\u00a0\u00bbdefault\u00a0\u00bb quote_font=\u00a0\u00bbABeeZee||||||||\u00a0\u00bb global_colors_info=\u00a0\u00bb{}\u00a0\u00bb theme_builder_area=\u00a0\u00bbpost_content\u00a0\u00bb]<\/p>\n<blockquote>\n<p><span style=\"font-weight: 400;\">\u201c<\/span><i><span style=\"font-weight: 400;\">Le pratique et <strong>le gain de temps<\/strong> de pr\u00e9paration de la r\u00e9union, c\u2019est inestimable au niveau de la mairie.<\/span><\/i><span style=\"font-weight: 400;\">\u201d<\/span><\/p>\n<\/blockquote>\n<p>[\/et_pb_text][\/et_pb_column][et_pb_column type=\u00a0\u00bb1_2&Prime; _builder_version=\u00a0\u00bb4.27.4&Prime; _module_preset=\u00a0\u00bbdefault\u00a0\u00bb global_colors_info=\u00a0\u00bb{}\u00a0\u00bb theme_builder_area=\u00a0\u00bbpost_content\u00a0\u00bb][et_pb_image src=\u00a0\u00bbhttps:\/\/speechi.com\/wp-content\/uploads\/2025\/04\/interview-mairie-la-bassee-benefices-ecran-interactif-speechi.png\u00a0\u00bb alt=\u00a0\u00bbLe b\u00e9n\u00e9fice de l&rsquo;\u00e9cran interactif en mairie selon Fr\u00e9d\u00e9ric Cauderlier\u00a0\u00bb title_text=\u00a0\u00bbLe b\u00e9n\u00e9fice de l&rsquo;\u00e9cran interactif en mairie selon Fr\u00e9d\u00e9ric Cauderlier\u00a0\u00bb _builder_version=\u00a0\u00bb4.27.4&Prime; _module_preset=\u00a0\u00bbdefault\u00a0\u00bb global_colors_info=\u00a0\u00bb{}\u00a0\u00bb theme_builder_area=\u00a0\u00bbpost_content\u00a0\u00bb][\/et_pb_image][et_pb_text _builder_version=\u00a0\u00bb4.27.4&Prime; _module_preset=\u00a0\u00bbdefault\u00a0\u00bb quote_font=\u00a0\u00bbABeeZee||||||||\u00a0\u00bb global_colors_info=\u00a0\u00bb{}\u00a0\u00bb theme_builder_area=\u00a0\u00bbpost_content\u00a0\u00bb]<\/p>\n<blockquote>\n<p><i><span style=\"font-weight: 400;\">\u201cUne fois qu\u2019on l\u2019a, <strong>on ne sait plus s\u2019en passer<\/strong>. Franchement, c\u2019est ce que disait Ludovic tout \u00e0 l\u2019heure, mais pourquoi on ne l\u2019a pas achet\u00e9 avant ?\u201d\u00a0\u00a0<\/span><\/i><\/p>\n<\/blockquote>\n<p>[\/et_pb_text][\/et_pb_column][\/et_pb_row][et_pb_row _builder_version=\u00a0\u00bb4.27.4&Prime; _module_preset=\u00a0\u00bbdefault\u00a0\u00bb custom_padding=\u00a0\u00bb2px|||||\u00a0\u00bb global_colors_info=\u00a0\u00bb{}\u00a0\u00bb theme_builder_area=\u00a0\u00bbpost_content\u00a0\u00bb][et_pb_column type=\u00a0\u00bb4_4&Prime; _builder_version=\u00a0\u00bb4.27.4&Prime; _module_preset=\u00a0\u00bbdefault\u00a0\u00bb global_colors_info=\u00a0\u00bb{}\u00a0\u00bb theme_builder_area=\u00a0\u00bbpost_content\u00a0\u00bb][et_pb_text ul_item_indent=\u00a0\u00bb20px\u00a0\u00bb _builder_version=\u00a0\u00bb4.27.4&Prime; _module_preset=\u00a0\u00bbdefault\u00a0\u00bb background_color=\u00a0\u00bb#f5f5f5&Prime; custom_padding=\u00a0\u00bb25px|25px|25px|25px|false|false\u00a0\u00bb global_colors_info=\u00a0\u00bb{}\u00a0\u00bb theme_builder_area=\u00a0\u00bbpost_content\u00a0\u00bb]<\/p>\n<h3><em>Nos autres t\u00e9moignages<\/em><\/h3>\n<p><em><\/em><\/p>\n<p><em><\/em><\/p>\n<ul>\n<li>Pour lire et visionner nos autres t\u00e9moignages, rendez-vous dans <a href=\"https:\/\/speechi.com\/fr\/category\/temoignages\/\">la cat\u00e9gorie \u00ab\u00a0T\u00e9moignages\u00a0\u00bb de notre blog<\/a>.<\/li>\n<li>D\u00e9couvrir nos \u00e9tudes de cas <a href=\"https:\/\/speechi.com\/fr\/etudes-cas-entreprise\/\">en entreprise<\/a> et <a href=\"https:\/\/speechi.com\/fr\/etudes-cas-ecole\/\">\u00e0 l&rsquo;\u00e9cole<\/a>.<\/li>\n<\/ul>\n<p>[\/et_pb_text][et_pb_text _builder_version=\u00a0\u00bb4.27.4&Prime; _module_preset=\u00a0\u00bbdefault\u00a0\u00bb text_font=\u00a0\u00bb||||||||\u00a0\u00bb custom_padding=\u00a0\u00bb10px||10px||false|false\u00a0\u00bb border_width_all=\u00a0\u00bb1px\u00a0\u00bb global_colors_info=\u00a0\u00bb{}\u00a0\u00bb theme_builder_area=\u00a0\u00bbpost_content\u00a0\u00bb]<\/p>\n<p style=\"text-align: center;\">Vous souhaitez apporter votre t\u00e9moignage ? Ecrivez-nous \u00e0 <a href=\"mailto:marketing@speechi.com\">marketing@speechi.com<\/a> !<\/p>\n<p>[\/et_pb_text][et_pb_text _builder_version=\u00a0\u00bb4.27.4&Prime; _module_preset=\u00a0\u00bbdefault\u00a0\u00bb text_font_size=\u00a0\u00bb12px\u00a0\u00bb global_colors_info=\u00a0\u00bb{}\u00a0\u00bb theme_builder_area=\u00a0\u00bbpost_content\u00a0\u00bb]<\/p>\n<p style=\"text-align: right;\"><em>Publi\u00e9 le 29 avril 2025<\/em><\/p>\n<p>[\/et_pb_text][\/et_pb_column][\/et_pb_row][\/et_pb_section]<\/p>\n","protected":false},"excerpt":{"rendered":"<p>Direction la mairie de La Bass\u00e9e, une commune de 6 700 habitants au sud de la M\u00e9tropole lilloise, o\u00f9 nous attendent Monsieur le Maire et son directeur adjoint pour nous partager leur utilisation de l&rsquo;\u00e9cran interactif Speechi en mairie. Nous installons nos cam\u00e9ras dans la grande et lumineuse salle des mariages et c&rsquo;est parti, l&rsquo;interview [&hellip;]<\/p>\n","protected":false},"author":5,"featured_media":44198504,"comment_status":"open","ping_status":"closed","sticky":false,"template":"","format":"standard","meta":{"_acf_changed":false,"_seopress_robots_primary_cat":"none","_seopress_titles_title":"T\u00e9moignage : un \u00e9cran interactif \u00e0 la Mairie de La Bass\u00e9e | Speechi","_seopress_titles_desc":"D\u00e9couvrez le t\u00e9moignage de Fr\u00e9d\u00e9ric Cauderlier, Maire de La Bass\u00e9e, sur son utilisation de l'\u00e9cran interactif Speechi en mairie.","_seopress_robots_index":"","_et_pb_use_builder":"on","_et_pb_old_content":"<!-- wp:divi\/placeholder \/-->","_et_gb_content_width":"","footnotes":""},"categories":[50,125],"tags":[],"class_list":["post-44197766","post","type-post","status-publish","format-standard","has-post-thumbnail","hentry","category-une","category-temoignages"],"acf":[],"_links":{"self":[{"href":"https:\/\/speechi.com\/fr\/wp-json\/wp\/v2\/posts\/44197766","targetHints":{"allow":["GET"]}}],"collection":[{"href":"https:\/\/speechi.com\/fr\/wp-json\/wp\/v2\/posts"}],"about":[{"href":"https:\/\/speechi.com\/fr\/wp-json\/wp\/v2\/types\/post"}],"author":[{"embeddable":true,"href":"https:\/\/speechi.com\/fr\/wp-json\/wp\/v2\/users\/5"}],"replies":[{"embeddable":true,"href":"https:\/\/speechi.com\/fr\/wp-json\/wp\/v2\/comments?post=44197766"}],"version-history":[{"count":29,"href":"https:\/\/speechi.com\/fr\/wp-json\/wp\/v2\/posts\/44197766\/revisions"}],"predecessor-version":[{"id":44199446,"href":"https:\/\/speechi.com\/fr\/wp-json\/wp\/v2\/posts\/44197766\/revisions\/44199446"}],"wp:featuredmedia":[{"embeddable":true,"href":"https:\/\/speechi.com\/fr\/wp-json\/wp\/v2\/media\/44198504"}],"wp:attachment":[{"href":"https:\/\/speechi.com\/fr\/wp-json\/wp\/v2\/media?parent=44197766"}],"wp:term":[{"taxonomy":"category","embeddable":true,"href":"https:\/\/speechi.com\/fr\/wp-json\/wp\/v2\/categories?post=44197766"},{"taxonomy":"post_tag","embeddable":true,"href":"https:\/\/speechi.com\/fr\/wp-json\/wp\/v2\/tags?post=44197766"}],"curies":[{"name":"wp","href":"https:\/\/api.w.org\/{rel}","templated":true}]}}