{"id":44198551,"date":"2025-04-29T10:13:37","date_gmt":"2025-04-29T08:13:37","guid":{"rendered":"https:\/\/speechi.com\/?p=44198551"},"modified":"2025-04-29T11:06:37","modified_gmt":"2025-04-29T09:06:37","slug":"interface-tactile-maternelle","status":"publish","type":"post","link":"https:\/\/speechi.com\/fr\/interface-tactile-maternelle\/","title":{"rendered":"L\u2019interface tactile en maternelle"},"content":{"rendered":"<p>[et_pb_section fb_built=\u00a0\u00bb1&Prime; _builder_version=\u00a0\u00bb4.27.4&Prime; _module_preset=\u00a0\u00bbdefault\u00a0\u00bb global_colors_info=\u00a0\u00bb{}\u00a0\u00bb theme_builder_area=\u00a0\u00bbpost_content\u00a0\u00bb][et_pb_row _builder_version=\u00a0\u00bb4.27.4&Prime; _module_preset=\u00a0\u00bbdefault\u00a0\u00bb global_colors_info=\u00a0\u00bb{}\u00a0\u00bb theme_builder_area=\u00a0\u00bbpost_content\u00a0\u00bb][et_pb_column type=\u00a0\u00bb4_4&Prime; _builder_version=\u00a0\u00bb4.27.4&Prime; _module_preset=\u00a0\u00bbdefault\u00a0\u00bb global_colors_info=\u00a0\u00bb{}\u00a0\u00bb theme_builder_area=\u00a0\u00bbpost_content\u00a0\u00bb][et_pb_text _builder_version=\u00a0\u00bb4.27.4&Prime; _module_preset=\u00a0\u00bbdefault\u00a0\u00bb hover_enabled=\u00a0\u00bb0&Prime; global_colors_info=\u00a0\u00bb{}\u00a0\u00bb theme_builder_area=\u00a0\u00bbpost_content\u00a0\u00bb sticky_enabled=\u00a0\u00bb0&Prime;]<\/p>\n<p>Avez-vous pens\u00e9 \u00e0 doter votre \u00e9cole maternelle en \u00e9crans interactifs ? Gr\u00e2ce \u00e0 cet article Speechi, vous en saurez plus au sujet de ces appareils digitaux ! \u00c0 l\u2019\u00e9cole maternelle, les enfants d\u00e9couvrent le monde avec curiosit\u00e9, spontan\u00e9it\u00e9 et \u00e9merveillement. Pour capter leur attention et favoriser leur d\u00e9veloppement, les instituteurs adoptent de plus en plus les outils num\u00e9riques adapt\u00e9s \u00e0 leur \u00e2ge. L\u2019<a href=\"https:\/\/speechi.com\/fr\/interface-tactile-ecole\/\" target=\"_blank\" rel=\"noopener\">interface tactile \u00e0 l\u2019\u00e9cole<\/a>\u00a0s\u2019impose comme un dispositif \u00e9ducatif moderne, ludique et intuitif, parfaitement con\u00e7u pour les mains des tout-petits.<\/p>\n<p>[\/et_pb_text][et_pb_text _builder_version=\u00a0\u00bb4.27.4&Prime; _module_preset=\u00a0\u00bbdefault\u00a0\u00bb global_colors_info=\u00a0\u00bb{}\u00a0\u00bb theme_builder_area=\u00a0\u00bbpost_content\u00a0\u00bb]<\/p>\n<h2>Avantages de l&rsquo;interface tactile maternelle<\/h2>\n<p>[\/et_pb_text][et_pb_image src=\u00a0\u00bbhttps:\/\/speechi.com\/wp-content\/uploads\/2025\/04\/interface-tactile-maternelle-avantages-scaled.jpg\u00a0\u00bb alt=\u00a0\u00bbLes avantages de l&rsquo;interface tactile en maternelle\u00a0\u00bb title_text=\u00a0\u00bbinterface-tactile-maternelle-avantages\u00a0\u00bb _builder_version=\u00a0\u00bb4.27.4&Prime; _module_preset=\u00a0\u00bbdefault\u00a0\u00bb global_colors_info=\u00a0\u00bb{}\u00a0\u00bb theme_builder_area=\u00a0\u00bbpost_content\u00a0\u00bb][\/et_pb_image][et_pb_text _builder_version=\u00a0\u00bb4.27.4&Prime; _module_preset=\u00a0\u00bbdefault\u00a0\u00bb global_colors_info=\u00a0\u00bb{}\u00a0\u00bb theme_builder_area=\u00a0\u00bbpost_content\u00a0\u00bb]<\/p>\n<p>Une interface tactile en \u00e9cole maternelle est g\u00e9n\u00e9ralement compos\u00e9e d\u2019un \u00e9cran interactif multitouch, permettant \u00e0 plusieurs enfants d\u2019agir de mani\u00e8re simultan\u00e9e. Elle se distingue par sa simplicit\u00e9 d\u2019usage, son ergonomie pens\u00e9e pour les b\u00e9b\u00e9s et les jeunes enfants, et sa capacit\u00e9 \u00e0 rendre les apprentissages plus vivants. Contrairement aux supports classiques, elle offre un environnement immersif o\u00f9 filles et gar\u00e7ons peuvent d\u00e9velopper leur motricit\u00e9 fine, leur coordination \u0153il-main, ainsi que leur autonomie.<\/p>\n<p>[\/et_pb_text][et_pb_text _builder_version=\u00a0\u00bb4.27.4&Prime; _module_preset=\u00a0\u00bbdefault\u00a0\u00bb global_colors_info=\u00a0\u00bb{}\u00a0\u00bb theme_builder_area=\u00a0\u00bbpost_content\u00a0\u00bb]<\/p>\n<p>Les enseignants utilisent l\u2019interface tactile pour organiser des jeux \u00e9ducatifs, des ateliers d\u2019\u00e9veil, des chansons ou des puzzles num\u00e9riques. Par exemple, une activit\u00e9 peut consister \u00e0 faire glisser des formes color\u00e9es pour reconstituer un animal, ou \u00e0 appuyer sur l\u2019\u00e9cran pour entendre le chant d\u2019un oiseau. Ces exercices interactifs solliciteront \u00e0 la fois l\u2019attention, la m\u00e9moire visuelle et le langage oral. M\u00eame les plus petits, parfois issus de cr\u00e8ches utilisant d\u00e9j\u00e0 des outils num\u00e9riques, s\u2019adaptent tr\u00e8s vite \u00e0 cette interface intuitive.<\/p>\n<p>[\/et_pb_text][et_pb_text _builder_version=\u00a0\u00bb4.27.4&Prime; _module_preset=\u00a0\u00bbdefault\u00a0\u00bb global_colors_info=\u00a0\u00bb{}\u00a0\u00bb theme_builder_area=\u00a0\u00bbpost_content\u00a0\u00bb]<\/p>\n<p>L\u2019interface tactile favorisera aussi l\u2019apprentissage en groupe. Les enfants peuvent collaborer pour r\u00e9soudre une \u00e9nigme visuelle, chanter en ch\u0153ur autour de l\u2019\u00e9cran ou simplement dessiner ensemble. Le c\u00f4t\u00e9 convivial et visuel stimulera les \u00e9changes et d\u00e9veloppe les comp\u00e9tences sociales d\u00e8s la maternelle. Loin de remplacer les m\u00e9thodes traditionnelles, l\u2019\u00e9cran interactif compl\u00e8tera efficacement les pratiques p\u00e9dagogiques existantes, en offrant un support suppl\u00e9mentaire pour diversifier les approches d\u2019apprentissage.<\/p>\n<p>[\/et_pb_text][et_pb_video src=\u00a0\u00bbhttps:\/\/www.youtube.com\/watch?v=tFzsIIDYx88&Prime; _builder_version=\u00a0\u00bb4.27.4&Prime; _module_preset=\u00a0\u00bbdefault\u00a0\u00bb global_colors_info=\u00a0\u00bb{}\u00a0\u00bb theme_builder_area=\u00a0\u00bbpost_content\u00a0\u00bb][\/et_pb_video][et_pb_text _builder_version=\u00a0\u00bb4.27.4&Prime; _module_preset=\u00a0\u00bbdefault\u00a0\u00bb global_colors_info=\u00a0\u00bb{}\u00a0\u00bb theme_builder_area=\u00a0\u00bbpost_content\u00a0\u00bb]<\/p>\n<h2>D\u00e9couverte des \u00e9crans Speechi pour les enfants<\/h2>\n<p>[\/et_pb_text][et_pb_image src=\u00a0\u00bbhttps:\/\/speechi.com\/wp-content\/uploads\/2025\/04\/interface-tactile-maternelle-pour-enfants-ecrans-speechi.jpg\u00a0\u00bb alt=\u00a0\u00bbLes \u00e9crans Speechi comme interface tactile maternelle\u00a0\u00bb title_text=\u00a0\u00bbinterface-tactile-maternelle-pour-enfants-ecrans-speechi\u00a0\u00bb _builder_version=\u00a0\u00bb4.27.4&Prime; _module_preset=\u00a0\u00bbdefault\u00a0\u00bb global_colors_info=\u00a0\u00bb{}\u00a0\u00bb theme_builder_area=\u00a0\u00bbpost_content\u00a0\u00bb][\/et_pb_image][et_pb_text _builder_version=\u00a0\u00bb4.27.4&Prime; _module_preset=\u00a0\u00bbdefault\u00a0\u00bb global_colors_info=\u00a0\u00bb{}\u00a0\u00bb theme_builder_area=\u00a0\u00bbpost_content\u00a0\u00bb]<\/p>\n<p>Chez Speechi, nous proposons une gamme d\u2019\u00e9crans interactifs sp\u00e9cialement adapt\u00e9s aux besoins de l\u2019enseignement en maternelle. Les mod\u00e8les SpeechiTouch combinent une excellente qualit\u00e9 d\u2019image, une grande robustesse et une surface tactile r\u00e9active, id\u00e9ale pour les petites mains encore en apprentissage de la pr\u00e9cision. Ces \u00e9crans sont con\u00e7us pour r\u00e9sister \u00e0 un usage intensif et sont parfaitement s\u00e9curis\u00e9s pour \u00eatre utilis\u00e9s au quotidien par les enseignants et les tr\u00e8s jeunes enfants.<\/p>\n<p>[\/et_pb_text][et_pb_text _builder_version=\u00a0\u00bb4.27.4&Prime; _module_preset=\u00a0\u00bbdefault\u00a0\u00bb global_colors_info=\u00a0\u00bb{}\u00a0\u00bb theme_builder_area=\u00a0\u00bbpost_content\u00a0\u00bb]<\/p>\n<p>Nos \u00e9crans int\u00e8grent des applications \u00e9ducatives ludiques pour d\u00e9velopper les comp\u00e9tences essentielles : formes, couleurs, lettres, sons, animaux, routines de la journ\u00e9e, etc. L\u2019enseignant peut ais\u00e9ment adapter les activit\u00e9s en fonction du niveau de la classe, que ce soit pour les enfants de petite, moyenne ou grande section. Gr\u00e2ce \u00e0 la technologie multitouch, plusieurs \u00e9l\u00e8ves peuvent interagir simultan\u00e9ment, rendant les ateliers num\u00e9riques plus vivants et participatifs.<\/p>\n<p>[\/et_pb_text][et_pb_text _builder_version=\u00a0\u00bb4.27.4&Prime; _module_preset=\u00a0\u00bbdefault\u00a0\u00bb global_colors_info=\u00a0\u00bb{}\u00a0\u00bb theme_builder_area=\u00a0\u00bbpost_content\u00a0\u00bb]<\/p>\n<p>Le grand format des \u00e9crans Speechi (comme le <a href=\"https:\/\/shop.speechi.com\/collections\/ecran-interactif\/products\/ecran-interactif-android-infrarouge-speechitouch-86\" target=\"_blank\" rel=\"noopener\">SpeechiTouch de 86 pouces<\/a>) permet \u00e0 l\u2019ensemble de la classe de suivre l\u2019activit\u00e9, m\u00eame pour les enfants situ\u00e9s au fond de la pi\u00e8ce. Par ailleurs, la luminosit\u00e9 et le confort visuel ont \u00e9t\u00e9 pens\u00e9s pour ne pas fatiguer les yeux des plus jeunes. Gr\u00e2ce \u00e0 une interface claire et accessible, les enseignants n\u2019ont besoin que de quelques minutes pour lancer une activit\u00e9. Les \u00e9coles qui ont adopt\u00e9 nos solutions t\u00e9moignent d\u2019un gain d\u2019attention et d\u2019implication de la part des enfants d\u00e8s les premiers jours d\u2019utilisation.<\/p>\n<p>[\/et_pb_text][et_pb_text _builder_version=\u00a0\u00bb4.27.4&Prime; _module_preset=\u00a0\u00bbdefault\u00a0\u00bb global_colors_info=\u00a0\u00bb{}\u00a0\u00bb theme_builder_area=\u00a0\u00bbpost_content\u00a0\u00bb]<\/p>\n<p>Vous en savez plus sur l\u2019<em><strong>interface tactile \u00e0 installer dans une \u00e9cole maternelle<\/strong><\/em>. D\u00e9couvrez le choix vari\u00e9 d\u2019\u00e9crans \u00e9ducatifs, en particulier le <a href=\"https:\/\/shop.speechi.com\/collections\/ecran-interactif\/products\/ecran-interactif-android-infrarouge-speechitouch-65\" target=\"_blank\" rel=\"noopener\">SpeechiTouch de 65 pouces<\/a>. Vous pouvez aussi installer une interface tactile dans une cr\u00e8che.<\/p>\n<p>[\/et_pb_text][\/et_pb_column][\/et_pb_row][\/et_pb_section]<\/p>\n","protected":false},"excerpt":{"rendered":"<p>Avez-vous pens\u00e9 \u00e0 doter votre \u00e9cole maternelle en \u00e9crans interactifs ? Gr\u00e2ce \u00e0 cet article Speechi, vous en saurez plus au sujet de ces appareils digitaux ! \u00c0 l\u2019\u00e9cole maternelle, les enfants d\u00e9couvrent le monde avec curiosit\u00e9, spontan\u00e9it\u00e9 et \u00e9merveillement. Pour capter leur attention et favoriser leur d\u00e9veloppement, les instituteurs adoptent de plus en plus [&hellip;]<\/p>\n","protected":false},"author":16,"featured_media":44198567,"comment_status":"open","ping_status":"closed","sticky":false,"template":"","format":"standard","meta":{"_acf_changed":false,"_seopress_robots_primary_cat":"none","_seopress_titles_title":"L'Interface Tactile en Maternelle - Speechi\/Ecrans interactifs","_seopress_titles_desc":"Facilitez l\u2019apprentissage avec une interface tactile maternelle Speechi, intuitive et ludique pour les tout-petits en \u00e9cole maternelle.","_seopress_robots_index":"","_et_pb_use_builder":"on","_et_pb_old_content":"<!-- wp:divi\/placeholder \/-->","_et_gb_content_width":"","footnotes":""},"categories":[1,48],"tags":[],"class_list":["post-44198551","post","type-post","status-publish","format-standard","has-post-thumbnail","hentry","category-non-classifiee","category-education"],"acf":[],"_links":{"self":[{"href":"https:\/\/speechi.com\/fr\/wp-json\/wp\/v2\/posts\/44198551","targetHints":{"allow":["GET"]}}],"collection":[{"href":"https:\/\/speechi.com\/fr\/wp-json\/wp\/v2\/posts"}],"about":[{"href":"https:\/\/speechi.com\/fr\/wp-json\/wp\/v2\/types\/post"}],"author":[{"embeddable":true,"href":"https:\/\/speechi.com\/fr\/wp-json\/wp\/v2\/users\/16"}],"replies":[{"embeddable":true,"href":"https:\/\/speechi.com\/fr\/wp-json\/wp\/v2\/comments?post=44198551"}],"version-history":[{"count":8,"href":"https:\/\/speechi.com\/fr\/wp-json\/wp\/v2\/posts\/44198551\/revisions"}],"predecessor-version":[{"id":44198674,"href":"https:\/\/speechi.com\/fr\/wp-json\/wp\/v2\/posts\/44198551\/revisions\/44198674"}],"wp:featuredmedia":[{"embeddable":true,"href":"https:\/\/speechi.com\/fr\/wp-json\/wp\/v2\/media\/44198567"}],"wp:attachment":[{"href":"https:\/\/speechi.com\/fr\/wp-json\/wp\/v2\/media?parent=44198551"}],"wp:term":[{"taxonomy":"category","embeddable":true,"href":"https:\/\/speechi.com\/fr\/wp-json\/wp\/v2\/categories?post=44198551"},{"taxonomy":"post_tag","embeddable":true,"href":"https:\/\/speechi.com\/fr\/wp-json\/wp\/v2\/tags?post=44198551"}],"curies":[{"name":"wp","href":"https:\/\/api.w.org\/{rel}","templated":true}]}}