{"id":44206052,"date":"2025-09-02T11:55:41","date_gmt":"2025-09-02T09:55:41","guid":{"rendered":"https:\/\/speechi.com\/?p=44206052"},"modified":"2025-09-02T11:55:45","modified_gmt":"2025-09-02T09:55:45","slug":"support-equipement-numerique-interactif","status":"publish","type":"post","link":"https:\/\/speechi.com\/fr\/support-equipement-numerique-interactif\/","title":{"rendered":"Quel support pour un \u00e9quipement num\u00e9rique interactif ?"},"content":{"rendered":"<p>[et_pb_section fb_built=\u00a0\u00bb1&Prime; theme_builder_area=\u00a0\u00bbpost_content\u00a0\u00bb _builder_version=\u00a0\u00bb4.27.4&Prime; _module_preset=\u00a0\u00bbdefault\u00a0\u00bb][et_pb_row _builder_version=\u00a0\u00bb4.27.4&Prime; _module_preset=\u00a0\u00bbdefault\u00a0\u00bb theme_builder_area=\u00a0\u00bbpost_content\u00a0\u00bb][et_pb_column _builder_version=\u00a0\u00bb4.27.4&Prime; _module_preset=\u00a0\u00bbdefault\u00a0\u00bb type=\u00a0\u00bb4_4&Prime; theme_builder_area=\u00a0\u00bbpost_content\u00a0\u00bb][et_pb_text _builder_version=\u00a0\u00bb4.27.4&Prime; _module_preset=\u00a0\u00bbdefault\u00a0\u00bb theme_builder_area=\u00a0\u00bbpost_content\u00a0\u00bb hover_enabled=\u00a0\u00bb0&Prime; sticky_enabled=\u00a0\u00bb0&Prime;]<\/p>\n<p>Vous envisagez l\u2019achat d\u2019un \u00e9cran tactile pour votre salle de r\u00e9union ? Pour l\u2019installer dans les locaux de votre entreprise, vous avez le choix entre de multiples solutions. Cet article vous aide \u00e0 y voir plus clair et vous pr\u00e9sente les diff\u00e9rents pieds permettant de supporter le poids d\u2019un \u00e9cran tactile et interactif !<\/p>\n<p>[\/et_pb_text][et_pb_text _builder_version=\u00a0\u00bb4.27.4&Prime; _module_preset=\u00a0\u00bbdefault\u00a0\u00bb theme_builder_area=\u00a0\u00bbpost_content\u00a0\u00bb hover_enabled=\u00a0\u00bb0&Prime; sticky_enabled=\u00a0\u00bb0&Prime;]<\/p>\n<h2>Les \u00e9l\u00e9ments \u00e0 prendre en compte pour l\u2019achat d\u2019un support pour \u00e9quipement num\u00e9rique<\/h2>\n<p>Disposez-vous d\u2019une seule salle o\u00f9 vous r\u00e9unissez vos collaborateurs ? Si vous dirigez une petite entreprise de services, il se peut que votre \u00e9cran interactif ne quitte pas une seule pi\u00e8ce accueillant votre personnel pour des r\u00e9unions, des formations ou des repas. Dans ce cas, vous ne vous poserez pas longtemps la question. Une solution pourrait \u00eatre de placer un support au mur et d\u2019y fixer de mani\u00e8re d\u00e9finitive un ENI. Dans ce cas, vous opterez s\u00fbrement pour <a href=\"https:\/\/shop.speechi.com\/collections\/supports-muraux\">les supports muraux pour \u00e9cran interactif<\/a>   en vente sur notre boutique en ligne. Vous d\u00e9couvrez plusieurs r\u00e9f\u00e9rences en vente sur notre boutique en ligne. Nous affichons de grandes photos gr\u00e2ce auxquelles vous apercevrez tous les d\u00e9tails. En vous rendant sur la fiche-produit, vous d\u00e9couvrez toutes les informations importantes comme les compatibilit\u00e9s avec des \u00e9crans interactifs de 55 pouces ou plus. Nous pr\u00e9cisons \u00e9galement la charge maximale et les normes VESA d\u00e9taill\u00e9es. Les dimensions de chaque support mural pour \u00e9cran interactif sont mentionn\u00e9es !<\/p>\n<p>Cependant, si votre entreprise compte de nombreuses salles de r\u00e9union, il sera plus int\u00e9ressant d\u2019opter pour d\u2019autres types de support, que nous d\u00e9taillerons dans cet article. Si vous vous orientez vers un tel choix, vous devrez alors vous interroger sur votre budget et les diff\u00e9rentes mani\u00e8res de tirer parti de <a href=\"https:\/\/shop.speechi.com\/collections\/supports-sur-pied-fixe\">ces supports sur pied fixe pour \u00e9cran interactif<\/a> ou pieds mobiles pour de tels \u00e9quipements num\u00e9riques et interactifs !<\/p>\n<p>[\/et_pb_text][et_pb_image src=\u00a0\u00bbhttps:\/\/speechi.com\/wp-content\/uploads\/2025\/09\/ecran-interactif-meuble-support-ecran-pied.png\u00a0\u00bb _builder_version=\u00a0\u00bb4.27.4&Prime; _module_preset=\u00a0\u00bbdefault\u00a0\u00bb theme_builder_area=\u00a0\u00bbpost_content\u00a0\u00bb alt=\u00a0\u00bbchoix d&rsquo;un support pied pour \u00e9cran interactif tactile speechitouch\u00a0\u00bb title_text=\u00a0\u00bbecran-interactif-meuble-support-ecran-pied\u00a0\u00bb hover_enabled=\u00a0\u00bb0&Prime; sticky_enabled=\u00a0\u00bb0&Prime;][\/et_pb_image][et_pb_text _builder_version=\u00a0\u00bb4.27.4&Prime; _module_preset=\u00a0\u00bbdefault\u00a0\u00bb theme_builder_area=\u00a0\u00bbpost_content\u00a0\u00bb hover_enabled=\u00a0\u00bb0&Prime; sticky_enabled=\u00a0\u00bb0&Prime;]<\/p>\n<h2>Quel pied pour un \u00e9cran tactile et interactif Speechi ?<\/h2>\n<p>Gr\u00e2ce aux diff\u00e9rentes questions que nous vous invitons \u00e0 vous poser, vous disposerez des diff\u00e9rents \u00e9lements pour bien choisir entre <a href=\"https:\/\/shop.speechi.com\/collections\/supports-mobiles\">diff\u00e9rents types de supports mobiles pour \u00e9crans interactifs<\/a>. Vous savez que le montant que vous serez pr\u00eat \u00e0 investir comptera pour beaucoup. Autre crit\u00e8re important \u00e0 prendre en compte, celui de la taille de votre futur \u00e9quipement num\u00e9rique. Vous devrez s\u00e9lectionner un pied mobile pour \u00e9cran capable de supporter \u00e0 la fois le poids et la taille (exprim\u00e9e en pouces) de cet appareil multim\u00e9dia.<\/p>\n<p>Heureusement, et comme nous l\u2019avons d\u00e9j\u00e0 pr\u00e9cis\u00e9 pour les mod\u00e8les muraux, nous fournissons toujours toutes les informations, qu\u2019il s\u2019agisse des dimensions exactes, les normes VESA et le types d\u2019\u00e9crans tactiles et num\u00e9riques compatibles. Ensuite, vous aurez \u00e0 choisir entre diff\u00e9rentes fonctionnalit\u00e9s. Cependant, pour cela nous vous accompagnerons, en indiquant tous les atouts. Nous affichons aussi de grandes photos gr\u00e2ce auxquelles vous apercevrez tous les d\u00e9tails esth\u00e9tiques de <a href=\"https:\/\/shop.speechi.com\/collections\/supports-orientables\">ces larges supports orientables pour \u00e9crans tactiles<\/a>. Les r\u00e9glages peuvent se faire via une inclinaison. Dans ce cas, nous pr\u00e9ciserons le degr\u00e9 d\u2019inclinaison mais aussi le fonctionnement. Un moteur est parfois pr\u00e9sent, ce qui rendra moins p\u00e9nible l\u2019utilisation d\u2019un support orientable pour \u00e9cran tactile et interactif.<\/p>\n<p>Enfin, pour \u00eatre complet, disons quelques mots sur <a href=\"https:\/\/shop.speechi.com\/collections\/balanxe-box\">le support Balance Box des \u00e9crans tactiles et interactifs<\/a>, en vente sur notre boutique en ligne. Ces appareils permettent d\u2019ajuster sans le moindre effort la hauteur de l\u2019\u00e9cran. Vous en d\u00e9couvrez une description tr\u00e8s compl\u00e8te, avec les poids minimum et maximum requis, les avantages et les sp\u00e9cificit\u00e9s techniques.<\/p>\n<p>[\/et_pb_text][\/et_pb_column][\/et_pb_row][\/et_pb_section]<\/p>\n","protected":false},"excerpt":{"rendered":"<p>Vous envisagez l\u2019achat d\u2019un \u00e9cran tactile pour votre salle de r\u00e9union ? Pour l\u2019installer dans les locaux de votre entreprise, vous avez le choix entre de multiples solutions. Cet article vous aide \u00e0 y voir plus clair et vous pr\u00e9sente les diff\u00e9rents pieds permettant de supporter le poids d\u2019un \u00e9cran tactile et interactif !Les \u00e9l\u00e9ments [&hellip;]<\/p>\n","protected":false},"author":4,"featured_media":44206126,"comment_status":"open","ping_status":"closed","sticky":false,"template":"","format":"standard","meta":{"_acf_changed":false,"_seopress_robots_primary_cat":"none","_seopress_titles_title":"Support equipement num\u00e9rique interactif - Support \u00e9cran tactile","_seopress_titles_desc":"Comment choisir un support pour un \u00e9cran interactif et tactile ? Rendez-vous chez Speechi pour conna\u00eetre les \u00e9l\u00e9ments \u00e0 prendre en compte pour cet accessoire","_seopress_robots_index":"","_et_pb_use_builder":"on","_et_pb_old_content":"","_et_gb_content_width":"","footnotes":""},"categories":[127,1],"tags":[],"class_list":["post-44206052","post","type-post","status-publish","format-standard","has-post-thumbnail","hentry","category-accessoires","category-non-classifiee"],"acf":[],"_links":{"self":[{"href":"https:\/\/speechi.com\/fr\/wp-json\/wp\/v2\/posts\/44206052","targetHints":{"allow":["GET"]}}],"collection":[{"href":"https:\/\/speechi.com\/fr\/wp-json\/wp\/v2\/posts"}],"about":[{"href":"https:\/\/speechi.com\/fr\/wp-json\/wp\/v2\/types\/post"}],"author":[{"embeddable":true,"href":"https:\/\/speechi.com\/fr\/wp-json\/wp\/v2\/users\/4"}],"replies":[{"embeddable":true,"href":"https:\/\/speechi.com\/fr\/wp-json\/wp\/v2\/comments?post=44206052"}],"version-history":[{"count":7,"href":"https:\/\/speechi.com\/fr\/wp-json\/wp\/v2\/posts\/44206052\/revisions"}],"predecessor-version":[{"id":44206135,"href":"https:\/\/speechi.com\/fr\/wp-json\/wp\/v2\/posts\/44206052\/revisions\/44206135"}],"wp:featuredmedia":[{"embeddable":true,"href":"https:\/\/speechi.com\/fr\/wp-json\/wp\/v2\/media\/44206126"}],"wp:attachment":[{"href":"https:\/\/speechi.com\/fr\/wp-json\/wp\/v2\/media?parent=44206052"}],"wp:term":[{"taxonomy":"category","embeddable":true,"href":"https:\/\/speechi.com\/fr\/wp-json\/wp\/v2\/categories?post=44206052"},{"taxonomy":"post_tag","embeddable":true,"href":"https:\/\/speechi.com\/fr\/wp-json\/wp\/v2\/tags?post=44206052"}],"curies":[{"name":"wp","href":"https:\/\/api.w.org\/{rel}","templated":true}]}}