{"id":44213524,"date":"2025-12-09T18:39:56","date_gmt":"2025-12-09T17:39:56","guid":{"rendered":"https:\/\/speechi.com\/?p=44213524"},"modified":"2026-01-06T11:11:46","modified_gmt":"2026-01-06T10:11:46","slug":"accessoires-byom-byod-salle-reunion","status":"publish","type":"post","link":"https:\/\/speechi.com\/fr\/accessoires-byom-byod-salle-reunion\/","title":{"rendered":"Accessoires BYOM BYOD pour salle de r\u00e9union"},"content":{"rendered":"\n<p>Vous souhaitez favoriser les r\u00e9unions de vos collaborateurs, en leur proposant un mat\u00e9riel adapt\u00e9 ? Speechi a pens\u00e9 \u00e0 vous avec des \u00e9quipements pour \u00eatre en mode BYOM (Bring Your Own Meeting) ou BYOD (Bring Your Own Device). D\u00e9couvrez des informations et plusieurs conseils, en particulier avec notre <a href=\"https:\/\/speechi.com\/fr\/byom-pro-speechi-guide-installation\/\">guide d\u2019installation du BYOM Pro Speechi<\/a>. Commandez aussi des accessoires ad\u00e9quats pour cr\u00e9er un environnement professionnel confortable et efficace.<\/p>\n\n\n\n<h2 class=\"wp-block-heading\">Les fondamentaux des accessoires BYOM et BYOD pour votre salle de r\u00e9union<\/h2>\n\n\n\n<p>Dans le cadre des dynamiques de travail moderne, les environnements BYOM et BYOD jouent un r\u00f4le majeur. Ces approches proposent aux participants d&rsquo;utiliser leurs propres outils et appareils pour des r\u00e9unions et sessions de travail. Pour les entreprises, cela se traduit par la n\u00e9cessit\u00e9 d&rsquo;installer des accessoires qui permettent une transition en douceur des dispositifs personnels vers l\u2019\u00e9quipement informatique de la salle de r\u00e9union.<\/p>\n\n\n\n<p>Ainsi, le BYOM permet aux utilisateurs d\u2019int\u00e9grer leurs propres logiciels et outils de r\u00e9union. Cela implique souvent des accessoires sp\u00e9ciaux qui simplifieront la connexion entre appareils personnels et \u00e9quipements de la salle. Quant \u00e0 la d\u00e9marche BYOD, elle repose sur l&rsquo;utilisation d&rsquo;appareils personnels tels que des ordinateurs portables, des tablettes tactiles ou des smartphones pour des t\u00e2ches professionnelles. Les entreprises doivent alors veiller \u00e0 la compatibilit\u00e9 et \u00e0 la s\u00e9curit\u00e9 des donn\u00e9es.<\/p>\n\n\n\n<figure class=\"wp-block-embed is-type-video is-provider-youtube wp-block-embed-youtube wp-embed-aspect-16-9 wp-has-aspect-ratio\"><div class=\"wp-block-embed__wrapper\">\n<iframe loading=\"lazy\" title=\"Micro cravate sans fil Speechi\" width=\"1080\" height=\"608\" src=\"https:\/\/www.youtube.com\/embed\/WGS9203eM1g?feature=oembed\"  allow=\"accelerometer; autoplay; clipboard-write; encrypted-media; gyroscope; picture-in-picture; web-share\" referrerpolicy=\"strict-origin-when-cross-origin\" allowfullscreen><\/iframe>\n<\/div><\/figure>\n\n\n\n<p>Pour que ces deux approches soient efficaces, il est essentiel de disposer d\u2019accessoires adapt\u00e9s. Ceux-ci incluent des adaptateurs, des c\u00e2bles de connexion, ainsi que des haut-parleurs et cam\u00e9ras qui permettront une interaction harmonieuse entre les diff\u00e9rents appareils. En investissant dans des \u00e9quipements de qualit\u00e9, les entreprises favorisent un environnement de r\u00e9union plus inclusif o\u00f9 la collaboration devient centrale.<\/p>\n\n\n\n<h2 class=\"wp-block-heading\">L\u2019\u00e9quipement Speechi pour les salles de r\u00e9union des entreprises<\/h2>\n\n\n\n<p>Quand il s&rsquo;agit de choisir les accessoires byom et byod salle de r\u00e9union, une s\u00e9lection bien pens\u00e9e est capital. Les \u00e9quipements doivent \u00eatre non seulement performants, mais aussi simples \u00e0 utiliser pour l&rsquo;ensemble des participants. L&rsquo;accessibilit\u00e9 et la facilit\u00e9 d&rsquo;installation sont deux \u00e9l\u00e9ments souvent n\u00e9glig\u00e9s mais qui peuvent faire toute la diff\u00e9rence.<\/p>\n\n\n\n<p>Les syst\u00e8mes audio-visuels, par exemple, constituent le c\u0153ur de toute r\u00e9union efficace. Des microphones performants, des haut-parleurs adapt\u00e9s et des \u00e9crans partag\u00e9s sont indispensables pour garantir que chaque participant, qu&rsquo;il soit pr\u00e9sent physiquement ou \u00e0 distance, puisse bien interagir. Les accessoires de connexion comme les r\u00e9partiteurs HDMI et les interfaces USB-C sont tout aussi importants car ils assurent une int\u00e9gration fluide des appareils personnels dans la salle de r\u00e9union.<\/p>\n\n\n\n<p>Les tableaux blancs interactifs, par contraste, s&rsquo;av\u00e8rent particuli\u00e8rement utiles pour stimuler la collaboration en entreprise. Ils offrent un espace o\u00f9 les id\u00e9es peuvent \u00eatre partag\u00e9es et d\u00e9velopp\u00e9es visuellement. En mettant l&rsquo;accent sur des accessoires r\u00e9ellement adapt\u00e9s \u00e0 divers types de dispositifs, les \u00e9quipes peuvent transformer une simple r\u00e9union en une v\u00e9ritable session cr\u00e9ative.<\/p>\n\n\n\n<figure class=\"wp-block-image aligncenter size-full\"><img loading=\"lazy\" decoding=\"async\" width=\"450\" height=\"253\" src=\"https:\/\/speechi.com\/wp-content\/uploads\/2025\/04\/note-logiciel-tableau-blanc-ecran-numerique-interactif-insertion-tableau-1.jpg\" alt=\"\" class=\"wp-image-44196910\" srcset=\"https:\/\/speechi.com\/wp-content\/uploads\/2025\/04\/note-logiciel-tableau-blanc-ecran-numerique-interactif-insertion-tableau-1.jpg 450w, https:\/\/speechi.com\/wp-content\/uploads\/2025\/04\/note-logiciel-tableau-blanc-ecran-numerique-interactif-insertion-tableau-1-300x169.jpg 300w\" sizes=\"(max-width: 450px) 100vw, 450px\" \/><\/figure>\n\n\n\n<h2 class=\"wp-block-heading\">L\u2019importance de la compatibilit\u00e9 des appareils<\/h2>\n\n\n\n<p>Un d\u00e9fi majeur dans les environnements BYOM et BYOD est de garantir la compatibilit\u00e9 avec la multitude d&rsquo;appareils que les collaborateurs peuvent apporter. En cons\u00e9quence, le choix des accessoires doit se porter sur ceux qui fonctionnent avec une grande vari\u00e9t\u00e9 de syst\u00e8mes d&rsquo;exploitation. Cette diversit\u00e9 \u00e9vitera les pertes de temps et maintient l&rsquo;attention sur le contenu des discussions.<\/p>\n\n\n\n<p>Utiliser des adaptateurs universels et des \u00e9quipements modulaires contribuera \u00e0 simplifier ce processus. Bien souvent, les utilisateurs n&rsquo;ont pas besoin de nouvelles configurations compliqu\u00e9es pour se connecter; de simples solutions peuvent fonctionner efficacement. Il en r\u00e9sulte une fluidit\u00e9 qui permet \u00e0 toutes les parties prenantes de se concentrer sur ce qui est vraiment important.<\/p>\n\n\n\n<p>Le bon syst\u00e8me BYOM ou BYOD privil\u00e9gie une structure ouverte, capable de s&rsquo;adapter aux nouvelles technologies num\u00e9riques. En investissant dans des accessoires \u00e0 la pointe, qui supportent les normes de connexion les plus r\u00e9centes, les entreprises peuvent s&rsquo;assurer d&rsquo;une exp\u00e9rience de r\u00e9union fluide pour tous les participants. Chaque instant compte, et optimiser les investissements dans les accessoires constitue une strat\u00e9gie \u00e0 long terme.<\/p>\n\n\n\n<p>D\u00e9couvrez notre <a href=\"https:\/\/speechi.com\/fr\/tutoriel-connecter-pc-ecran-interactif-speechi-3-methodes\/\">tutoriel pour connecter un PC \u00e0 l\u2019\u00e9cran interactif, en trois m\u00e9thodes<\/a>.<\/p>\n\n\n\n<figure class=\"wp-block-image aligncenter size-large\"><img loading=\"lazy\" decoding=\"async\" width=\"1024\" height=\"465\" src=\"https:\/\/speechi.com\/wp-content\/uploads\/2025\/04\/etape-13-byom-pro-brancher-transmetteur-au-pc-1024x465.png\" alt=\"\" class=\"wp-image-44197181\" srcset=\"https:\/\/speechi.com\/wp-content\/uploads\/2025\/04\/etape-13-byom-pro-brancher-transmetteur-au-pc-980x445.png 980w, https:\/\/speechi.com\/wp-content\/uploads\/2025\/04\/etape-13-byom-pro-brancher-transmetteur-au-pc-480x218.png 480w\" sizes=\"(min-width: 0px) and (max-width: 480px) 480px, (min-width: 481px) and (max-width: 980px) 980px, (min-width: 981px) 1024px, 100vw\" \/><\/figure>\n\n\n\n<h2 class=\"wp-block-heading\">Une solution sur mesure pour les professionnels, avec Speechi<\/h2>\n\n\n\n<p>Speechi se d\u00e9marque en proposant des accessoires parfaitement adapt\u00e9s aux mod\u00e8les de r\u00e9union BYOM et BYOD. Nous commercialisons une large gamme de solutions qui renforceront l&rsquo;exp\u00e9rience utilisateur tout en r\u00e9pondant aux sp\u00e9cificit\u00e9s des \u00e9quipes. Qu&rsquo;il s&rsquo;agisse d&rsquo;\u00e9quiper des salles traditionnelles ou des espaces de coworking, notre approche se concentre sur les besoins sp\u00e9cifiques de chaque groupe.<\/p>\n\n\n\n<p>Les \u00e9quipements commercialis\u00e9s par Speechi garantissent une ergonomie et une facilit\u00e9 d&rsquo;utilisation maximales. Chaque collaborateur, qu&rsquo;il soit technophile ou non, peut se sentir ma\u00eetre de ses outils, ce qui favorisera des \u00e9changes plus dynamiques. Cela renforcera la productivit\u00e9, et les participants se plongent plus facilement dans les sujets abord\u00e9s.<\/p>\n\n\n\n<figure class=\"wp-block-image aligncenter size-large is-resized\"><img loading=\"lazy\" decoding=\"async\" width=\"1024\" height=\"768\" src=\"https:\/\/speechi.com\/wp-content\/uploads\/2017\/01\/micro-ss-fil-cravate-1024x768.png\" alt=\"Micro cravate Speechi\" class=\"wp-image-44202025\" style=\"width:431px;height:auto\" srcset=\"https:\/\/speechi.com\/wp-content\/uploads\/2017\/01\/micro-ss-fil-cravate-980x735.png 980w, https:\/\/speechi.com\/wp-content\/uploads\/2017\/01\/micro-ss-fil-cravate-480x360.png 480w\" sizes=\"(min-width: 0px) and (max-width: 480px) 480px, (min-width: 481px) and (max-width: 980px) 980px, (min-width: 981px) 1024px, 100vw\" \/><\/figure>\n\n\n\n<p>Enfin, Speechi prend en compte les enjeux sensibles de s\u00e9curit\u00e9. Les param\u00e8tres \u00e9tablis permettront de pr\u00e9server la confidentialit\u00e9 des donn\u00e9es, m\u00eame lorsque des appareils personnels sont connect\u00e9s. Choisir les bons accessoires byom et byod pour salle de r\u00e9union avec Speechi est d\u00e9terminant pour optimiser l&rsquo;efficacit\u00e9 des \u00e9changes. Transformez chaque r\u00e9union et am\u00e9liorez sensiblement le fonctionnement quotidien de votre entreprise.<\/p>\n","protected":false},"excerpt":{"rendered":"<p>Vous souhaitez favoriser les r\u00e9unions de vos collaborateurs, en leur proposant un mat\u00e9riel adapt\u00e9 ? Speechi a pens\u00e9 \u00e0 vous avec des \u00e9quipements pour \u00eatre en mode BYOM (Bring Your Own Meeting) ou BYOD (Bring Your Own Device). D\u00e9couvrez des informations et plusieurs conseils, en particulier avec notre guide d\u2019installation du BYOM Pro Speechi. Commandez [&hellip;]<\/p>\n","protected":false},"author":10,"featured_media":44197220,"comment_status":"open","ping_status":"closed","sticky":false,"template":"","format":"standard","meta":{"_acf_changed":false,"_seopress_robots_primary_cat":"none","_seopress_titles_title":"Accessoires byom byod salle de r\u00e9union - Outils Speechi","_seopress_titles_desc":"D\u00e9couvrez les Conseils Speechi pour vous \u00e9quiper avec des accessoires BYOM BYOD pour salle de r\u00e9union. Retrouvez notre Offre","_seopress_robots_index":"","_et_pb_use_builder":"off","_et_pb_old_content":"","_et_gb_content_width":"","footnotes":""},"categories":[130],"tags":[],"class_list":["post-44213524","post","type-post","status-publish","format-standard","has-post-thumbnail","hentry","category-byom-byod"],"acf":[],"_links":{"self":[{"href":"https:\/\/speechi.com\/fr\/wp-json\/wp\/v2\/posts\/44213524","targetHints":{"allow":["GET"]}}],"collection":[{"href":"https:\/\/speechi.com\/fr\/wp-json\/wp\/v2\/posts"}],"about":[{"href":"https:\/\/speechi.com\/fr\/wp-json\/wp\/v2\/types\/post"}],"author":[{"embeddable":true,"href":"https:\/\/speechi.com\/fr\/wp-json\/wp\/v2\/users\/10"}],"replies":[{"embeddable":true,"href":"https:\/\/speechi.com\/fr\/wp-json\/wp\/v2\/comments?post=44213524"}],"version-history":[{"count":6,"href":"https:\/\/speechi.com\/fr\/wp-json\/wp\/v2\/posts\/44213524\/revisions"}],"predecessor-version":[{"id":44214250,"href":"https:\/\/speechi.com\/fr\/wp-json\/wp\/v2\/posts\/44213524\/revisions\/44214250"}],"wp:featuredmedia":[{"embeddable":true,"href":"https:\/\/speechi.com\/fr\/wp-json\/wp\/v2\/media\/44197220"}],"wp:attachment":[{"href":"https:\/\/speechi.com\/fr\/wp-json\/wp\/v2\/media?parent=44213524"}],"wp:term":[{"taxonomy":"category","embeddable":true,"href":"https:\/\/speechi.com\/fr\/wp-json\/wp\/v2\/categories?post=44213524"},{"taxonomy":"post_tag","embeddable":true,"href":"https:\/\/speechi.com\/fr\/wp-json\/wp\/v2\/tags?post=44213524"}],"curies":[{"name":"wp","href":"https:\/\/api.w.org\/{rel}","templated":true}]}}