{"id":44226610,"date":"2026-09-01T08:51:00","date_gmt":"2026-09-01T06:51:00","guid":{"rendered":"https:\/\/speechi.com\/?p=44226610"},"modified":"2026-08-31T18:16:24","modified_gmt":"2026-08-31T16:16:24","slug":"quel-stylet-actif-utiliser-ecran-interactif-tactile","status":"publish","type":"post","link":"https:\/\/speechi.com\/fr\/quel-stylet-actif-utiliser-ecran-interactif-tactile\/","title":{"rendered":"Quel stylet actif utiliser pour un \u00e9cran interactif tactile ?"},"content":{"rendered":"\n<p>Quel <a href=\"https:\/\/speechi.com\/fr\/prix-ecran-numerique-interactif-pied-salle-reunion-classe\/\">prix pour un \u00e9cran num\u00e9rique interactif sur pied pour salle de r\u00e9union ou de classe<\/a> ? Quels sont des <a href=\"https:\/\/speechi.com\/fr\/exemple-prix-visualiseur-classe-sans-fil-pas-cher\/\">exemples de prix pour un visualiseur pour classe sans fil<\/a> ? Comment bien choisir un <a href=\"https:\/\/speechi.com\/fr\/tableau-blanc-interactif-mobile-ecole-universite-entreprise\/\">tableau blanc interactif mobile pour \u00e9cole, universit\u00e9 &amp; entreprise<\/a> ? Speechi s&rsquo;attache \u00e0 bien renseigner les entreprises et les \u00e9tablissements scolaires, en fournissant de nombreux conseils sur ce blog. <\/p>\n\n\n\n<p>Dans cette optique, l\u2019accessoire d\u2019\u00e9criture m\u00e9rite un examen attentif\u00a0: un stylet mal adapt\u00e9 engendre des latences perceptibles, bride les fonctionnalit\u00e9s avanc\u00e9es et d\u00e9t\u00e9riore la pr\u00e9cision du geste. Trouver le mod\u00e8le id\u00e9al exige donc d\u2019analyser conjointement la technologie de la dalle tactile et la nature exacte des activit\u00e9s men\u00e9es.<\/p>\n\n\n\n<p><strong>Le choix judicieux d\u2019un stylet actif conditionne directement l\u2019adoption de votre \u00e9cran interactif tactile par les utilisateurs au quotidien.<\/strong><\/p>\n\n\n\n<h2 class=\"wp-block-heading\">Stylet actif et technologies tactiles&nbsp;: les distinctions cl\u00e9s selon Speechi<\/h2>\n\n\n\n<p>\u00c0 la diff\u00e9rence d\u2019un embout passif qui reproduit sommairement le contact du doigt, le stylet actif embarque des composants \u00e9lectroniques d\u00e9di\u00e9s \u00e0 la communication avec la surface interactive. Cette conception active apporte une grande pr\u00e9cision, indispensable pour annoter minutieusement des documents, tracer des sch\u00e9mas complexes ou naviguer avec dext\u00e9rit\u00e9 dans des interfaces denses. Dans le cadre scolaire, l\u2019enseignant affine ses explications en manipulant des \u00e9l\u00e9ments visuels sans ressentir de r\u00e9sistance m\u00e9canique.<\/p>\n\n\n\n<figure class=\"wp-block-image size-full\"><a href=\"https:\/\/shop.speechi.com\/products\/lot-de-2-stylets-speechitouch-k-007\"><img loading=\"lazy\" decoding=\"async\" width=\"829\" height=\"535\" src=\"https:\/\/speechi.com\/wp-content\/uploads\/2026\/09\/quel-stylet-actif-utiliser-ecran-interactif-tactile.png\" alt=\"Quel stylet actif utiliser pour un \u00e9cran interactif tactile ?\" class=\"wp-image-44226660\" srcset=\"https:\/\/speechi.com\/wp-content\/uploads\/2026\/09\/quel-stylet-actif-utiliser-ecran-interactif-tactile.png 829w, https:\/\/speechi.com\/wp-content\/uploads\/2026\/09\/quel-stylet-actif-utiliser-ecran-interactif-tactile-480x310.png 480w\" sizes=\"(min-width: 0px) and (max-width: 480px) 480px, (min-width: 481px) 829px, 100vw\" \/><\/a><\/figure>\n\n\n\n<p>Le stylet passif standard se borne \u00e0 fermer un circuit capacitif ou \u00e0 couper un faisceau infrarouge sans traitement de signal particulier. S\u2019il convient aux actions basiques de s\u00e9lection, il s\u2019av\u00e8re vite insuffisant face aux exigences d\u2019\u00e9criture d\u2019un stylet actif appair\u00e9. Afin de s\u00e9lectionner l\u2019accessoire id\u00e9al pour votre \u00e9cran interactif tactile, plusieurs param\u00e8tres techniques m\u00e9ritent d\u2019\u00eatre pass\u00e9s au crible&nbsp;:<\/p>\n\n\n\n<ul class=\"wp-block-list\">\n<li>Le protocole de communication pris en charge par la dalle de l\u2019\u00e9cran interactif (EMR, MPP, AES ou infrarouge actif).<\/li>\n\n\n\n<li>La finesse, la texture et la r\u00e9sistance de la pointe d\u2019\u00e9criture.<\/li>\n\n\n\n<li>Le taux de rafra\u00eechissement r\u00e9duisant la latence et l\u2019effet de parallaxe.<\/li>\n\n\n\n<li>La gestion des niveaux de pression pour moduler l\u2019\u00e9paisseur des traits et des d\u00e9li\u00e9s.<\/li>\n\n\n\n<li>La reconnaissance de l\u2019angle d\u2019inclinaison pour les usages graphiques pouss\u00e9s.<\/li>\n\n\n\n<li>L\u2019int\u00e9gration de boutons lat\u00e9raux param\u00e9trables (gomme dynamique, clic contextuel, surlignage).<\/li>\n<\/ul>\n\n\n\n<p>L\u2019interop\u00e9rabilit\u00e9 ne va pas de soi&nbsp;: un mod\u00e8le annonc\u00e9 comme universel peut fonctionner pour le pointage tout en ignorant le rejet de la paume ou les variations d\u2019intensit\u00e9. Speechi pr\u00e9conise de v\u00e9rifier scrupuleusement la documentation technique de l\u2019\u00e9cran interactif ainsi que la compatibilit\u00e9 de la suite logicielle exploit\u00e9e en r\u00e9gie.<\/p>\n\n\n\n<figure class=\"wp-block-embed is-type-video is-provider-youtube wp-block-embed-youtube wp-embed-aspect-16-9 wp-has-aspect-ratio\"><div class=\"wp-block-embed__wrapper\">\n<iframe loading=\"lazy\" title=\"Comment fonctionne le stylet Actif pour \u00e9cran interactif ?\" width=\"1080\" height=\"608\" src=\"https:\/\/www.youtube.com\/embed\/Xdo45MruPXs?feature=oembed\"  allow=\"accelerometer; autoplay; clipboard-write; encrypted-media; gyroscope; picture-in-picture; web-share\" referrerpolicy=\"strict-origin-when-cross-origin\" allowfullscreen><\/iframe>\n<\/div><\/figure>\n\n\n\n<h2 class=\"wp-block-heading\">Quel stylet actif utiliser pour un \u00e9cran interactif tactile ?<\/h2>\n\n\n\n<p>En contexte scolaire, la simplicit\u00e9 d\u2019usage prime sur la sophistication technique. L\u2019accessoire doit offrir une prise en main imm\u00e9diate pour que ma\u00eetres et \u00e9l\u00e8ves entrent directement dans l\u2019activit\u00e9 p\u00e9dagogique sans configuration fastidieuse. Une \u00e9criture fluide et une restitution nette des caract\u00e8res sur l\u2019\u00e9cran interactif tactile favorisent l\u2019attention collective et facilitent le travail collaboratif au tableau.<\/p>\n\n\n\n<p>Dans le secteur de la formation, la r\u00e9activit\u00e9 du mat\u00e9riel dynamise les \u00e9changes. Un intervenant qui annote une pr\u00e9sentation sans aucun retard d\u2019affichage maintient l\u2019engagement de son auditoire. Speechi sugg\u00e8re d\u2019\u00e9prouver la continuit\u00e9 du trac\u00e9 sur plusieurs sessions de travail continu afin de s\u2019assurer de sa stabilit\u00e9 logicielle et mat\u00e9rielle.<\/p>\n\n\n\n<p>L\u2019optimisation des t\u00e2ches en r\u00e9union passe \u00e9galement par les commandes raccourcies int\u00e9gr\u00e9es au corps du stylet. Attribuer l\u2019effacement ou le changement d\u2019outil \u00e0 un bouton physique \u00e9vite les allers-retours permanents vers la barre d\u2019outils. Ces gains de temps profitent directement \u00e0 la tenue des ateliers de travail et des revues de projet interactives.<\/p>\n\n\n\n<p>La g\u00e9om\u00e9trie de l\u2019outil d\u00e9termine le confort sur la dur\u00e9e. Un corps trop lourd ou un \u00e9quilibrage d\u00e9favorable fatigue l\u2019avant-bras lors d\u2019une utilisation prolong\u00e9e en station debout face \u00e0 l\u2019\u00e9cran. \u00c0 l\u2019inverse, un rev\u00eatement adh\u00e9rent et un poids mod\u00e9r\u00e9 garantissent une prise en main stable propice \u00e0 des gestes naturels.<\/p>\n\n\n\n<p>Les disciplines artistiques et techniques imposent des sp\u00e9cifications plus pointues. La gradation de la pression reproduit le comportement authentique d\u2019un outil graphique, tandis que la d\u00e9tection de l\u2019angle ajuste l\u2019orientation d\u2019un pinceau virtuel. Acqu\u00e9rir ces options reste pertinent uniquement si votre logiciel m\u00e9tier sait interpr\u00e9ter ces signaux.<\/p>\n\n\n\n<figure class=\"wp-block-table\"><table class=\"has-fixed-layout\"><thead><tr><th>Usage<\/th><th>Fonctions \u00e0 privil\u00e9gier<\/th><\/tr><\/thead><tbody><tr><td>Annotation et p\u00e9dagogie<\/td><td>Pointe fine, latence r\u00e9duite, fiabilit\u00e9 du trac\u00e9<\/td><\/tr><tr><td>R\u00e9unions et pr\u00e9sentations<\/td><td>Ergonomie \u00e9quilibr\u00e9e, raccourcis physiques, autonomie<\/td><\/tr><tr><td>Arts appliqu\u00e9s et conception<\/td><td>Sensibilit\u00e9 \u00e0 la pression, inclinaison, d\u00e9tection fine<\/td><\/tr><tr><td>Espaces partag\u00e9s<\/td><td>Structure robuste, entretien facile, pointes amovibles<\/td><\/tr><\/tbody><\/table><\/figure>\n\n\n\n<h2 class=\"wp-block-heading\">V\u00e9rifications techniques&nbsp;: compatibilit\u00e9, autonomie et pr\u00e9servation de l\u2019\u00e9cran<\/h2>\n\n\n\n<p>Avant de valider une commande, identifiez la r\u00e9f\u00e9rence technique et le protocole tactile de votre \u00e9cran interactif. Cette d\u00e9marche \u00e9vite de cantonner un stylet perfectionn\u00e9 \u00e0 de la simple \u00e9mulation de curseur. Speechi vous aide \u00e0 confirmer la compatibilit\u00e9 native avec vos syst\u00e8mes d\u2019exploitation et applications quotidiennes.<\/p>\n\n\n\n<p>La gestion \u00e9nerg\u00e9tique constitue un autre point d\u2019attention. Pour des salles mutualis\u00e9es tr\u00e8s fr\u00e9quent\u00e9es, des batteries \u00e0 recharge rapide ou des supports magn\u00e9tiques d\u00e9di\u00e9s limitent les interruptions de service. Si vous optez pour des mod\u00e8les \u00e0 pile, veillez \u00e0 la facilit\u00e9 de remplacement et au suivi du niveau de charge.<\/p>\n\n\n\n<p>La durabilit\u00e9 de l\u2019\u00e9quipement d\u00e9pend de la solidit\u00e9 de la pointe et de la disponibilit\u00e9 des pi\u00e8ces d\u00e9tach\u00e9es. Une mine d\u00e9t\u00e9rior\u00e9e ou durcie avec le temps d\u00e9grade la pr\u00e9cision et pr\u00e9sente le risque d\u2019endommager la surface en verre de l\u2019\u00e9cran interactif tactile.<\/p>\n\n\n\n<figure class=\"wp-block-image aligncenter size-full\"><a href=\"https:\/\/speechi.com\/fr\/ecran-interactif-a-stylet\/\"><img loading=\"lazy\" decoding=\"async\" width=\"331\" height=\"329\" src=\"https:\/\/speechi.com\/wp-content\/uploads\/2026\/03\/gomme-stylet-tableau-note-1.webp\" alt=\"\" class=\"wp-image-44218065\" srcset=\"https:\/\/speechi.com\/wp-content\/uploads\/2026\/03\/gomme-stylet-tableau-note-1.webp 331w, https:\/\/speechi.com\/wp-content\/uploads\/2026\/03\/gomme-stylet-tableau-note-1-300x298.webp 300w, https:\/\/speechi.com\/wp-content\/uploads\/2026\/03\/gomme-stylet-tableau-note-1-150x150.webp 150w, https:\/\/speechi.com\/wp-content\/uploads\/2026\/03\/gomme-stylet-tableau-note-1-120x120.webp 120w\" sizes=\"(max-width: 331px) 100vw, 331px\" \/><\/a><\/figure>\n\n\n\n<h2 class=\"wp-block-heading\">Les recommandations Speechi pour r\u00e9ussir votre \u00e9quipement tactile<\/h2>\n\n\n\n<p>Pour s\u00e9lectionner sans erreur le stylet actif adapt\u00e9 \u00e0 votre \u00e9cran interactif tactile, proc\u00e9dez avec m\u00e9thode&nbsp;: partez des caract\u00e9ristiques du mat\u00e9riel d\u00e9j\u00e0 install\u00e9, d\u00e9finissez le niveau de finesse requis par vos activit\u00e9s et confirmez la prise en charge des raccourcis par votre environnement logiciel.<\/p>\n\n\n\n<p><strong>Un essai direct en conditions r\u00e9elles demeure la m\u00e9thode infaillible pour \u00e9valuer l\u2019acuit\u00e9 du trac\u00e9 et la r\u00e9activit\u00e9 du mat\u00e9riel.<\/strong> Prenez le temps de tester la neutralisation de l\u2019appui palmaire, la sensibilit\u00e9 des boutons et l\u2019alignement visuel entre la pointe et l\u2019affichage.<\/p>\n\n\n\n<p>Speechi d\u00e9ploie des solutions interactives con\u00e7ues pour durer et faciliter le partage d\u2019informations. <strong>Pour un enseignant comme pour un collaborateur, le meilleur stylet n\u2019est pas celui qui multiplie les fonctions superflues, mais celui qui s\u2019int\u00e8gre avec fluidit\u00e9 dans les pratiques quotidiennes.<\/strong><\/p>\n","protected":false},"excerpt":{"rendered":"<p>Quel prix pour un \u00e9cran num\u00e9rique interactif sur pied pour salle de r\u00e9union ou de classe ? Quels sont des exemples de prix pour un visualiseur pour classe sans fil ? Comment bien choisir un tableau blanc interactif mobile pour \u00e9cole, universit\u00e9 &amp; entreprise ? Speechi s&rsquo;attache \u00e0 bien renseigner les entreprises et les \u00e9tablissements [&hellip;]<\/p>\n","protected":false},"author":10,"featured_media":44226660,"comment_status":"closed","ping_status":"closed","sticky":false,"template":"","format":"standard","meta":{"_acf_changed":false,"_seopress_robots_primary_cat":"none","_seopress_titles_title":"Quel stylet actif utiliser pour un \u00e9cran interactif tactile ?","_seopress_titles_desc":"Quel est le meilleur stylet \u00e0 utiliser pour un \u00e9cran interactif et tactile ? D\u00e9couvrez la r\u00e9ponse sur le blog Speechi. Large Choix D'\u00e9crans","_seopress_robots_index":"","_et_pb_use_builder":"off","_et_pb_old_content":"","_et_gb_content_width":"","footnotes":""},"categories":[127,1],"tags":[],"class_list":["post-44226610","post","type-post","status-publish","format-standard","has-post-thumbnail","hentry","category-accessoires","category-non-classifiee"],"acf":[],"_links":{"self":[{"href":"https:\/\/speechi.com\/fr\/wp-json\/wp\/v2\/posts\/44226610","targetHints":{"allow":["GET"]}}],"collection":[{"href":"https:\/\/speechi.com\/fr\/wp-json\/wp\/v2\/posts"}],"about":[{"href":"https:\/\/speechi.com\/fr\/wp-json\/wp\/v2\/types\/post"}],"author":[{"embeddable":true,"href":"https:\/\/speechi.com\/fr\/wp-json\/wp\/v2\/users\/10"}],"replies":[{"embeddable":true,"href":"https:\/\/speechi.com\/fr\/wp-json\/wp\/v2\/comments?post=44226610"}],"version-history":[{"count":9,"href":"https:\/\/speechi.com\/fr\/wp-json\/wp\/v2\/posts\/44226610\/revisions"}],"predecessor-version":[{"id":44226714,"href":"https:\/\/speechi.com\/fr\/wp-json\/wp\/v2\/posts\/44226610\/revisions\/44226714"}],"wp:featuredmedia":[{"embeddable":true,"href":"https:\/\/speechi.com\/fr\/wp-json\/wp\/v2\/media\/44226660"}],"wp:attachment":[{"href":"https:\/\/speechi.com\/fr\/wp-json\/wp\/v2\/media?parent=44226610"}],"wp:term":[{"taxonomy":"category","embeddable":true,"href":"https:\/\/speechi.com\/fr\/wp-json\/wp\/v2\/categories?post=44226610"},{"taxonomy":"post_tag","embeddable":true,"href":"https:\/\/speechi.com\/fr\/wp-json\/wp\/v2\/tags?post=44226610"}],"curies":[{"name":"wp","href":"https:\/\/api.w.org\/{rel}","templated":true}]}}